{"id":34088,"date":"2026-04-06T18:05:04","date_gmt":"2026-04-06T21:05:04","guid":{"rendered":"https:\/\/menesianosoy.org\/?p=34088"},"modified":"2026-04-09T17:28:24","modified_gmt":"2026-04-09T20:28:24","slug":"sabado-de-la-octava-de-pascua-4","status":"publish","type":"post","link":"https:\/\/menesianosoy.org\/index.php\/2026\/04\/06\/sabado-de-la-octava-de-pascua-4\/","title":{"rendered":"S\u00e1bado de la octava de Pascua"},"content":{"rendered":"\n<h5 class=\"wp-block-heading has-text-align-left has-text-color has-link-color wp-elements-16d90e14c4c0e45bc677ff4cf59fa818\" style=\"color:#3d1a5d\"><br><strong>Liturgia de las horas: Rezamos con el tema PAZ (p\u00e1gina 4)<\/strong><\/h5>\n\n\n\n<h4 class=\"wp-block-heading has-text-align-left has-vivid-red-color has-text-color has-link-color wp-elements-7deb30c5a46c2fe0af76f92c82f8d39a\"><br><strong>Intenciones<\/strong><\/h4>\n\n\n\n<ul class=\"wp-block-list\">\n<li>El Superior General y su Consejo.<\/li>\n\n\n\n<li>Por los miembros de LAM y sus proyectos y actividades como Asociaci\u00f3n.<\/li>\n\n\n\n<li>Por las ONG, que con sus aportes hacen posible que muchas de nuestras obras puedan cumplir con su misi\u00f3n.<\/li>\n\n\n\n<li>Por los enfermos y discapacitados de nuestras comunidades.<\/li>\n\n\n\n<li>Por los menesianos, las obras y las nuevas vocaciones de la Provincia Nuestra Se\u00f1ora del Pilar de Espa\u00f1a.<\/li>\n\n\n\n<li>Por la familia menesiana que vive la misi\u00f3n en El Alto y la de Portugalete.<\/li>\n\n\n\n<li>Por la paz en el mundo.<\/li>\n<\/ul>\n\n\n\n<h4 class=\"wp-block-heading has-text-align-left has-vivid-red-color has-text-color has-link-color wp-elements-274e3f0494a73cb40f491790c07b1258\"><br><strong>Regla de Vida n\u00ba 49.1<\/strong><\/h4>\n\n\n\n<p class=\"has-text-align-left\"><em>Comunidad de bienes y estilo de vida modesto:<\/em><br>La puesta en com\u00fan de los bienes no debe conducir a la abundancia: el esp\u00edritu de pobreza exige un nivel de vida sencillo. <br>La comunidad adopta el estilo de vida de las personas de condici\u00f3n modesta para la alimentaci\u00f3n y el vestido, para la vivienda y los viajes, excluyendo el lujo y lo superfluo: \u00abEconom\u00eda, sencillez en todo, \u00e9sta debe ser vuestra divisa, porque es vuestra Regla\u00bb.<\/p>\n\n\n\n<h4 class=\"wp-block-heading has-text-align-left has-vivid-red-color has-text-color has-link-color wp-elements-9b3dbd561ee5075c9d302ec0f0e32c6a\"><br><strong>Al hermano Andr\u00e9 Labousse, 24 de mayo de 1824<\/strong><\/h4>\n\n\n\n<p class=\"has-text-align-left\">No entristezcan al Esp\u00edritu Santo con infidelidades que le impidan colmarlos de sus dones y gracias. Sean una verdadera persona religiosa y entonces saborear\u00e1n los consuelos, la paz y todas las celestiales.<\/p>\n\n\n\n<h4 class=\"wp-block-heading has-text-align-left has-vivid-red-color has-text-color has-link-color wp-elements-1cd4b724fdd0ffc35884cb45183847cc\"><br><strong>Difuntos<\/strong><\/h4>\n\n\n\n<p class=\"has-text-align-left\">1946: C\u00e9lestin Lacrampe (Octavien): Naci\u00f3 en Agos-Vidalos (Francia) en 1878. Muri\u00f3 en Ciboure (Francia).<br>1976: Eug\u00e8ne Sala\u00fcn (Amans-Alexis)<br>1977: Jean-Louis Breton (Aim\u00e9)<br>1999: Joseph Leblanc (Isidore)<br><img decoding=\"async\" class=\"wp-image-34133\" style=\"width: 150px;\" src=\"https:\/\/menesianosoy.org\/wp-content\/uploads\/2026\/04\/Daniel-Caron.jpg\" alt=\"\"><br><strong>Daniel Caron<\/strong>, de la comunidad de Alfred, USA, \u00faltimo hermano fallecido.<\/p>\n\n\n\n<hr class=\"wp-block-separator has-alpha-channel-opacity\"\/>\n","protected":false},"excerpt":{"rendered":"<p>Liturgia de las horas: Rezamos con el tema PAZ (p\u00e1gina 4) Intenciones Regla de Vida n\u00ba 49.1 Comunidad de bienes y estilo de vida modesto:La puesta en com\u00fan de los bienes no debe conducir a la abundancia: el esp\u00edritu de pobreza exige un nivel de vida sencillo. La comunidad adopta el estilo de vida de &hellip; <a href=\"https:\/\/menesianosoy.org\/index.php\/2026\/04\/06\/sabado-de-la-octava-de-pascua-4\/\" class=\"more-link\">Continue reading<span class=\"screen-reader-text\"> \u00abS\u00e1bado de la octava de Pascua\u00bb<\/span><\/a><\/p>\n","protected":false},"author":3,"featured_media":0,"comment_status":"closed","ping_status":"closed","sticky":false,"template":"","format":"standard","meta":{"_acf_changed":false,"footnotes":""},"categories":[3],"tags":[],"class_list":["post-34088","post","type-post","status-publish","format-standard","hentry","category-calendario"],"acf":[],"_links":{"self":[{"href":"https:\/\/menesianosoy.org\/index.php\/wp-json\/wp\/v2\/posts\/34088","targetHints":{"allow":["GET"]}}],"collection":[{"href":"https:\/\/menesianosoy.org\/index.php\/wp-json\/wp\/v2\/posts"}],"about":[{"href":"https:\/\/menesianosoy.org\/index.php\/wp-json\/wp\/v2\/types\/post"}],"author":[{"embeddable":true,"href":"https:\/\/menesianosoy.org\/index.php\/wp-json\/wp\/v2\/users\/3"}],"replies":[{"embeddable":true,"href":"https:\/\/menesianosoy.org\/index.php\/wp-json\/wp\/v2\/comments?post=34088"}],"version-history":[{"count":6,"href":"https:\/\/menesianosoy.org\/index.php\/wp-json\/wp\/v2\/posts\/34088\/revisions"}],"predecessor-version":[{"id":34134,"href":"https:\/\/menesianosoy.org\/index.php\/wp-json\/wp\/v2\/posts\/34088\/revisions\/34134"}],"wp:attachment":[{"href":"https:\/\/menesianosoy.org\/index.php\/wp-json\/wp\/v2\/media?parent=34088"}],"wp:term":[{"taxonomy":"category","embeddable":true,"href":"https:\/\/menesianosoy.org\/index.php\/wp-json\/wp\/v2\/categories?post=34088"},{"taxonomy":"post_tag","embeddable":true,"href":"https:\/\/menesianosoy.org\/index.php\/wp-json\/wp\/v2\/tags?post=34088"}],"curies":[{"name":"wp","href":"https:\/\/api.w.org\/{rel}","templated":true}]}}