{"id":34675,"date":"2026-04-26T09:10:52","date_gmt":"2026-04-26T12:10:52","guid":{"rendered":"https:\/\/menesianosoy.org\/?p=34675"},"modified":"2026-04-26T17:42:17","modified_gmt":"2026-04-26T20:42:17","slug":"san-pedro-chanel-san-luis-maria-grignion-de-montfort","status":"publish","type":"post","link":"https:\/\/menesianosoy.org\/index.php\/2026\/04\/26\/san-pedro-chanel-san-luis-maria-grignion-de-montfort\/","title":{"rendered":"San Pedro Chanel, San Luis Mar\u00eda Grignion de Montfort"},"content":{"rendered":"\n<figure class=\"wp-block-image size-full\"><img loading=\"lazy\" decoding=\"async\" width=\"800\" height=\"432\" src=\"https:\/\/menesianosoy.org\/wp-content\/uploads\/2026\/04\/Cadena-Info-2.jpg.jpeg\" alt=\"\" class=\"wp-image-34838\" srcset=\"https:\/\/menesianosoy.org\/wp-content\/uploads\/2026\/04\/Cadena-Info-2.jpg.jpeg 800w, https:\/\/menesianosoy.org\/wp-content\/uploads\/2026\/04\/Cadena-Info-2.jpg-300x162.jpeg 300w, https:\/\/menesianosoy.org\/wp-content\/uploads\/2026\/04\/Cadena-Info-2.jpg-768x415.jpeg 768w\" sizes=\"auto, (max-width: 709px) 85vw, (max-width: 909px) 67vw, (max-width: 984px) 61vw, (max-width: 1362px) 45vw, 600px\" \/><\/figure>\n\n\n\n<h5 class=\"wp-block-heading has-text-align-left has-text-color has-link-color wp-elements-595ec2610c4d78f432befb8749a40555\" style=\"color:#621414\"><br><strong>Hechos 11, 19-26<br>Salmo 86 (87), 1-7<\/strong><\/h5>\n\n\n\n<h4 class=\"wp-block-heading has-text-align-left has-vivid-red-color has-text-color has-link-color wp-elements-66675641e2f3c502395171f3d6d655b9\"><br><strong>Evangelio: Juan 10, 22-30<\/strong><\/h4>\n\n\n\n<p class=\"has-text-align-left\"><strong><em>Se celebraba entonces en Jerusal\u00e9n la fiesta de la Dedicaci\u00f3n. Era invierno y Jes\u00fas se paseaba por el Templo, en el P\u00f3rtico de Salom\u00f3n. Los jud\u00edos lo rodearon y le preguntaron: \u00bfHasta cu\u00e1ndo nos tendr\u00e1s en suspenso? Si eres el Mes\u00edas, dilo abiertamente.<br>Jes\u00fas les respondi\u00f3: Ya se lo dije, pero ustedes no lo creen. Las obras que hago en nombre de mi Padre dan testimonio de m\u00ed, pero ustedes no creen, porque no son de mis ovejas. Mis ovejas escuchan mi voz, yo las conozco y ellas me siguen. Yo les doy Vida eterna: ellas no perecer\u00e1n jam\u00e1s y nadie las arrebatar\u00e1 de mis manos.<br>Mi Padre, que me las ha dado, es superior a todos y nadie puede arrebatar nada de las manos de mi Padre. El Padre y yo somos una sola cosa.<\/em><\/strong><\/p>\n\n\n\n<figure class=\"wp-block-image size-full is-resized\"><img loading=\"lazy\" decoding=\"async\" width=\"212\" height=\"237\" src=\"https:\/\/menesianosoy.org\/wp-content\/uploads\/2026\/04\/images.jpg\" alt=\"\" class=\"wp-image-34686\" style=\"width:456px;height:auto\"\/><\/figure>\n\n\n\n<p class=\"has-text-align-left\">Jes\u00fas dice: <em>\u201cmis ovejas escuchan mi voz\u201d.<\/em> En medio de tantas voces que confunden, dispersan o hieren, estamos llamados a ser mediadores de esa voz, para que no se pierda entre tanto murmullo y griter\u00edo. &nbsp;No reemplazamos la voz de Cristo, creamos las condiciones para que los ni\u00f1os y j\u00f3venes puedan escucharla.<br><br>Jes\u00fas dice: <em>\u201cyo las conozco y ellas me siguen\u201d<\/em>. Jes\u00fas no habla a la masa, sino que conoce a cada una. As\u00ed tambi\u00e9n, nosotros menesianos, estamos llamados a mirar a cada alumno como \u00fanico, con su historia, sus heridas y sus posibilidades. Porque conocemos a Jes\u00fas, porque nos sentimos amados por \u00e9l, somos capaces de ayudar a otros a hacer el mismo proceso. No somos voceros que repetimos lo que nos mandan decir, sino testigos del amor actuante de Dios en nuestras vidas.<br><br>Jes\u00fas dice: <em>\u201cyo les doy Vida eterna\u201d.<\/em> La misi\u00f3n no es peque\u00f1a: no educamos solo para este mundo, sino para la plenitud. Esto da una dignidad enorme a la tarea educativa. Cada gesto, cada palabra, cada correcci\u00f3n hecha con amor puede abrir horizontes de eternidad en el coraz\u00f3n de un joven.<br><br>Y finalmente, esta certeza: <em>\u201cnadie las arrebatar\u00e1 de mis manos\u201d.<\/em> El educador menesiano trabaja con esperanza, incluso cuando no ve frutos inmediatos, porque sabe que la obra no es suya, que los ni\u00f1os y j\u00f3venes est\u00e1n en las manos de Dios. Esto libera de la ansiedad por el resultado y fortalece la fidelidad en lo cotidiano.<\/p>\n\n\n\n<h5 class=\"wp-block-heading has-text-align-left has-text-color has-link-color wp-elements-d16e95446731c1e8196019484497e20d\" style=\"color:#4a236f\"><br><strong>M\u00c1XIMA<br>Estamos en las manos de Dios<\/strong><\/h5>\n\n\n\n<h4 class=\"wp-block-heading has-text-align-left has-vivid-red-color has-text-color has-link-color wp-elements-21e72ba6ab8aac75548a19d39767613b\"><br><strong>Palabras de Juan Mar\u00eda de la Mennais<\/strong><\/h4>\n\n\n\n<p class=\"has-text-align-left\"><img loading=\"lazy\" decoding=\"async\" width=\"150\" height=\"165\" class=\"wp-image-21587\" style=\"width: 150px;\" src=\"https:\/\/menesianosoy.org\/wp-content\/uploads\/2025\/03\/JMLM.png\" alt=\"\" srcset=\"https:\/\/menesianosoy.org\/wp-content\/uploads\/2025\/03\/JMLM.png 330w, https:\/\/menesianosoy.org\/wp-content\/uploads\/2025\/03\/JMLM-273x300.png 273w\" sizes=\"auto, (max-width: 150px) 85vw, 150px\" \/><br><em>Ustedes forman ese peque\u00f1o reba\u00f1o que \u00e9l ha bendecido y que el Buen Pastor se complace en conducir a los pastos m\u00e1s abundantes. (A los j\u00f3venes sobre la comuni\u00f3n)<\/em><\/p>\n\n\n\n<h4 class=\"wp-block-heading has-text-align-left has-vivid-red-color has-text-color has-link-color wp-elements-2ab9027059546d185a665924e7fafe24\"><br><strong>Tu voz me llama \u2013 M\u00fasica andina<\/strong><\/h4>\n\n\n\n<figure class=\"wp-block-video\"><video height=\"360\" style=\"aspect-ratio: 640 \/ 360;\" width=\"640\" controls src=\"https:\/\/menesianosoy.org\/wp-content\/uploads\/2025\/10\/Tu-voz-me-llama-MP4.mp4\"><\/video><\/figure>\n\n\n\n<p class=\"has-text-align-left\">T\u00fa entraste por la puerta<br>porque eres el guardi\u00e1n.<br>Las ovejas te conocen<br>cuando oyen tu hablar.<br><br>Tu voz gu\u00eda mis pasos,<br>me conduces a descansar.<br>A pastos verdes me llevas,<br>junto al r\u00edo de tu paz.<br><br>Tu voz me llama, yo te seguir\u00e9.<br>Ya no temer\u00e9 la oscuridad.<br>S\u00e9 que tu mano fuerte<br>me cuidar\u00e1<br>Y nadie de ti me arrancar\u00e1<br>si tu voz me llama.<br>Y yo ir\u00e9,<br>por sendas de tu amor caminar\u00e9.<br><br>T\u00fa das la vida por los tuyos;<br>te entregaste por amor a m\u00ed.<br><br>El asalariado huye<br>cuando el lobo viene a herir.<br>Mas t\u00fa te quedas a mi lado,<br>no me dejas, est\u00e1s aqu\u00ed.<br><br>T\u00fa conoces mis heridas,<br>cada l\u00e1grima, cada dolor.<br>Mas tu vida diste por m\u00ed;<br>me alcanz\u00f3 tu amor.<br><br>Tu voz me llama y yo te seguir\u00e9.<br>Ya no temer\u00e9 la oscuridad.<br>S\u00e9 que tu mano fuerte<br>me cuidar\u00e1<br>Y nadie de ti me arrancar\u00e1<br>si tu voz me llama.<br>Y yo ir\u00e9<br>por sendas de tu amor caminar\u00e9.<br><br>T\u00fa das la vida por los tuyos;<br>te entregaste por amor a m\u00ed.<\/p>\n\n\n\n<p class=\"has-text-align-left has-vivid-purple-background-color has-background\"><\/p>\n\n\n\n<h5 class=\"wp-block-heading has-text-align-left has-small-font-size\"><img loading=\"lazy\" decoding=\"async\" width=\"150\" height=\"90\" class=\"wp-image-34683\" style=\"width: 150px;\" src=\"https:\/\/menesianosoy.org\/wp-content\/uploads\/2026\/04\/San-Pedro-Chanel.jpg\" alt=\"\" srcset=\"https:\/\/menesianosoy.org\/wp-content\/uploads\/2026\/04\/San-Pedro-Chanel.jpg 400w, https:\/\/menesianosoy.org\/wp-content\/uploads\/2026\/04\/San-Pedro-Chanel-300x180.jpg 300w\" sizes=\"auto, (max-width: 150px) 85vw, 150px\" \/><br><strong>San Pedro Chanel (1803\u20131841) fue un sacerdote y misionero marista franc\u00e9s, considerado el primer m\u00e1rtir de Ocean\u00eda.<br>Naci\u00f3 en Francia, en una familia campesina sencilla. Desde joven mostr\u00f3 una profunda fe y vocaci\u00f3n religiosa. Fue ordenado sacerdote y, atra\u00eddo por el esp\u00edritu misionero, se uni\u00f3 a la Sociedad de Mar\u00eda (maristas).<br>En 1837 fue enviado como misionero a la isla de Futuna, en el Pac\u00edfico. All\u00ed enfrent\u00f3 grandes dificultades: una cultura muy distinta, resistencia de algunos jefes locales y condiciones de vida duras. Sin embargo, se destac\u00f3 por su paciencia, bondad y cercan\u00eda con la gente, especialmente con los enfermos y los m\u00e1s pobres.<br>Su predicaci\u00f3n comenz\u00f3 a dar frutos, incluso en miembros de la familia del rey. Esto gener\u00f3 temor en el monarca local, quien ve\u00eda en la conversi\u00f3n al cristianismo una amenaza a su autoridad. Por ese motivo, en 1841, orden\u00f3 su asesinato. San Pedro Chanel muri\u00f3 como m\u00e1rtir, perdonando a sus agresores. Con el tiempo, la isla entera se convirti\u00f3 al cristianismo. Fue canonizado en 1954 y es considerado patrono de Ocean\u00eda y de las misiones.<\/strong><\/h5>\n\n\n\n<h5 class=\"wp-block-heading has-text-align-left has-small-font-size\"><img loading=\"lazy\" decoding=\"async\" width=\"150\" height=\"94\" class=\"wp-image-34682\" style=\"width: 150px;\" src=\"https:\/\/menesianosoy.org\/wp-content\/uploads\/2026\/04\/san-Luis-Grignon.png\" alt=\"\" srcset=\"https:\/\/menesianosoy.org\/wp-content\/uploads\/2026\/04\/san-Luis-Grignon.png 512w, https:\/\/menesianosoy.org\/wp-content\/uploads\/2026\/04\/san-Luis-Grignon-300x189.png 300w\" sizes=\"auto, (max-width: 150px) 85vw, 150px\" \/><br><strong>San Luis Mar\u00eda Grignion de Montfort (1673\u20131716) fue un sacerdote franc\u00e9s, gran predicador y uno de los santos m\u00e1s influyentes en la espiritualidad mariana.<br>Naci\u00f3 en Montfort-sur-Meu, en Francia. Desde joven mostr\u00f3 una profunda vida de oraci\u00f3n y un gran amor por la Virgen Mar\u00eda. Fue ordenado sacerdote y se dedic\u00f3 intensamente a la predicaci\u00f3n popular, recorriendo pueblos y campos para anunciar el Evangelio, especialmente entre los m\u00e1s pobres y sencillos. Su estilo era directo y apasionado, lo que a veces le gener\u00f3 incomprensiones y dificultades dentro de su propia \u00e9poca. A pesar de eso, persever\u00f3 en su misi\u00f3n con gran confianza en Dios.<br>Es especialmente conocido por su ense\u00f1anza sobre la consagraci\u00f3n total a Jes\u00fas por Mar\u00eda, que desarroll\u00f3 en su obra m\u00e1s famosa, el Tratado de la verdadera devoci\u00f3n a la Sant\u00edsima Virgen. Tambi\u00e9n fund\u00f3 dos congregaciones: los Misioneros Compa\u00f1eros de Mar\u00eda y las Hijas de la Sabidur\u00eda.<br>Muri\u00f3 joven, a los 43 a\u00f1os, agotado por su intensa actividad misionera. Fue canonizado en 1947. Su espiritualidad influy\u00f3 profundamente en muchos cristianos, entre ellos Juan Pablo II, quien tom\u00f3 de \u00e9l su lema \u201cTotus Tuus\u201d.<\/strong><br><strong>Juan Mar\u00eda tuvo mucha influencia de San Luis. Ambos tomaron el lema &#8216;Dios Solo&#8217;, que ven\u00eda de Boudon. Como El santo, Juan Mar\u00eda puso en el centro de su espiritualidad y de su misi\u00f3n a Mar\u00eda y recomendaba a sus hermanos la m\u00e1s tierna devoci\u00f3n. Lo mismo podemos decir de la insistencia en el&nbsp;abandono total en manos de la Providencia&nbsp;y en un celo apost\u00f3lico \u00abgigantesco\u00bb para la salvaci\u00f3n de las almas.<br>Gabriel, a su vez, fue continuador de la obra de San Luis, al hacerse cargo de sus obras en 1821.<\/strong><\/h5>\n\n\n\n<p class=\"has-vivid-cyan-blue-background-color has-background\"><\/p>\n","protected":false},"excerpt":{"rendered":"<p>Hechos 11, 19-26Salmo 86 (87), 1-7 Evangelio: Juan 10, 22-30 Se celebraba entonces en Jerusal\u00e9n la fiesta de la Dedicaci\u00f3n. Era invierno y Jes\u00fas se paseaba por el Templo, en el P\u00f3rtico de Salom\u00f3n. Los jud\u00edos lo rodearon y le preguntaron: \u00bfHasta cu\u00e1ndo nos tendr\u00e1s en suspenso? Si eres el Mes\u00edas, dilo abiertamente.Jes\u00fas les respondi\u00f3: &hellip; <a href=\"https:\/\/menesianosoy.org\/index.php\/2026\/04\/26\/san-pedro-chanel-san-luis-maria-grignion-de-montfort\/\" class=\"more-link\">Continue reading<span class=\"screen-reader-text\"> \u00abSan Pedro Chanel, San Luis Mar\u00eda Grignion de Montfort\u00bb<\/span><\/a><\/p>\n","protected":false},"author":3,"featured_media":0,"comment_status":"closed","ping_status":"closed","sticky":false,"template":"","format":"standard","meta":{"_acf_changed":false,"footnotes":""},"categories":[9],"tags":[],"class_list":["post-34675","post","type-post","status-publish","format-standard","hentry","category-evangelio"],"acf":[],"_links":{"self":[{"href":"https:\/\/menesianosoy.org\/index.php\/wp-json\/wp\/v2\/posts\/34675","targetHints":{"allow":["GET"]}}],"collection":[{"href":"https:\/\/menesianosoy.org\/index.php\/wp-json\/wp\/v2\/posts"}],"about":[{"href":"https:\/\/menesianosoy.org\/index.php\/wp-json\/wp\/v2\/types\/post"}],"author":[{"embeddable":true,"href":"https:\/\/menesianosoy.org\/index.php\/wp-json\/wp\/v2\/users\/3"}],"replies":[{"embeddable":true,"href":"https:\/\/menesianosoy.org\/index.php\/wp-json\/wp\/v2\/comments?post=34675"}],"version-history":[{"count":8,"href":"https:\/\/menesianosoy.org\/index.php\/wp-json\/wp\/v2\/posts\/34675\/revisions"}],"predecessor-version":[{"id":34839,"href":"https:\/\/menesianosoy.org\/index.php\/wp-json\/wp\/v2\/posts\/34675\/revisions\/34839"}],"wp:attachment":[{"href":"https:\/\/menesianosoy.org\/index.php\/wp-json\/wp\/v2\/media?parent=34675"}],"wp:term":[{"taxonomy":"category","embeddable":true,"href":"https:\/\/menesianosoy.org\/index.php\/wp-json\/wp\/v2\/categories?post=34675"},{"taxonomy":"post_tag","embeddable":true,"href":"https:\/\/menesianosoy.org\/index.php\/wp-json\/wp\/v2\/tags?post=34675"}],"curies":[{"name":"wp","href":"https:\/\/api.w.org\/{rel}","templated":true}]}}