{"id":34698,"date":"2026-04-26T10:11:12","date_gmt":"2026-04-26T13:11:12","guid":{"rendered":"https:\/\/menesianosoy.org\/?p=34698"},"modified":"2026-04-26T17:42:47","modified_gmt":"2026-04-26T20:42:47","slug":"santa-catalina-de-siena-5","status":"publish","type":"post","link":"https:\/\/menesianosoy.org\/index.php\/2026\/04\/26\/santa-catalina-de-siena-5\/","title":{"rendered":"Santa Catalina de Siena"},"content":{"rendered":"\n<figure class=\"wp-block-image size-full\"><img loading=\"lazy\" decoding=\"async\" width=\"800\" height=\"446\" src=\"https:\/\/menesianosoy.org\/wp-content\/uploads\/2026\/04\/365-Dias-de-Oracion-Vocacional-1.png\" alt=\"\" class=\"wp-image-34835\" srcset=\"https:\/\/menesianosoy.org\/wp-content\/uploads\/2026\/04\/365-Dias-de-Oracion-Vocacional-1.png 800w, https:\/\/menesianosoy.org\/wp-content\/uploads\/2026\/04\/365-Dias-de-Oracion-Vocacional-1-300x167.png 300w, https:\/\/menesianosoy.org\/wp-content\/uploads\/2026\/04\/365-Dias-de-Oracion-Vocacional-1-768x428.png 768w\" sizes=\"auto, (max-width: 709px) 85vw, (max-width: 909px) 67vw, (max-width: 984px) 61vw, (max-width: 1362px) 45vw, 600px\" \/><\/figure>\n\n\n\n<h5 class=\"wp-block-heading has-text-align-left has-text-color has-link-color wp-elements-af5d6a7ec1082e7ecfa073e7ecf90c8e\" style=\"color:#4e0f0f\"><br><strong>Hechos 12, 24\u201413, 5<br>Salmo 66 (67), 2-3.5-6.8<\/strong><\/h5>\n\n\n\n<h4 class=\"wp-block-heading has-text-align-left has-vivid-red-color has-text-color has-link-color wp-elements-4f36e89aa11888d1725b7660009b1090\"><br><strong>Evangelio: Juan 12, 44-50<\/strong><\/h4>\n\n\n\n<p class=\"has-text-align-left\"><strong><em>Jes\u00fas dijo: El que cree en m\u00ed, en realidad no cree en m\u00ed, sino en aquel que me envi\u00f3. Y el que me ve, ve al que me envi\u00f3.<br>Yo soy la LUZ, y he venido al mundo para que todo el que crea en m\u00ed no permanezca en las tinieblas.<br>Al que escucha mis palabras y no las cumple, yo no lo juzgo, porque no vine a juzgar al mundo, sino a salvarlo.<br>El que me rechaza y no recibe mis palabras, ya tiene quien lo juzgue: la palabra que yo he anunciado es la que lo juzgar\u00e1 en el \u00faltimo d\u00eda.<br>Porque yo no habl\u00e9 por m\u00ed mismo: el Padre que me ha enviado me orden\u00f3 lo que deb\u00eda decir y anunciar; y yo s\u00e9 que su mandato es Vida eterna. Las palabras que digo, las digo como el Padre me lo orden\u00f3.<\/em><\/strong><\/p>\n\n\n\n<figure class=\"wp-block-image size-full is-resized\"><img loading=\"lazy\" decoding=\"async\" width=\"500\" height=\"331\" src=\"https:\/\/menesianosoy.org\/wp-content\/uploads\/2025\/04\/images-5.jpeg\" alt=\"\" class=\"wp-image-22723\" style=\"width:567px;height:auto\" srcset=\"https:\/\/menesianosoy.org\/wp-content\/uploads\/2025\/04\/images-5.jpeg 500w, https:\/\/menesianosoy.org\/wp-content\/uploads\/2025\/04\/images-5-300x199.jpeg 300w\" sizes=\"auto, (max-width: 500px) 85vw, 500px\" \/><\/figure>\n\n\n\n<p class=\"has-text-align-left\">Creer en Jes\u00fas es dejar que su <strong>luz <\/strong>entre en lo m\u00e1s hondo del coraz\u00f3n, iluminando nuestras decisiones, nuestras relaciones y tambi\u00e9n nuestras sombras. Eso no elimina las dificultades, pero cambia la manera de vivirlas; no caminamos solos ni a oscuras.<br><br>El educador menesiano est\u00e1 llamado a ser reflejo de esa luz en medio de los ni\u00f1os y j\u00f3venes, especialmente de los m\u00e1s necesitados. No se trata s\u00f3lo de transmitir conocimientos, sino de encender luces: ayudar a descubrir la dignidad, despertar la fe, acompa\u00f1ar procesos, iluminar caminos de vida.<br><br>En un mundo donde muchas veces hay \u201ctinieblas\u201d de indiferencia, superficialidad o desesperanza, la misi\u00f3n menesiana es profundamente evang\u00e9lica: ser presencia cercana, paciente y esperanzadora que ayude a otros a salir de la oscuridad. Como Jes\u00fas, no imponiendo la luz, sino proponi\u00e9ndola con amor, con testimonio y con entrega cotidiana.<br><br>Debemos ser luz para otros. Para eso es preciso dejarse iluminar por Jes\u00fas, poner el coraz\u00f3n en sinton\u00eda con sus sentimientos, sus pensamientos, sus deseos, sus proyectos.<br>\u00bfDe qu\u00e9 modo estamos siendo luz para los ni\u00f1os y j\u00f3venes?<\/p>\n\n\n\n<h5 class=\"wp-block-heading has-text-align-left has-text-color has-link-color wp-elements-b77340876281651fe21a1a6f6ab9b7e1\" style=\"color:#381856\"><br><strong>M\u00c1XIMA<br>Estamos llamados a ser luz en el mundo<\/strong><\/h5>\n\n\n\n<h4 class=\"wp-block-heading has-text-align-left has-vivid-red-color has-text-color has-link-color wp-elements-21e72ba6ab8aac75548a19d39767613b\"><br><strong>Palabras de Juan Mar\u00eda de la Mennais<\/strong><\/h4>\n\n\n\n<p class=\"has-text-align-left\"><img loading=\"lazy\" decoding=\"async\" width=\"150\" height=\"127\" class=\"wp-image-16112\" style=\"width: 150px;\" src=\"https:\/\/menesianosoy.org\/wp-content\/uploads\/2024\/09\/ppp.png\" alt=\"\" srcset=\"https:\/\/menesianosoy.org\/wp-content\/uploads\/2024\/09\/ppp.png 450w, https:\/\/menesianosoy.org\/wp-content\/uploads\/2024\/09\/ppp-300x254.png 300w\" sizes=\"auto, (max-width: 150px) 85vw, 150px\" \/><br><em>Primeramente, en vano tratar\u00edamos de descubrir lo que pasa en nuestro interior si Dios no nos iluminase con su luz y nuestro primer cuidado debe ser ped\u00edrsela; tinieblas espesas nos envuelven por todas partes, nuestros propios pensamientos se nos escapan, nuestras disposiciones m\u00e1s \u00edntimas se nos esconden. De todos los misterios, el m\u00e1s impenetrable para el hombre es el hombre mismo\u2026 Dios, para quien todo est\u00e1 claro, cuyo ojo penetra en los repliegues m\u00e1s secretos de nuestro coraz\u00f3n \u00bfno es \u00c9l quien debe ense\u00f1arnos qui\u00e9nes somos? (S VII p. 2336 2337)<\/em><\/p>\n\n\n\n<h4 class=\"wp-block-heading has-text-align-left has-vivid-red-color has-text-color has-link-color wp-elements-812eae5c4a293afbd597a34758a3c2e4\"><br><strong>Una luz \u2013 Vero Sanfilippo<\/strong><\/h4>\n\n\n\n<figure class=\"wp-block-embed is-type-video is-provider-youtube wp-block-embed-youtube wp-embed-aspect-16-9 wp-has-aspect-ratio\"><div class=\"wp-block-embed__wrapper\">\n<iframe loading=\"lazy\" title=\"Una luz - Ver\u00f3nica Sanfilippo\" width=\"1140\" height=\"641\" src=\"https:\/\/www.youtube.com\/embed\/RUz_f4LS-ew?feature=oembed\" frameborder=\"0\" allow=\"accelerometer; autoplay; clipboard-write; encrypted-media; gyroscope; picture-in-picture; web-share\" referrerpolicy=\"strict-origin-when-cross-origin\" allowfullscreen><\/iframe>\n<\/div><\/figure>\n\n\n\n<p class=\"has-text-align-left\">Hay una luz que ilumina mis caminos,<br>que me acompa\u00f1a en la oscuridad.<br>Aunque camine por desiertos y monta\u00f1as<br>es esa luz la que siempre estar\u00e1.<br><br>\u00c9l es Jes\u00fas, mi amigo incomparable<br>y de su mano aprendo a caminar.<br>Cuando me caigo, \u00c9l es quien me levanta.<br>\u00c9l va conmigo, me cubre con su paz.<br><br>Luz que ilumina.<br>Luz que da vida.<br>Luz que llena mi existir.<br>Luz que me alumbra.<br>Luz de mi vida.<br><br>\u00c9l es Jes\u00fas, mi amigo incomparable<br>y de su mano aprendo a caminar.<br>Cuando me caigo, \u00c9l es quien me levanta.<br>\u00c9l va conmigo, me cubre con su paz.<\/p>\n\n\n\n<p class=\"has-vivid-purple-background-color has-background\"><\/p>\n\n\n\n<h5 class=\"wp-block-heading has-text-align-left has-small-font-size\"><img loading=\"lazy\" decoding=\"async\" width=\"150\" height=\"209\" class=\"wp-image-34707\" style=\"width: 150px;\" src=\"https:\/\/menesianosoy.org\/wp-content\/uploads\/2026\/04\/Santa-Catalina-de-Siena.jpg\" alt=\"\"><br><strong>Santa Catalina de Siena (1347\u20131380) fue una de las grandes santas y m\u00edsticas de la Iglesia, reconocida por su profunda vida espiritual y su influencia en la vida religiosa y pol\u00edtica de su tiempo.<br>Naci\u00f3 en Siena, en una familia numerosa. Desde muy joven sinti\u00f3 una fuerte atracci\u00f3n por Dios y decidi\u00f3 consagrar su vida a \u00c9l, viviendo como terciaria dominica.<br>Tuvo experiencias m\u00edsticas intensas, como visiones de Cristo, a quien consideraba su \u201cesposo espiritual\u201d. Se dedic\u00f3 a la oraci\u00f3n, la penitencia y al servicio de los pobres y enfermos, especialmente durante epidemias.<br>A pesar de no tener formaci\u00f3n acad\u00e9mica, desarroll\u00f3 una gran sabidur\u00eda espiritual. Dict\u00f3 numerosas cartas y su obra m\u00e1s importante, el Di\u00e1logo de la Divina Providencia, donde expresa su profunda relaci\u00f3n con Dios.<br>Tambi\u00e9n tuvo un papel importante en la vida p\u00fablica de la Iglesia: trabaj\u00f3 por la paz entre ciudades italianas y exhort\u00f3 al Papa Gregorio XI a regresar a Roma desde Avi\u00f1\u00f3n, contribuyendo al fin del llamado Cautiverio de Avi\u00f1\u00f3n.<br>Muri\u00f3 a los 33 a\u00f1os en Roma. Fue proclamada Doctora de la Iglesia en 1970 por Pablo VI, y es patrona de Europa.<\/strong><\/h5>\n\n\n\n<p class=\"has-vivid-cyan-blue-background-color has-background\"><\/p>\n","protected":false},"excerpt":{"rendered":"<p>Hechos 12, 24\u201413, 5Salmo 66 (67), 2-3.5-6.8 Evangelio: Juan 12, 44-50 Jes\u00fas dijo: El que cree en m\u00ed, en realidad no cree en m\u00ed, sino en aquel que me envi\u00f3. Y el que me ve, ve al que me envi\u00f3.Yo soy la LUZ, y he venido al mundo para que todo el que crea en &hellip; <a href=\"https:\/\/menesianosoy.org\/index.php\/2026\/04\/26\/santa-catalina-de-siena-5\/\" class=\"more-link\">Continue reading<span class=\"screen-reader-text\"> \u00abSanta Catalina de Siena\u00bb<\/span><\/a><\/p>\n","protected":false},"author":3,"featured_media":0,"comment_status":"closed","ping_status":"closed","sticky":false,"template":"","format":"standard","meta":{"_acf_changed":false,"footnotes":""},"categories":[9],"tags":[],"class_list":["post-34698","post","type-post","status-publish","format-standard","hentry","category-evangelio"],"acf":[],"_links":{"self":[{"href":"https:\/\/menesianosoy.org\/index.php\/wp-json\/wp\/v2\/posts\/34698","targetHints":{"allow":["GET"]}}],"collection":[{"href":"https:\/\/menesianosoy.org\/index.php\/wp-json\/wp\/v2\/posts"}],"about":[{"href":"https:\/\/menesianosoy.org\/index.php\/wp-json\/wp\/v2\/types\/post"}],"author":[{"embeddable":true,"href":"https:\/\/menesianosoy.org\/index.php\/wp-json\/wp\/v2\/users\/3"}],"replies":[{"embeddable":true,"href":"https:\/\/menesianosoy.org\/index.php\/wp-json\/wp\/v2\/comments?post=34698"}],"version-history":[{"count":7,"href":"https:\/\/menesianosoy.org\/index.php\/wp-json\/wp\/v2\/posts\/34698\/revisions"}],"predecessor-version":[{"id":34840,"href":"https:\/\/menesianosoy.org\/index.php\/wp-json\/wp\/v2\/posts\/34698\/revisions\/34840"}],"wp:attachment":[{"href":"https:\/\/menesianosoy.org\/index.php\/wp-json\/wp\/v2\/media?parent=34698"}],"wp:term":[{"taxonomy":"category","embeddable":true,"href":"https:\/\/menesianosoy.org\/index.php\/wp-json\/wp\/v2\/categories?post=34698"},{"taxonomy":"post_tag","embeddable":true,"href":"https:\/\/menesianosoy.org\/index.php\/wp-json\/wp\/v2\/tags?post=34698"}],"curies":[{"name":"wp","href":"https:\/\/api.w.org\/{rel}","templated":true}]}}