{"id":34718,"date":"2026-04-26T12:39:08","date_gmt":"2026-04-26T15:39:08","guid":{"rendered":"https:\/\/menesianosoy.org\/?p=34718"},"modified":"2026-04-26T17:43:08","modified_gmt":"2026-04-26T20:43:08","slug":"san-pio-v-papa","status":"publish","type":"post","link":"https:\/\/menesianosoy.org\/index.php\/2026\/04\/26\/san-pio-v-papa\/","title":{"rendered":"San P\u00edo V, papa"},"content":{"rendered":"\n<figure class=\"wp-block-image size-full\"><img loading=\"lazy\" decoding=\"async\" width=\"800\" height=\"432\" src=\"https:\/\/menesianosoy.org\/wp-content\/uploads\/2026\/04\/Cadena-Info-2.jpg.jpeg\" alt=\"\" class=\"wp-image-34838\" srcset=\"https:\/\/menesianosoy.org\/wp-content\/uploads\/2026\/04\/Cadena-Info-2.jpg.jpeg 800w, https:\/\/menesianosoy.org\/wp-content\/uploads\/2026\/04\/Cadena-Info-2.jpg-300x162.jpeg 300w, https:\/\/menesianosoy.org\/wp-content\/uploads\/2026\/04\/Cadena-Info-2.jpg-768x415.jpeg 768w\" sizes=\"auto, (max-width: 709px) 85vw, (max-width: 909px) 67vw, (max-width: 984px) 61vw, (max-width: 1362px) 45vw, 600px\" \/><\/figure>\n\n\n\n<h5 class=\"wp-block-heading has-text-align-left has-text-color has-link-color wp-elements-e75da028d2c6c24f53e5939a941826e7\" style=\"color:#5a1919\"><br><strong>Hechos 13, 13-25<br>Salmo 88 (89), 2-3.21-22.25.27<\/strong><\/h5>\n\n\n\n<h4 class=\"wp-block-heading has-text-align-left has-vivid-red-color has-text-color has-link-color wp-elements-79f13a7d4e175ab27a1bf1944d8b082b\"><br><strong>Evangelio: Juan 13, 16-20<\/strong><\/h4>\n\n\n\n<p class=\"has-text-align-left\"><strong><em>Jes\u00fas dijo a sus disc\u00edpulos: Les aseguro que el servidor no es m\u00e1s grande que su se\u00f1or, ni el enviado m\u00e1s grande que el que lo env\u00eda.<br>Ustedes ser\u00e1n felices si, sabiendo estas cosas, las practican.<br>No lo digo por todos ustedes; yo conozco a los que he elegido.<br>Pero es necesario que se cumpla la Escritura que dice: El que comparte mi pan se volvi\u00f3 contra m\u00ed.<br>Les digo esto desde ahora, antes que suceda, para que cuando suceda, crean que Yo Soy.<br>Les aseguro que el que reciba al que yo env\u00ede, me recibe a m\u00ed, y el que me recibe, recibe al que me envi\u00f3.<\/em><\/strong><\/p>\n\n\n\n<figure class=\"wp-block-image size-full is-resized\"><img loading=\"lazy\" decoding=\"async\" width=\"400\" height=\"340\" src=\"https:\/\/menesianosoy.org\/wp-content\/uploads\/2025\/04\/1_-9_1apKVVAoZ1u3S9IysCQ.jpg\" alt=\"\" class=\"wp-image-22342\" style=\"aspect-ratio:1.1764991699396687;width:482px;height:auto\" srcset=\"https:\/\/menesianosoy.org\/wp-content\/uploads\/2025\/04\/1_-9_1apKVVAoZ1u3S9IysCQ.jpg 400w, https:\/\/menesianosoy.org\/wp-content\/uploads\/2025\/04\/1_-9_1apKVVAoZ1u3S9IysCQ-300x255.jpg 300w\" sizes=\"auto, (max-width: 400px) 85vw, 400px\" \/><\/figure>\n\n\n\n<p class=\"has-text-align-left\"><br><em>\u201cEl servidor no es m\u00e1s grande que su se\u00f1or, ni el enviado m\u00e1s grande que el que lo env\u00eda\u201d.<br><\/em>Es una tentaci\u00f3n creernos el centro de la misi\u00f3n, buscar reconocimiento o medir la propia val\u00eda por el poder o el \u00e9xito que tengamos. Cuando uno se sabe enviado, deja de apropiarse de la obra y aprende a transparentar a Aquel que lo env\u00eda. As\u00ed, la grandeza no est\u00e1 en sobresalir, sino en parecerse al Maestro, que sirve, se abaja y se entrega.<br><br>Juan Mar\u00eda de la Mennais insist\u00eda en que el educador es un \u201cinstrumento\u201d en manos de Dios, llamado a hacer el bien sin buscarse a s\u00ed mismo. El educador menesiano es enviado a los ni\u00f1os y j\u00f3venes para ser signo sencillo y cercano del amor de Dios.<br><br>Jes\u00fas no rebaja nuestra dignidad, sino que la orienta. Nos muestra que la verdadera grandeza est\u00e1 en ser servidores fieles y enviados transparentes. Y all\u00ed, en esa sencillez vivida con amor, el educador menesiano encuentra su alegr\u00eda m\u00e1s profunda, que es ser puente, nunca obst\u00e1culo, entre Dios y los corazones de aquellos que le han sido confiados.<\/p>\n\n\n\n<h5 class=\"wp-block-heading has-text-align-left has-text-color has-link-color wp-elements-fd56f4f36d922f9bb89842830207d53b\" style=\"color:#442167\"><br><strong>M\u00c1XIMA<br>Nuestra vocaci\u00f3n es el servicio<\/strong><\/h5>\n\n\n\n<h4 class=\"wp-block-heading has-vivid-red-color has-text-color has-link-color wp-elements-58122db2dd0a2ce498368d7bc00204fa\"><br><strong>Palabras de Juan Mar\u00eda de la Mennais<\/strong><\/h4>\n\n\n\n<p class=\"has-text-align-left\"><img loading=\"lazy\" decoding=\"async\" width=\"150\" height=\"183\" class=\"wp-image-16098\" style=\"width: 150px;\" src=\"https:\/\/menesianosoy.org\/wp-content\/uploads\/2024\/09\/juanmaria.png\" alt=\"\" srcset=\"https:\/\/menesianosoy.org\/wp-content\/uploads\/2024\/09\/juanmaria.png 450w, https:\/\/menesianosoy.org\/wp-content\/uploads\/2024\/09\/juanmaria-246x300.png 246w\" sizes=\"auto, (max-width: 150px) 85vw, 150px\" \/><br><em>Jes\u00fas, que has dicho, dejen a los ni\u00f1os vengan a m\u00ed, y que me has inspirado el deseo de conducirlos hacia ti, d\u00edgnate bendecir mi vocaci\u00f3n, asistirme en mis trabajos y derrama sobre m\u00ed el esp\u00edritu de fuerza, de caridad y de humildad, a fin que nada me aparte de tu servicio y que cumpliendo con celo las funciones a las que me he consagrado, sea del n\u00famero de aquellos a quienes has prometido la salvaci\u00f3n porque han perseverado hasta el fin\u00bb (Regla 1823)<\/em><\/p>\n\n\n\n<h4 class=\"wp-block-heading has-text-align-left has-vivid-red-color has-text-color has-link-color wp-elements-c55b8d4ed0fb005947b5d5fc514bd69c\"><br><strong>El amor no dice basta \u2013 Ain Karem<\/strong><\/h4>\n\n\n\n<figure class=\"wp-block-embed is-type-video is-provider-youtube wp-block-embed-youtube wp-embed-aspect-16-9 wp-has-aspect-ratio\"><div class=\"wp-block-embed__wrapper\">\n<iframe loading=\"lazy\" title=\"Sigue habiendo, Ixc\u00eds\" width=\"1140\" height=\"641\" src=\"https:\/\/www.youtube.com\/embed\/nkHMfFhFKsc?feature=oembed\" frameborder=\"0\" allow=\"accelerometer; autoplay; clipboard-write; encrypted-media; gyroscope; picture-in-picture; web-share\" referrerpolicy=\"strict-origin-when-cross-origin\" allowfullscreen><\/iframe>\n<\/div><\/figure>\n\n\n\n<p class=\"has-text-align-left\">Sigue habiendo tantos pies que lavar,<br>sigue habiendo tanta oscuridad que iluminar,<br>tantas cadenas que romper&#8230;<br>Pan y vino para el pobre quiero ser.<br><br>Sigue habiendo tantos pies que lavar,<br>sigue habiendo tanta oscuridad que iluminar,<br>tantas cadenas que romper&#8230;<br>Fortalece, Se\u00f1or, mi poca fe.<\/p>\n\n\n\n<p class=\"has-vivid-purple-background-color has-background\"><\/p>\n\n\n\n<h5 class=\"wp-block-heading has-text-align-left has-small-font-size\"><img loading=\"lazy\" decoding=\"async\" width=\"150\" height=\"150\" class=\"wp-image-34730\" style=\"width: 150px;\" src=\"https:\/\/menesianosoy.org\/wp-content\/uploads\/2026\/04\/images-1-1.jpg\" alt=\"\" srcset=\"https:\/\/menesianosoy.org\/wp-content\/uploads\/2026\/04\/images-1-1.jpg 225w, https:\/\/menesianosoy.org\/wp-content\/uploads\/2026\/04\/images-1-1-150x150.jpg 150w\" sizes=\"auto, (max-width: 150px) 85vw, 150px\" \/><br><strong>San P\u00edo V (1504\u20131572), cuyo nombre de nacimiento era Antonio Ghislieri, fue un papa clave en la historia de la Iglesia por su firme impulso a la reforma cat\u00f3lica tras el Concilio de Trento.<br>Naci\u00f3 en una familia humilde en Italia y entr\u00f3 en la Orden de Predicadores (dominicos). Se destac\u00f3 por su vida austera, su gran disciplina y su defensa de la fe. <br>Fue elegido papa en 1566. Durante su pontificado se dedic\u00f3 con decisi\u00f3n a aplicar las reformas del Concilio de Trento: promovi\u00f3 la formaci\u00f3n del clero, impuls\u00f3 la catequesis y busc\u00f3 corregir abusos dentro de la Iglesia. Public\u00f3 el Misal Romano (1570), unificando la liturgia de la misa, y tambi\u00e9n el Catecismo Romano.<br>Tuvo un papel importante en la defensa de Europa frente al Imperio Otomano, especialmente al promover la coalici\u00f3n cristiana que triunf\u00f3 en la Batalla de Lepanto. Atribuy\u00f3 esta victoria a la intercesi\u00f3n de la Virgen Mar\u00eda, fomentando la devoci\u00f3n al Rosario.<br>San P\u00edo V muri\u00f3 en 1572 y fue canonizado en 1712. <\/strong><\/h5>\n","protected":false},"excerpt":{"rendered":"<p>Hechos 13, 13-25Salmo 88 (89), 2-3.21-22.25.27 Evangelio: Juan 13, 16-20 Jes\u00fas dijo a sus disc\u00edpulos: Les aseguro que el servidor no es m\u00e1s grande que su se\u00f1or, ni el enviado m\u00e1s grande que el que lo env\u00eda.Ustedes ser\u00e1n felices si, sabiendo estas cosas, las practican.No lo digo por todos ustedes; yo conozco a los que &hellip; <a href=\"https:\/\/menesianosoy.org\/index.php\/2026\/04\/26\/san-pio-v-papa\/\" class=\"more-link\">Continue reading<span class=\"screen-reader-text\"> \u00abSan P\u00edo V, papa\u00bb<\/span><\/a><\/p>\n","protected":false},"author":3,"featured_media":0,"comment_status":"closed","ping_status":"closed","sticky":false,"template":"","format":"standard","meta":{"_acf_changed":false,"footnotes":""},"categories":[9],"tags":[],"class_list":["post-34718","post","type-post","status-publish","format-standard","hentry","category-evangelio"],"acf":[],"_links":{"self":[{"href":"https:\/\/menesianosoy.org\/index.php\/wp-json\/wp\/v2\/posts\/34718","targetHints":{"allow":["GET"]}}],"collection":[{"href":"https:\/\/menesianosoy.org\/index.php\/wp-json\/wp\/v2\/posts"}],"about":[{"href":"https:\/\/menesianosoy.org\/index.php\/wp-json\/wp\/v2\/types\/post"}],"author":[{"embeddable":true,"href":"https:\/\/menesianosoy.org\/index.php\/wp-json\/wp\/v2\/users\/3"}],"replies":[{"embeddable":true,"href":"https:\/\/menesianosoy.org\/index.php\/wp-json\/wp\/v2\/comments?post=34718"}],"version-history":[{"count":8,"href":"https:\/\/menesianosoy.org\/index.php\/wp-json\/wp\/v2\/posts\/34718\/revisions"}],"predecessor-version":[{"id":34841,"href":"https:\/\/menesianosoy.org\/index.php\/wp-json\/wp\/v2\/posts\/34718\/revisions\/34841"}],"wp:attachment":[{"href":"https:\/\/menesianosoy.org\/index.php\/wp-json\/wp\/v2\/media?parent=34718"}],"wp:term":[{"taxonomy":"category","embeddable":true,"href":"https:\/\/menesianosoy.org\/index.php\/wp-json\/wp\/v2\/categories?post=34718"},{"taxonomy":"post_tag","embeddable":true,"href":"https:\/\/menesianosoy.org\/index.php\/wp-json\/wp\/v2\/tags?post=34718"}],"curies":[{"name":"wp","href":"https:\/\/api.w.org\/{rel}","templated":true}]}}