{"id":34741,"date":"2026-04-26T14:12:34","date_gmt":"2026-04-26T17:12:34","guid":{"rendered":"https:\/\/menesianosoy.org\/?p=34741"},"modified":"2026-04-28T08:06:37","modified_gmt":"2026-04-28T11:06:37","slug":"san-jose-obrero-5","status":"publish","type":"post","link":"https:\/\/menesianosoy.org\/index.php\/2026\/04\/26\/san-jose-obrero-5\/","title":{"rendered":"San Jos\u00e9 Obrero"},"content":{"rendered":"\n<figure class=\"wp-block-image size-full\"><img loading=\"lazy\" decoding=\"async\" width=\"800\" height=\"432\" src=\"https:\/\/menesianosoy.org\/wp-content\/uploads\/2026\/04\/Cadena-Info-2.jpg.jpeg\" alt=\"\" class=\"wp-image-34838\" srcset=\"https:\/\/menesianosoy.org\/wp-content\/uploads\/2026\/04\/Cadena-Info-2.jpg.jpeg 800w, https:\/\/menesianosoy.org\/wp-content\/uploads\/2026\/04\/Cadena-Info-2.jpg-300x162.jpeg 300w, https:\/\/menesianosoy.org\/wp-content\/uploads\/2026\/04\/Cadena-Info-2.jpg-768x415.jpeg 768w\" sizes=\"auto, (max-width: 709px) 85vw, (max-width: 909px) 67vw, (max-width: 984px) 61vw, (max-width: 1362px) 45vw, 600px\" \/><\/figure>\n\n\n\n<p class=\"has-text-align-center\">Hoy rezan por las vocaciones los <strong>Hermanos de la comunidad de Huatusco<\/strong><br><em>Ser Hermano es vivir el Evangelio con el coraz\u00f3n abierto a todos<\/em>.<\/p>\n\n\n\n<h5 class=\"wp-block-heading has-text-align-left has-text-color has-link-color wp-elements-db1f8fa5f658b6c60112514c782b5719\" style=\"color:#681313\"><br><img loading=\"lazy\" decoding=\"async\" width=\"200\" height=\"141\" class=\"wp-image-34754\" style=\"width: 200px;\" src=\"https:\/\/menesianosoy.org\/wp-content\/uploads\/2026\/04\/san-jose-obrero-pratrono-de-los-trabajadores.jpg\" alt=\"\" srcset=\"https:\/\/menesianosoy.org\/wp-content\/uploads\/2026\/04\/san-jose-obrero-pratrono-de-los-trabajadores.jpg 671w, https:\/\/menesianosoy.org\/wp-content\/uploads\/2026\/04\/san-jose-obrero-pratrono-de-los-trabajadores-300x211.jpg 300w\" sizes=\"auto, (max-width: 200px) 85vw, 200px\" \/><br><strong>G\u00e9nesis, 1, 26 -2, 3<br>o Colosenses 3, 14-15.17.23-24<br>Salmo 89 (90), 2-4.12-14.16<\/strong><\/h5>\n\n\n\n<h4 class=\"wp-block-heading has-text-align-left has-vivid-red-color has-text-color has-link-color wp-elements-384b9ae19e83d976b496400c7fc352a5\"><br><strong>Evangelio: Mateo 13, 54-58<\/strong><\/h4>\n\n\n\n<p class=\"has-text-align-left\"><strong><em>Al llegar a su pueblo, Jes\u00fas se puso a ense\u00f1ar a la gente en la sinagoga, de tal manera que todos estaban maravillados.<br>\u00bfDe d\u00f3nde le viene, dec\u00edan, esta sabidur\u00eda y ese poder de hacer milagros?<br>\u00bfNo es \u00e9ste el hijo del carpintero? \u00bfSu madre no es la que llaman Mar\u00eda?<br>\u00bfY no son hermanos suyo Santiago, Jos\u00e9, Sim\u00f3n y Judas?<br>\u00bfY acaso no viven entre nosotros todas sus hermanas? \u00bfDe d\u00f3nde le vendr\u00e1 todo esto?<br>Y Jes\u00fas era para ellos un motivo de esc\u00e1ndalo.<br>Entonces les dijo: Un profeta es despreciado solamente en su pueblo y en su familia. Y no hizo all\u00ed muchos milagros, a causa de la falta de fe de esa gente.<\/em><\/strong><\/p>\n\n\n\n<figure class=\"wp-block-image size-full is-resized\"><img loading=\"lazy\" decoding=\"async\" width=\"500\" height=\"281\" src=\"https:\/\/menesianosoy.org\/wp-content\/uploads\/2025\/04\/sanjose-396272mp4_396273.jpg\" alt=\"\" class=\"wp-image-22798\" style=\"width:668px;height:auto\" srcset=\"https:\/\/menesianosoy.org\/wp-content\/uploads\/2025\/04\/sanjose-396272mp4_396273.jpg 500w, https:\/\/menesianosoy.org\/wp-content\/uploads\/2025\/04\/sanjose-396272mp4_396273-300x169.jpg 300w\" sizes=\"auto, (max-width: 500px) 85vw, 500px\" \/><\/figure>\n\n\n\n<p class=\"has-text-align-left\">San Jos\u00e9 no pronunci\u00f3 grandes discursos ni realiz\u00f3 gestos espectaculares. Su santidad fue silenciosa, cotidiana, hecha de trabajo fiel, responsabilidad y amor concreto. En su taller de Nazaret, junto a Jes\u00fas, el trabajo dej\u00f3 de ser solo esfuerzo para convertirse en lugar de encuentro con Dios.<br><br>Esta fiesta nos invita a mirar el trabajo con otros ojos. No es s\u00f3lo una obligaci\u00f3n o un medio para subsistir, es una vocaci\u00f3n. En cada tarea, por peque\u00f1a o rutinaria que parezca, se esconde la posibilidad de colaborar con la obra creadora de Dios, de servir a los dem\u00e1s y de construir dignidad.<br><br>Tambi\u00e9n esta fiesta nos interpela: <br>\u00bfC\u00f3mo vivimos nuestro trabajo, como carga, como rutina vac\u00eda o como misi\u00f3n? <br>\u00bfReconocemos la dignidad de quienes trabajan en condiciones dif\u00edciles? <br>\u00bfSomos justos y solidarios?<\/p>\n\n\n\n<h4 class=\"wp-block-heading has-text-align-left has-vivid-red-color has-text-color has-link-color wp-elements-21e72ba6ab8aac75548a19d39767613b\"><br><strong>Palabras de Juan Mar\u00eda de la Mennais<\/strong><\/h4>\n\n\n\n<p class=\"has-text-align-left\"><img loading=\"lazy\" decoding=\"async\" width=\"150\" height=\"165\" class=\"wp-image-21587\" style=\"width: 150px;\" src=\"https:\/\/menesianosoy.org\/wp-content\/uploads\/2025\/03\/JMLM.png\" alt=\"\" srcset=\"https:\/\/menesianosoy.org\/wp-content\/uploads\/2025\/03\/JMLM.png 330w, https:\/\/menesianosoy.org\/wp-content\/uploads\/2025\/03\/JMLM-273x300.png 273w\" sizes=\"auto, (max-width: 150px) 85vw, 150px\" \/><br><em>Los detalles que me das de tus trabajos me han interesado mucho: Dios los bendice visiblemente y nunca se lo agradeceremos bastante: el bien que se hace va a ir en aumento y se va a desarrollar a\u00fan m\u00e1s, sin duda ninguna, a pesar de todos los obst\u00e1culos que se opongan a ello\u2026<br>A veces temo que tu salud no pueda resistir el arduo trabajo de que est\u00e1s encargado; procura no entregarte a ello con demasiado esmero, y no consultes solamente la Regla, consulta tambi\u00e9n tus fuerzas: s\u00e9 d\u00f3cil a los consejos de prudencia que el H. Pablo sin duda te ha de dar. (Al H. Jacinto, 1847)<\/em><\/p>\n\n\n\n<h4 class=\"wp-block-heading has-text-align-left has-vivid-red-color has-text-color has-link-color wp-elements-31443a012d069182986264e199317370\"><br><strong>Himno a San Jos\u00e9 \u2013 Canto Cat\u00f3lico<\/strong><\/h4>\n\n\n\n<figure class=\"wp-block-embed is-type-video is-provider-youtube wp-block-embed-youtube wp-embed-aspect-16-9 wp-has-aspect-ratio\"><div class=\"wp-block-embed__wrapper\">\n<iframe loading=\"lazy\" title=\"Himno a san Jos\u00e9 | M\u00fasica Cat\u00f3lica | Canto a san Jos\u00e9\" width=\"1140\" height=\"641\" src=\"https:\/\/www.youtube.com\/embed\/qWxGT7TUZ5g?feature=oembed\" frameborder=\"0\" allow=\"accelerometer; autoplay; clipboard-write; encrypted-media; gyroscope; picture-in-picture; web-share\" referrerpolicy=\"strict-origin-when-cross-origin\" allowfullscreen><\/iframe>\n<\/div><\/figure>\n\n\n\n<p class=\"has-text-align-left\">Hoy a tus pies ponemos nuestra vida.&nbsp;&nbsp;&nbsp;<br>Hoy a tus pies, glorioso San Jos\u00e9.&nbsp;<br>Escucha nuestra oraci\u00f3n y por tu intercesi\u00f3n&nbsp;&nbsp;&nbsp;&nbsp;<br>obtendremos la paz del coraz\u00f3n.&nbsp;&nbsp;&nbsp;<br><br>En Nazaret, junto a la Virgen Santa.<br>En Nazaret, glorioso San Jos\u00e9,<br>cuidaste al ni\u00f1o Jes\u00fas, pues por tu gran virtud<br>fuiste digno custodio de la luz.<br><br>Con sencillez, humilde carpintero.<br>Con sencillez, glorioso San Jos\u00e9,<br>hiciste bien tu labor obrero del Se\u00f1or,<br>ofreciendo trabajo y oraci\u00f3n.<br><br>Tuviste Fe en Dios y su promesa.<br>Tuviste Fe, glorioso San Jos\u00e9.<br>Maestro de oraci\u00f3n, alc\u00e1nzanos el don<br>de escuchar y seguir la voz de Dios.<\/p>\n\n\n\n<p class=\"has-vivid-purple-background-color has-background\"><\/p>\n\n\n\n<h5 class=\"wp-block-heading has-small-font-size\"><img loading=\"lazy\" decoding=\"async\" width=\"150\" height=\"225\" class=\"wp-image-22741\" style=\"width: 150px;\" src=\"https:\/\/menesianosoy.org\/wp-content\/uploads\/2025\/04\/sanjoseobrero.jpg\" alt=\"\" srcset=\"https:\/\/menesianosoy.org\/wp-content\/uploads\/2025\/04\/sanjoseobrero.jpg 350w, https:\/\/menesianosoy.org\/wp-content\/uploads\/2025\/04\/sanjoseobrero-200x300.jpg 200w\" sizes=\"auto, (max-width: 150px) 85vw, 150px\" \/><br><strong>La fiesta de San Jos\u00e9 Obrero fue instituida en 1955 por el papa P\u00edo XII, en el contexto de los cambios sociales y laborales del siglo XX. El objetivo fue dar un sentido cristiano al D\u00eda Internacional del Trabajo, que ya se celebraba ese mismo d\u00eda en muchos pa\u00edses. La Iglesia quiso presentar a San Jos\u00e9 como modelo de trabajador justo, sencillo y silencioso, que mantuvo a su familia con el trabajo de sus manos.<br>La elecci\u00f3n del 1\u00ba de mayo no fue casual, ya que ese d\u00eda estaba asociado a movimientos obreros y, en algunos contextos, a ideolog\u00edas alejadas de la fe. Con esta fiesta, la Iglesia propuso una visi\u00f3n del trabajo humano como participaci\u00f3n en la obra creadora de Dios, camino de santificaci\u00f3n personal y medio para servir a los dem\u00e1s y construir una sociedad m\u00e1s justa.<\/strong><br><audio autoplay=\"\"><\/audio><\/h5>\n\n\n\n<p class=\"has-vivid-purple-background-color has-background\"><\/p>\n","protected":false},"excerpt":{"rendered":"<p>Hoy rezan por las vocaciones los Hermanos de la comunidad de HuatuscoSer Hermano es vivir el Evangelio con el coraz\u00f3n abierto a todos. G\u00e9nesis, 1, 26 -2, 3o Colosenses 3, 14-15.17.23-24Salmo 89 (90), 2-4.12-14.16 Evangelio: Mateo 13, 54-58 Al llegar a su pueblo, Jes\u00fas se puso a ense\u00f1ar a la gente en la sinagoga, de &hellip; <a href=\"https:\/\/menesianosoy.org\/index.php\/2026\/04\/26\/san-jose-obrero-5\/\" class=\"more-link\">Continue reading<span class=\"screen-reader-text\"> \u00abSan Jos\u00e9 Obrero\u00bb<\/span><\/a><\/p>\n","protected":false},"author":3,"featured_media":0,"comment_status":"closed","ping_status":"closed","sticky":false,"template":"","format":"standard","meta":{"_acf_changed":false,"footnotes":""},"categories":[9],"tags":[],"class_list":["post-34741","post","type-post","status-publish","format-standard","hentry","category-evangelio"],"acf":[],"_links":{"self":[{"href":"https:\/\/menesianosoy.org\/index.php\/wp-json\/wp\/v2\/posts\/34741","targetHints":{"allow":["GET"]}}],"collection":[{"href":"https:\/\/menesianosoy.org\/index.php\/wp-json\/wp\/v2\/posts"}],"about":[{"href":"https:\/\/menesianosoy.org\/index.php\/wp-json\/wp\/v2\/types\/post"}],"author":[{"embeddable":true,"href":"https:\/\/menesianosoy.org\/index.php\/wp-json\/wp\/v2\/users\/3"}],"replies":[{"embeddable":true,"href":"https:\/\/menesianosoy.org\/index.php\/wp-json\/wp\/v2\/comments?post=34741"}],"version-history":[{"count":21,"href":"https:\/\/menesianosoy.org\/index.php\/wp-json\/wp\/v2\/posts\/34741\/revisions"}],"predecessor-version":[{"id":34868,"href":"https:\/\/menesianosoy.org\/index.php\/wp-json\/wp\/v2\/posts\/34741\/revisions\/34868"}],"wp:attachment":[{"href":"https:\/\/menesianosoy.org\/index.php\/wp-json\/wp\/v2\/media?parent=34741"}],"wp:term":[{"taxonomy":"category","embeddable":true,"href":"https:\/\/menesianosoy.org\/index.php\/wp-json\/wp\/v2\/categories?post=34741"},{"taxonomy":"post_tag","embeddable":true,"href":"https:\/\/menesianosoy.org\/index.php\/wp-json\/wp\/v2\/tags?post=34741"}],"curies":[{"name":"wp","href":"https:\/\/api.w.org\/{rel}","templated":true}]}}