{"id":34774,"date":"2026-04-26T14:58:25","date_gmt":"2026-04-26T17:58:25","guid":{"rendered":"https:\/\/menesianosoy.org\/?p=34774"},"modified":"2026-04-26T15:07:58","modified_gmt":"2026-04-26T18:07:58","slug":"san-atanasio-5","status":"publish","type":"post","link":"https:\/\/menesianosoy.org\/index.php\/2026\/04\/26\/san-atanasio-5\/","title":{"rendered":"San Atanasio"},"content":{"rendered":"\n<h5 class=\"wp-block-heading has-text-align-left has-text-color has-link-color wp-elements-921815d6c245fc74991135c5f874cac4\" style=\"color:#572121\"><br><strong>Hechos 13, 44-52<br>Salmo 97 (98), 1-4<\/strong><\/h5>\n\n\n\n<h4 class=\"wp-block-heading has-text-align-left has-vivid-red-color has-text-color has-link-color wp-elements-fc39f3488dc5762bf3842cdb02b86262\"><br><strong>Evangelio: Juan 14, 7-14<\/strong><\/h4>\n\n\n\n<p class=\"has-text-align-left\"><strong><em>Jes\u00fas dijo a sus disc\u00edpulos: Si ustedes me conocen, conocer\u00e1n tambi\u00e9n a mi Padre. Ya desde ahora lo conocen y lo han visto.<br>Felipe le dijo: Se\u00f1or, mu\u00e9stranos al Padre y eso nos basta.<br>Jes\u00fas le respondi\u00f3: Felipe, hace tanto tiempo que estoy con ustedes, \u00bfy todav\u00eda no me conocen?<br>El que me ha visto, ha visto al Padre. \u00bfC\u00f3mo dices, mu\u00e9stranos al Padre? \u00bfNo crees que yo estoy en el Padre y que el Padre est\u00e1 en m\u00ed?<br>Las palabras que digo no son m\u00edas: el Padre que habita en m\u00ed es el que hace las obras. Cr\u00e9anme: yo estoy en el Padre y el Padre est\u00e1 en m\u00ed. Cr\u00e9anlo, al menos, por las obras.<br>Les aseguro que el que cree en m\u00ed har\u00e1 tambi\u00e9n las obras que yo hago, y a\u00fan mayores, porque yo me voy al Padre.<br>Y yo har\u00e9 todo lo que ustedes pidan en mi Hombre, para que el Padre sea glorificado en el Hijo.<br>Si ustedes me piden algo en mi Nombre, yo lo har\u00e9.<\/em><\/strong><\/p>\n\n\n\n<figure class=\"wp-block-image size-full is-resized\"><img loading=\"lazy\" decoding=\"async\" width=\"948\" height=\"542\" src=\"https:\/\/menesianosoy.org\/wp-content\/uploads\/2026\/04\/Padre-Celestial-y-el-HIJO.jpg\" alt=\"\" class=\"wp-image-34780\" style=\"aspect-ratio:1.7490890161374284;width:656px;height:auto\" srcset=\"https:\/\/menesianosoy.org\/wp-content\/uploads\/2026\/04\/Padre-Celestial-y-el-HIJO.jpg 948w, https:\/\/menesianosoy.org\/wp-content\/uploads\/2026\/04\/Padre-Celestial-y-el-HIJO-300x172.jpg 300w, https:\/\/menesianosoy.org\/wp-content\/uploads\/2026\/04\/Padre-Celestial-y-el-HIJO-768x439.jpg 768w\" sizes=\"auto, (max-width: 709px) 85vw, (max-width: 909px) 67vw, (max-width: 1362px) 62vw, 840px\" \/><\/figure>\n\n\n\n<p class=\"has-text-align-left\">Jes\u00fas plantea aqu\u00ed directamente el problema que representa conocer a Dios. No olvidemos que, en el lenguaje del Nuevo Testamento, El Padre es el nombre propio de Dios. Pues bien, Jes\u00fas afirma que quien conoce a \u00c9l, por eso mismo conoce a Dios, lo que es tanto como decir que Jes\u00fas es la imagen de Dios.<br><br>Pero Jes\u00fas da a aqu\u00ed un paso m\u00e1s. Se trata de un conocimiento que entra por los ojos, es decir, por lo sensible, por lo m\u00e1s carnal y humanos que hay en nosotros. Esto explica la intervenci\u00f3n de Felipe y la respuesta de Jes\u00fas le da. <em>\u201cMu\u00e9stranos a Dios\u201d,<\/em> dinos c\u00f3mo es Dios. Lo que no es l\u00f3gico es la respuesta de Jes\u00fas: <em>\u201cTanto tiempo que estoy yo con ustedes y \u00bftodav\u00eda no me conocen?\u201d<\/em> Felipe ve\u00eda en Jes\u00fas un hombre. No se hab\u00eda enterado todav\u00eda de que, en aquel hombre que \u00e9l ve\u00eda y palpaba, all\u00ed estaba viendo y palpando a Dios.<br><br>Felipe segu\u00eda creyendo en el Dios Infinito y Absoluto del que siempre hab\u00eda o\u00eddo hablar. A veces, quiz\u00e1 se preguntar\u00eda si en Jes\u00fas no hab\u00eda algo del antiguo Dios de siempre. Pero seguramente no lo cab\u00eda en la cabeza es que el Dios fulminante del Sina\u00ed, el Dios vencedor de todas las batallas, estaba all\u00ed, delante de \u00e9l, cenando, despidi\u00e9ndose de sus amigos. Dios se hab\u00eda vaciado, hab\u00eda renunciado a su grandeza y hab\u00eda enfilado el camino que, para los hombres de aquel tiempo, era esc\u00e1ndalo y una locura (1\u00aa Cor 1,23). M\u00e1s dif\u00edcil de entender y aceptar es que el Dios infinito es el Dios humanizado. Por eso no entendemos ni aceptamos a Jes\u00fas, aunque pensemos que lo entendemos y lo aceptamos.<\/p>\n\n\n\n<h4 class=\"wp-block-heading has-text-align-left has-vivid-red-color has-text-color has-link-color wp-elements-21e72ba6ab8aac75548a19d39767613b\"><br><strong>Palabras de Juan Mar\u00eda de la Mennais<\/strong><\/h4>\n\n\n\n<p class=\"has-text-align-left\"><img loading=\"lazy\" decoding=\"async\" width=\"150\" height=\"127\" class=\"wp-image-16112\" style=\"width: 150px;\" src=\"https:\/\/menesianosoy.org\/wp-content\/uploads\/2024\/09\/ppp.png\" alt=\"\" srcset=\"https:\/\/menesianosoy.org\/wp-content\/uploads\/2024\/09\/ppp.png 450w, https:\/\/menesianosoy.org\/wp-content\/uploads\/2024\/09\/ppp-300x254.png 300w\" sizes=\"auto, (max-width: 150px) 85vw, 150px\" \/><br><em>Ninguno de nosotros entrar\u00e1 en el seno de Dios, si no ha llegado a ser la imagen de su Hijo. Es en su Hijo, como nos dice \u00e9l mismo, en quien ha puesto todas sus complacencias; y, para elevar hasta \u00e9l a sus miserables criaturas, es necesario que encuentre en ellas los rasgos, y, por as\u00ed decirlo, la figura, la impronta viva de Aquel a quien ha engendrado antes de todos los siglos (Profesi\u00f3n de una religiosa, S VII 2172)<\/em><\/p>\n\n\n\n<h4 class=\"wp-block-heading has-text-align-left has-vivid-red-color has-text-color has-link-color wp-elements-0a274110ab459117ef31134e5ed70b67\"><br><strong>Un Segundo &#8211; Hakuna<\/strong><\/h4>\n\n\n\n<figure class=\"wp-block-embed is-type-video is-provider-youtube wp-block-embed-youtube wp-embed-aspect-16-9 wp-has-aspect-ratio\"><div class=\"wp-block-embed__wrapper\">\n<iframe loading=\"lazy\" title=\"Hakuna Group Music - Un segundo (Letra)\" width=\"1140\" height=\"641\" src=\"https:\/\/www.youtube.com\/embed\/miDJVORJijY?feature=oembed\" frameborder=\"0\" allow=\"accelerometer; autoplay; clipboard-write; encrypted-media; gyroscope; picture-in-picture; web-share\" referrerpolicy=\"strict-origin-when-cross-origin\" allowfullscreen><\/iframe>\n<\/div><\/figure>\n\n\n\n<p>Si por un segundo vieras c\u00f3mo te escucho<br>Cada ruido, cada palabra, y cuando no hablas mucho<br>Y hables o est\u00e9s callado, solo me importa si est\u00e1s<br>En mi amor cabe el silencio, cabe hablar y mucho m\u00e1s.<br><br>Si por un segundo vieras c\u00f3mo te miro<br>Cuando duermes, cierras los ojos, yo ah\u00ed sigo<br>Se me cae la baba, imposible no mirar<br>No quiero dejar de hacerlo, no lo intentes imaginar.<br><br>Reviento de amor, estoy temblando de gozo<br>Te como con la mirada, est\u00e1s aqu\u00ed y no est\u00e1s solo<br>Cada l\u00e1grima, cada risa, en mi memoria se han grabado<br>Cada detalle de tu cuerpo y de tu alma fueron pensados<br>No creo que aguante m\u00e1s contenerme aqu\u00ed detr\u00e1s<br>Quiero entrar, hacerte m\u00edo, curar tu herida si me la das<br>Si por un segundo vieras c\u00f3mo te miro<br>No querr\u00edas ver nada m\u00e1s.<br><br>Si por un segundo vieras cu\u00e1nto te amo<br>Yo solo s\u00e9 entregarme, aunque sea en vano<br>Y tiemblo al imaginar cuando llegues al cielo<br>Costar\u00e1 respirar en el abrazo que nos daremos.<br><br>Si por un segundo vieras lo que hay por llegar<br>Lo que aguarda escondido, casualidades sin azar<br>Lo sue\u00f1o tantas veces, en cada don, \u00bfqu\u00e9 puedo hacer?<br>T\u00fa recibes mi regalo, al cielo miras, agradece.<br><br>Reviento de amor, estoy temblando de gozo<br>Te como con la mirada, est\u00e1s aqu\u00ed y no est\u00e1s solo<br>Cada l\u00e1grima, cada risa, en mi memoria se han grabado<br>Cada detalle de tu cuerpo y de tu alma fueron pensados<br>No creo que aguante m\u00e1s contenerme aqu\u00ed detr\u00e1s<br>Quiero entrar, hacerte m\u00edo, curar tu herida si me la das<br>Si por un segundo vieras como te miro<br>No querr\u00edas ver nada m\u00e1s.<br><br>Reviento de amor y estoy temblando de gozo<br>Hay tanta locura en este amor que no controlo<br>Pierde tu vida, recibir\u00e1s la eternidad<br>La alegr\u00eda de ser esclavo, esclavo de mi libertad<br>Si por un segundo vieras c\u00f3mo te miro<br>No querr\u00edas ver nada m\u00e1s.<\/p>\n\n\n\n<p class=\"has-vivid-purple-background-color has-background\"><\/p>\n\n\n\n<h5 class=\"wp-block-heading has-text-align-left has-small-font-size\"><strong>Atanasio naci\u00f3 en Alejandr\u00eda, uno de los grandes centros culturales del mundo antiguo. Desde joven se destac\u00f3 por su inteligencia y su profunda vida espiritual. Fue secretario del obispo Alejandro y particip\u00f3 en el importante Concilio de Nicea, donde defendi\u00f3 la fe en la divinidad de Cristo frente a la herej\u00eda arriana.<br>Al morir Alejandro, Atanasio fue elegido obispo de Alejandr\u00eda. Su episcopado estuvo marcado por una lucha constante contra el arrianismo, que negaba que Jes\u00fas fuera verdaderamente Dios. Por su firme defensa de la verdad, sufri\u00f3 persecuciones y fue desterrado hasta cinco veces.<br>A pesar de estas dificultades, nunca abandon\u00f3 su misi\u00f3n. Escribi\u00f3 obras fundamentales, como <em>Sobre la Encarnaci\u00f3n del Verbo<\/em>, donde explica el misterio de Cristo con gran profundidad. <br>Tambi\u00e9n tuvo un papel clave en la difusi\u00f3n del monacato, especialmente gracias a su obra sobre la vida de San Antonio Abad.<br>Muri\u00f3 en el a\u00f1o 373, siendo reconocido como un gran defensor de la fe. La Iglesia lo venera como Doctor de la Iglesia por la claridad y firmeza de su ense\u00f1anza.<\/strong><\/h5>\n\n\n\n<p class=\"has-vivid-purple-background-color has-background\"><\/p>\n","protected":false},"excerpt":{"rendered":"<p>Hechos 13, 44-52Salmo 97 (98), 1-4 Evangelio: Juan 14, 7-14 Jes\u00fas dijo a sus disc\u00edpulos: Si ustedes me conocen, conocer\u00e1n tambi\u00e9n a mi Padre. Ya desde ahora lo conocen y lo han visto.Felipe le dijo: Se\u00f1or, mu\u00e9stranos al Padre y eso nos basta.Jes\u00fas le respondi\u00f3: Felipe, hace tanto tiempo que estoy con ustedes, \u00bfy todav\u00eda &hellip; <a href=\"https:\/\/menesianosoy.org\/index.php\/2026\/04\/26\/san-atanasio-5\/\" class=\"more-link\">Continue reading<span class=\"screen-reader-text\"> \u00abSan Atanasio\u00bb<\/span><\/a><\/p>\n","protected":false},"author":3,"featured_media":0,"comment_status":"closed","ping_status":"closed","sticky":false,"template":"","format":"standard","meta":{"_acf_changed":false,"footnotes":""},"categories":[9],"tags":[],"class_list":["post-34774","post","type-post","status-publish","format-standard","hentry","category-evangelio"],"acf":[],"_links":{"self":[{"href":"https:\/\/menesianosoy.org\/index.php\/wp-json\/wp\/v2\/posts\/34774","targetHints":{"allow":["GET"]}}],"collection":[{"href":"https:\/\/menesianosoy.org\/index.php\/wp-json\/wp\/v2\/posts"}],"about":[{"href":"https:\/\/menesianosoy.org\/index.php\/wp-json\/wp\/v2\/types\/post"}],"author":[{"embeddable":true,"href":"https:\/\/menesianosoy.org\/index.php\/wp-json\/wp\/v2\/users\/3"}],"replies":[{"embeddable":true,"href":"https:\/\/menesianosoy.org\/index.php\/wp-json\/wp\/v2\/comments?post=34774"}],"version-history":[{"count":6,"href":"https:\/\/menesianosoy.org\/index.php\/wp-json\/wp\/v2\/posts\/34774\/revisions"}],"predecessor-version":[{"id":34783,"href":"https:\/\/menesianosoy.org\/index.php\/wp-json\/wp\/v2\/posts\/34774\/revisions\/34783"}],"wp:attachment":[{"href":"https:\/\/menesianosoy.org\/index.php\/wp-json\/wp\/v2\/media?parent=34774"}],"wp:term":[{"taxonomy":"category","embeddable":true,"href":"https:\/\/menesianosoy.org\/index.php\/wp-json\/wp\/v2\/categories?post=34774"},{"taxonomy":"post_tag","embeddable":true,"href":"https:\/\/menesianosoy.org\/index.php\/wp-json\/wp\/v2\/tags?post=34774"}],"curies":[{"name":"wp","href":"https:\/\/api.w.org\/{rel}","templated":true}]}}