{"id":34805,"date":"2026-04-26T16:53:29","date_gmt":"2026-04-26T19:53:29","guid":{"rendered":"https:\/\/menesianosoy.org\/?p=34805"},"modified":"2026-04-26T17:04:17","modified_gmt":"2026-04-26T20:04:17","slug":"5o-domingo-de-pascua-5","status":"publish","type":"post","link":"https:\/\/menesianosoy.org\/index.php\/2026\/04\/26\/5o-domingo-de-pascua-5\/","title":{"rendered":"5\u00ba domingo de Pascua"},"content":{"rendered":"\n<h5 class=\"wp-block-heading has-text-align-left has-text-color has-link-color wp-elements-93ca6ce278597aa466fbf65dbb321c9a\" style=\"color:#5e2323\"><br><strong>Hechos 6, 1-7<br>Salmo 32, 1-2.4-5.18-19<br>1\u00aa Pedro 2, 4-10<\/strong><\/h5>\n\n\n\n<h4 class=\"wp-block-heading has-text-align-left has-vivid-red-color has-text-color has-link-color wp-elements-dd49470de83da34a500296a21985c77f\"><br><strong>EVANGELIO: Juan 14, 1-12<\/strong><\/h4>\n\n\n\n<p class=\"has-text-align-left\"><strong><em>Jes\u00fas dijo a sus disc\u00edpulos: No se inquieten. Crean en Dios y crean tambi\u00e9n en m\u00ed.<br>En la Casa de mi Padre hay muchas habitaciones; si no fuera as\u00ed, se lo habr\u00eda dicho a ustedes. Yo voy a prepararles un lugar. Y cuando haya ido y les haya preparado un lugar, volver\u00e9 otra vez para llevarlos conmigo, a fin de que donde yo est\u00e9, est\u00e9n tambi\u00e9n ustedes. Ya conocen el camino del lugar adonde voy.<br>Tom\u00e1s le dijo: Se\u00f1or, no sabemos ad\u00f3nde vas. \u00bfC\u00f3mo vamos a conocer el camino?<br>Jes\u00fas le respondi\u00f3: Yo soy el Camino, la Verdad y la Vida. Nadie va al Padre, sino por m\u00ed. Si ustedes me conocen, conocer\u00e1n tambi\u00e9n a mi Padre. Ya desde ahora lo conocen y lo han visto.<br>Felipe le dijo: Se\u00f1or, mu\u00e9stranos al Padre y eso nos basta.<br>Jes\u00fas le respondi\u00f3: Felipe, hace tanto tiempo que estoy con ustedes, \u00bfy todav\u00eda no me conocen? El que me ha visto, ha visto al Padre. \u00bfC\u00f3mo dices, mu\u00e9stranos al Padre? \u00bfNo crees que yo estoy en el Padre y que el Padre est\u00e1 en m\u00ed? Las palabras que digo no son m\u00edas: el Padre que habita en m\u00ed es el que hace las obras. Cr\u00e9anme: yo estoy en el Padre y el Padre est\u00e1 en m\u00ed. Cr\u00e9anlo, al menos, por las obras.<br>Les aseguro que el que cree en m\u00ed har\u00e1 tambi\u00e9n las obras que yo hago, y a\u00fan mayores, porque yo me voy al Padre.<\/em><\/strong><\/p>\n\n\n\n<figure class=\"wp-block-image size-full is-resized\"><img loading=\"lazy\" decoding=\"async\" width=\"314\" height=\"329\" src=\"https:\/\/menesianosoy.org\/wp-content\/uploads\/2024\/04\/mm.png\" alt=\"\" class=\"wp-image-12337\" style=\"aspect-ratio:0.9544163397808738;width:469px;height:auto\" srcset=\"https:\/\/menesianosoy.org\/wp-content\/uploads\/2024\/04\/mm.png 314w, https:\/\/menesianosoy.org\/wp-content\/uploads\/2024\/04\/mm-286x300.png 286w\" sizes=\"auto, (max-width: 314px) 85vw, 314px\" \/><\/figure>\n\n\n\n<h4 class=\"wp-block-heading has-text-align-left has-vivid-red-color has-text-color has-link-color wp-elements-9f47231f443d0bb55a4e249b408b1b3b\"><br><strong>PALABRA Y REALIDAD<\/strong><\/h4>\n\n\n\n<p class=\"has-text-align-left\">Las lecturas de hoy nos van preparando para la Ascensi\u00f3n del Se\u00f1or que celebraremos dentro de dos domingos. Por un lado, la primera lectura, dar\u00e1 cuenta de c\u00f3mo el evangelio se va expandiendo y los signos van atestiguando su veracidad. Por otro lado, el Ap\u00f3stol Pedro, nos invitar\u00e1 a dar razones de nuestra esperanza, es decir, del sentido vital que anima nuestro caminar.<br><br>El Evangelio nos narrar\u00e1, que, al final de la \u00faltima cena, los disc\u00edpulos comienzan a intuir que Jes\u00fas ya no estar\u00e1 mucho tiempo con ellos. La salida precipitada de Judas, el anuncio de que Pedro lo negar\u00e1 muy pronto, Jes\u00fas hablando de su pr\u00f3xima partida, han dejado a todos desconcertados y abatidos. \u00bfQu\u00e9 va a ser de ellos?<br><br>Jes\u00fas capta su tristeza y su turbaci\u00f3n. Su coraz\u00f3n se conmueve. Olvid\u00e1ndose de s\u00ed mismo y de lo que le espera, trata de animarlos:\u00a0<em>\u00abNo se inquieten. Conf\u00eden en Dios y conf\u00eden tambi\u00e9n en m\u00ed\u00bb<\/em>.<br>Jes\u00fas quiere comunicarnos confianza y seguridad en el camino de esta vida, aunque no le veamos, ni oigamos, ni palpemos. \u00c9l est\u00e1 con nosotros y esa es la certeza que sostiene y alienta el caminar cotidiano.<br><br>Los di\u00e1logos de Jes\u00fas con sus disc\u00edpulos, en la persona de Tom\u00e1s y de Felipe, ponen de manifiesto las preocupaciones de ellos, las de las primeras comunidades cristianas y las nuestras. \u00bfCu\u00e1l es el camino hacia el Padre y qui\u00e9n es este?<br>Yo soy el camino hacia el Padre, dir\u00e1 Jes\u00fas y no hay otro. No hemos de olvidar nunca esta verdad. Juan Mar\u00eda nos dir\u00e1 que el \u00fanico camino hacia el Padre es ir dej\u00e1ndonos, poco a poco, en la medida que nos lo permita la humana debilidad, revestir de Jesucristo. S\u00f3lo as\u00ed accederemos al Padre.<br><br>Jes\u00fas no s\u00f3lo es el camino. Es la verdad y la vida. Es el \u00fanico camino que nos hace m\u00e1s verdaderos, m\u00e1s humanos, m\u00e1s yo mismo, pues al desplegar en nosotros la imagen del Hijo, nos vamos plenificando. Tambi\u00e9n es el \u00fanico camino que nos da vida y vida en abundancia. La vida no est\u00e1 fuera, est\u00e1 dentro. La vida no est\u00e1 en la superficialidad, sino en la interioridad y en la medida que bajemos a las profundidades nos iremos encontrando con que \u2018<em>en lo profundo no hay nada que no sea sorprendente, y sin embargo bajamos tan a poco y pocas veces\u2019<\/em>, nos dice Luis Guitarra en una de sus canciones.<br><br>Jes\u00fas se presenta como camino que conduce y acerca al Misterio \u00faltimo. Dios no se impone. Dios no fuerza a nadie con pruebas ni evidencias. El Misterio \u00faltimo es silencio y atracci\u00f3n respetuosa. Jes\u00fas es el camino que nos puede conducir Misterio, al Padre.<br>Esta acci\u00f3n de Jes\u00fas en nosotros se produce, casi siempre, de forma discreta y callada. El mismo creyente solo intuye una presencia imperceptible.<br>A veces, sin embargo, nos invade la certeza, la alegr\u00eda incontenible, la confianza total: Dios existe, nos ama, todo es posible, incluso la vida eterna.<\/p>\n\n\n\n<h4 class=\"wp-block-heading has-text-align-left has-vivid-red-color has-text-color has-link-color wp-elements-5af24976db34ac68a33e43ae400727f2\"><br><strong>LECTURA de los LAZOS<\/strong><\/h4>\n\n\n\n<p class=\"has-text-align-left\"><em>Jes\u00fas y sus disc\u00edpulos: <\/em><br>Los cuida como un padre, est\u00e1 atento a ellos, no descuida nada para prepararlos, los advierte, los fortalece para que puedan enfrentar lo que acontecer\u00e1, busca infundirles \u00e1nimo y confianza desde el inicio, se proyecta en ellos e incluso les dice que har\u00e1n obras mayores que \u00e9l. <br>\u00bfActu\u00f3 como Jes\u00fas con los que me son confiados?<\/p>\n\n\n\n<p><br><strong>PALABRAS DE JUAN MAR\u00cdA DE LA MENNAIS<\/strong><\/p>\n\n\n\n<p class=\"has-text-align-left\"><img loading=\"lazy\" decoding=\"async\" width=\"150\" height=\"127\" class=\"wp-image-16112\" style=\"width: 150px;\" src=\"https:\/\/menesianosoy.org\/wp-content\/uploads\/2024\/09\/ppp.png\" alt=\"\" srcset=\"https:\/\/menesianosoy.org\/wp-content\/uploads\/2024\/09\/ppp.png 450w, https:\/\/menesianosoy.org\/wp-content\/uploads\/2024\/09\/ppp-300x254.png 300w\" sizes=\"auto, (max-width: 150px) 85vw, 150px\" \/><br><em>En esta ciudad tan cristiana, no hay una sola familia que no tenga alg\u00fan santo entre sus miembros; ahora desde lo alto del cielo, nos tienden sus brazos; \u00bfno los oyen? Les piden, Hermanos m\u00edos, los llaman para ir a gozar con ellos: hijo m\u00edo, hermano m\u00edo, hermana m\u00eda, les dicen, salva tu alma, camina, camina con paso firme por el sendero por el que nosotros mismos hemos andado, \u00e9l te conducir\u00e1, como a nosotros, a la estancia de alegr\u00edas inmortales y a la eterna felicidad. (Serm\u00f3n sobre el cielo, S. IV 1286 ss.)<\/em><\/p>\n\n\n\n<h4 class=\"wp-block-heading has-text-align-left has-vivid-red-color has-text-color has-link-color wp-elements-65589e7d4c96de3fdc22e1864597e3aa\"><br><strong>Yo soy el Camino firme &#8211; Canto Cat\u00f3lico<\/strong><\/h4>\n\n\n\n<figure class=\"wp-block-embed is-type-video is-provider-youtube wp-block-embed-youtube wp-embed-aspect-16-9 wp-has-aspect-ratio\"><div class=\"wp-block-embed__wrapper\">\n<iframe loading=\"lazy\" title=\"Yo soy el camino firme | M\u00fasica Cat\u00f3lica\" width=\"1140\" height=\"641\" src=\"https:\/\/www.youtube.com\/embed\/HnYQh02lFrA?feature=oembed\" frameborder=\"0\" allow=\"accelerometer; autoplay; clipboard-write; encrypted-media; gyroscope; picture-in-picture; web-share\" referrerpolicy=\"strict-origin-when-cross-origin\" allowfullscreen><\/iframe>\n<\/div><\/figure>\n\n\n\n<p>Yo soy la Luz del Mundo,<br>&nbsp;no hay tinieblas junto a M\u00ed.<br>&nbsp;Tendr\u00e1n la luz de la vida<br>&nbsp;por la palabra que les di.<br><br>&nbsp;Yo soy el Camino firme,<br>&nbsp;Yo soy la Vida y la Verdad.<br>&nbsp;Por m\u00ed llegar\u00e1n al Padre<br>&nbsp;y el Santo Esp\u00edritu tendr\u00e1n.<br><br>&nbsp;Yo soy el Pan de Vida<br>&nbsp;y con ustedes me qued\u00e9.<br>&nbsp;Me entrego como alimento,<br>&nbsp;Soy el misterio de la fe.<br><br>&nbsp;Yo soy el Buen Pastor<br>&nbsp;y por amor mi vida doy.<br>&nbsp;Yo quiero un solo reba\u00f1o,<br>&nbsp;Soy para todos Salvador.<br><br>&nbsp;Yo soy la Vid Verdadera,<br>&nbsp;mi Padre Dios, el vi\u00f1ador.<br>&nbsp;Produzcan fruto abundante<br>&nbsp;permaneciendo en mi amor.<br><br>&nbsp;Yo soy Se\u00f1or y Maestro<br>&nbsp;y un mandamiento nuevo os doy:<br>&nbsp;Que se amen unos a otros<br>&nbsp;como los he amado yo.<\/p>\n\n\n\n<p class=\"has-vivid-purple-background-color has-background\"><\/p>\n","protected":false},"excerpt":{"rendered":"<p>Hechos 6, 1-7Salmo 32, 1-2.4-5.18-191\u00aa Pedro 2, 4-10 EVANGELIO: Juan 14, 1-12 Jes\u00fas dijo a sus disc\u00edpulos: No se inquieten. Crean en Dios y crean tambi\u00e9n en m\u00ed.En la Casa de mi Padre hay muchas habitaciones; si no fuera as\u00ed, se lo habr\u00eda dicho a ustedes. Yo voy a prepararles un lugar. Y cuando haya &hellip; <a href=\"https:\/\/menesianosoy.org\/index.php\/2026\/04\/26\/5o-domingo-de-pascua-5\/\" class=\"more-link\">Continue reading<span class=\"screen-reader-text\"> \u00ab5\u00ba domingo de Pascua\u00bb<\/span><\/a><\/p>\n","protected":false},"author":3,"featured_media":0,"comment_status":"closed","ping_status":"closed","sticky":false,"template":"","format":"standard","meta":{"_acf_changed":false,"footnotes":""},"categories":[9],"tags":[],"class_list":["post-34805","post","type-post","status-publish","format-standard","hentry","category-evangelio"],"acf":[],"_links":{"self":[{"href":"https:\/\/menesianosoy.org\/index.php\/wp-json\/wp\/v2\/posts\/34805","targetHints":{"allow":["GET"]}}],"collection":[{"href":"https:\/\/menesianosoy.org\/index.php\/wp-json\/wp\/v2\/posts"}],"about":[{"href":"https:\/\/menesianosoy.org\/index.php\/wp-json\/wp\/v2\/types\/post"}],"author":[{"embeddable":true,"href":"https:\/\/menesianosoy.org\/index.php\/wp-json\/wp\/v2\/users\/3"}],"replies":[{"embeddable":true,"href":"https:\/\/menesianosoy.org\/index.php\/wp-json\/wp\/v2\/comments?post=34805"}],"version-history":[{"count":6,"href":"https:\/\/menesianosoy.org\/index.php\/wp-json\/wp\/v2\/posts\/34805\/revisions"}],"predecessor-version":[{"id":34814,"href":"https:\/\/menesianosoy.org\/index.php\/wp-json\/wp\/v2\/posts\/34805\/revisions\/34814"}],"wp:attachment":[{"href":"https:\/\/menesianosoy.org\/index.php\/wp-json\/wp\/v2\/media?parent=34805"}],"wp:term":[{"taxonomy":"category","embeddable":true,"href":"https:\/\/menesianosoy.org\/index.php\/wp-json\/wp\/v2\/categories?post=34805"},{"taxonomy":"post_tag","embeddable":true,"href":"https:\/\/menesianosoy.org\/index.php\/wp-json\/wp\/v2\/tags?post=34805"}],"curies":[{"name":"wp","href":"https:\/\/api.w.org\/{rel}","templated":true}]}}