{"id":34967,"date":"2026-04-30T20:13:21","date_gmt":"2026-04-30T23:13:21","guid":{"rendered":"https:\/\/menesianosoy.org\/?p=34967"},"modified":"2026-05-01T15:05:03","modified_gmt":"2026-05-01T18:05:03","slug":"beato-carlos-manuel-rodriguez","status":"publish","type":"post","link":"https:\/\/menesianosoy.org\/index.php\/2026\/04\/30\/beato-carlos-manuel-rodriguez\/","title":{"rendered":"Beato Carlos Manuel Rodr\u00edguez"},"content":{"rendered":"\n<figure class=\"wp-block-image size-full\"><img loading=\"lazy\" decoding=\"async\" width=\"800\" height=\"432\" src=\"https:\/\/menesianosoy.org\/wp-content\/uploads\/2026\/04\/Cadena-Info-2.jpg.jpeg\" alt=\"\" class=\"wp-image-34838\" srcset=\"https:\/\/menesianosoy.org\/wp-content\/uploads\/2026\/04\/Cadena-Info-2.jpg.jpeg 800w, https:\/\/menesianosoy.org\/wp-content\/uploads\/2026\/04\/Cadena-Info-2.jpg-300x162.jpeg 300w, https:\/\/menesianosoy.org\/wp-content\/uploads\/2026\/04\/Cadena-Info-2.jpg-768x415.jpeg 768w\" sizes=\"auto, (max-width: 709px) 85vw, (max-width: 909px) 67vw, (max-width: 984px) 61vw, (max-width: 1362px) 45vw, 600px\" \/><\/figure>\n\n\n\n<p class=\"has-text-align-center\">Hoy reza por las vocaciones<br><strong>Luz Mar\u00eda Barojas de Huatusco<br><\/strong><em>Hermano: nombre que resume una misi\u00f3n, una entrega, una vida.<\/em><\/p>\n\n\n\n<h5 class=\"wp-block-heading has-text-align-left has-text-color has-link-color wp-elements-8fcbccfa5ed32673106927db9b2b1d38\" style=\"color:#571010\"><br><strong>Hechos 14, 5-18<br>Salmo 113B (115), 1-4.15-16<\/strong><\/h5>\n\n\n\n<h4 class=\"wp-block-heading has-text-align-left has-vivid-red-color has-text-color has-link-color wp-elements-c1eebfd2e1e433afaee42bf01afc88a3\"><br><strong>Evangelio: Juan 14, 21-26<\/strong><\/h4>\n\n\n\n<p class=\"has-text-align-left\"><strong><em>Jes\u00fas dijo a sus disc\u00edpulos: El que recibe mis mandamientos y los cumple, \u00e9se es el que me ama; y el que me ama ser\u00e1 amado por mi Padre, y yo lo amar\u00e9 y me manifestar\u00e9 a \u00e9l.<br>Judas \u2013no el Iscariote\u2013 le dijo: Se\u00f1or, \u00bfpor qu\u00e9 te vas a manifestar a nosotros y no al mundo?<br>Jes\u00fas le respondi\u00f3: El que me ama ser\u00e1 fiel a mi palabra, y mi Padre lo amar\u00e1; iremos a \u00e9l y habitaremos en \u00e9l. El que no me ama no es fiel a mis palabras.<br>La palabra que ustedes oyeron no es m\u00eda, sino del Padre que me envi\u00f3.<br>Yo les digo estas cosas mientras permanezco con ustedes. Pero el Par\u00e1clito, el Esp\u00edritu Santo, que el Padre enviar\u00e1 en mi Nombre, les ense\u00f1ar\u00e1 todo y les recordar\u00e1 lo que les he dicho.<\/em><\/strong><\/p>\n\n\n\n<figure class=\"wp-block-image size-full\"><img loading=\"lazy\" decoding=\"async\" width=\"600\" height=\"409\" src=\"https:\/\/menesianosoy.org\/wp-content\/uploads\/2026\/04\/Morada.jpg\" alt=\"\" class=\"wp-image-35008\" srcset=\"https:\/\/menesianosoy.org\/wp-content\/uploads\/2026\/04\/Morada.jpg 600w, https:\/\/menesianosoy.org\/wp-content\/uploads\/2026\/04\/Morada-300x205.jpg 300w\" sizes=\"auto, (max-width: 709px) 85vw, (max-width: 909px) 67vw, (max-width: 984px) 61vw, (max-width: 1362px) 45vw, 600px\" \/><\/figure>\n\n\n\n<p class=\"has-text-align-left\"><br>Dios no quiere quedarse fuera de nosotros, sino habitar en el coraz\u00f3n. No se trata s\u00f3lo de creer en \u00c9l o de admirarlo desde lejos, sino de dejarle un espacio real, concreto, cotidiano.<br><br><em>\u201cEl que me ama ser\u00e1 fiel a mi palabra\u2026\u201d<\/em>. El amor verdadero se prueba en la fidelidad. No basta una emoci\u00f3n pasajera ni una adhesi\u00f3n superficial. Amar a Cristo es dejar que su Palabra ordene la vida, que ilumine decisiones, que modele el coraz\u00f3n, que sea hu\u00e9sped de nuestra alma.<br><br>Juan Mar\u00eda de la Mennais insist\u00eda en que el educador menesiano debe ser hombre de Dios, es decir, alguien habitado por \u00c9l. No se puede transmitir la fe como una simple ense\u00f1anza exterior: se comunica lo que se vive por dentro. Un coraz\u00f3n donde Dios habita se convierte, casi sin propon\u00e9rselo, en luz para los ni\u00f1os y j\u00f3venes.<br><br>La presencia de Dios no es est\u00e1tica sino viva, fecunda. Desde dentro, Dios educa, sostiene, consuela y env\u00eda. El educador menesiano no act\u00faa solo, es morada de Dios en medio del mundo, especialmente entre los m\u00e1s peque\u00f1os. All\u00ed, en lo sencillo, en lo oculto, Dios sigue haci\u00e9ndose presente.<br><br>El evangelio de hoy nos hace una invitaci\u00f3n sencilla y exigente a la vez: dejar espacio a la Palabra, vivirla con fidelidad, y permitir que Dios haga de nuestro coraz\u00f3n su casa\u2026 para que, desde all\u00ed, pueda tocar la vida de otros.<\/p>\n\n\n\n<h5 class=\"wp-block-heading has-text-align-left has-text-color has-link-color wp-elements-4a48835a311918b78cc46554f8c30f63\" style=\"color:#421e63\"><br><strong>M\u00c1XIMA<br>Somos morada de Dios<\/strong><\/h5>\n\n\n\n<h4 class=\"wp-block-heading has-text-align-left has-vivid-red-color has-text-color has-link-color wp-elements-21e72ba6ab8aac75548a19d39767613b\"><br><strong>Palabras de Juan Mar\u00eda de la Mennais<\/strong><\/h4>\n\n\n\n<p class=\"has-text-align-left\"><img loading=\"lazy\" decoding=\"async\" width=\"150\" height=\"127\" class=\"wp-image-16112\" style=\"width: 150px;\" src=\"https:\/\/menesianosoy.org\/wp-content\/uploads\/2024\/09\/ppp.png\" alt=\"\" srcset=\"https:\/\/menesianosoy.org\/wp-content\/uploads\/2024\/09\/ppp.png 450w, https:\/\/menesianosoy.org\/wp-content\/uploads\/2024\/09\/ppp-300x254.png 300w\" sizes=\"auto, (max-width: 150px) 85vw, 150px\" \/><br><em>No tengan nunca otra voluntad que \u00e9sta; permanezcan bajo la mano de Dios como ni\u00f1os peque\u00f1os, muy humildes, muy d\u00f3ciles, muy sencillos, que se dejan llevar, levantar, acostar, que son maleables y dispuestos a toda clase de movimientos, y Dios los iluminar\u00e1, los bendecir\u00e1 y los recompensar\u00e1 en la eternidad por el bien que han hecho como por el bien que hubieran querido hacer.&nbsp; (Apertura de retiro)&nbsp;<\/em>&nbsp;<\/p>\n\n\n\n<p>CANCI\u00d3N<br>Haz tu voluntad \u2013 Jennifer Pacheco<\/p>\n\n\n\n<p class=\"has-vivid-purple-background-color has-background\"><\/p>\n\n\n\n<h5 class=\"wp-block-heading has-text-align-left has-small-font-size\"><img loading=\"lazy\" decoding=\"async\" width=\"150\" height=\"184\" class=\"wp-image-12382\" style=\"width: 150px;\" src=\"https:\/\/menesianosoy.org\/wp-content\/uploads\/2024\/05\/images.jpeg\" alt=\"\"><br><strong>CARLOS MAR\u00cdA RODRIGUEZ SANTIAGO (1919-1963) Laico terciario&nbsp;benedictino&nbsp;y&nbsp;te\u00f3logo&nbsp;cat\u00f3lico, primer beato de Puerto Rico y el Caribe. Desde adolescente comenz\u00f3 a sufrir una enfermedad gastrointestinal, que lo har\u00eda sufrir mucho toda su vida. Eso no impidi\u00f3 que viviera su compromiso cristiano con \u00e1nimo y gran despliegue de actividades. La alegr\u00eda era una constante en su vida y una notable fortaleza espiritual trascend\u00eda su fr\u00e1gil figura, minada por la enfermedad. Fue adem\u00e1s autor de muchos libros. El papa Juan Pablo II lo beatific\u00f3 en el a\u00f1o 2001.<\/strong><\/h5>\n","protected":false},"excerpt":{"rendered":"<p>Hoy reza por las vocacionesLuz Mar\u00eda Barojas de HuatuscoHermano: nombre que resume una misi\u00f3n, una entrega, una vida. Hechos 14, 5-18Salmo 113B (115), 1-4.15-16 Evangelio: Juan 14, 21-26 Jes\u00fas dijo a sus disc\u00edpulos: El que recibe mis mandamientos y los cumple, \u00e9se es el que me ama; y el que me ama ser\u00e1 amado por &hellip; <a href=\"https:\/\/menesianosoy.org\/index.php\/2026\/04\/30\/beato-carlos-manuel-rodriguez\/\" class=\"more-link\">Continue reading<span class=\"screen-reader-text\"> \u00abBeato Carlos Manuel Rodr\u00edguez\u00bb<\/span><\/a><\/p>\n","protected":false},"author":3,"featured_media":0,"comment_status":"closed","ping_status":"closed","sticky":false,"template":"","format":"standard","meta":{"_acf_changed":false,"footnotes":""},"categories":[9],"tags":[],"class_list":["post-34967","post","type-post","status-publish","format-standard","hentry","category-evangelio"],"acf":[],"_links":{"self":[{"href":"https:\/\/menesianosoy.org\/index.php\/wp-json\/wp\/v2\/posts\/34967","targetHints":{"allow":["GET"]}}],"collection":[{"href":"https:\/\/menesianosoy.org\/index.php\/wp-json\/wp\/v2\/posts"}],"about":[{"href":"https:\/\/menesianosoy.org\/index.php\/wp-json\/wp\/v2\/types\/post"}],"author":[{"embeddable":true,"href":"https:\/\/menesianosoy.org\/index.php\/wp-json\/wp\/v2\/users\/3"}],"replies":[{"embeddable":true,"href":"https:\/\/menesianosoy.org\/index.php\/wp-json\/wp\/v2\/comments?post=34967"}],"version-history":[{"count":13,"href":"https:\/\/menesianosoy.org\/index.php\/wp-json\/wp\/v2\/posts\/34967\/revisions"}],"predecessor-version":[{"id":35016,"href":"https:\/\/menesianosoy.org\/index.php\/wp-json\/wp\/v2\/posts\/34967\/revisions\/35016"}],"wp:attachment":[{"href":"https:\/\/menesianosoy.org\/index.php\/wp-json\/wp\/v2\/media?parent=34967"}],"wp:term":[{"taxonomy":"category","embeddable":true,"href":"https:\/\/menesianosoy.org\/index.php\/wp-json\/wp\/v2\/categories?post=34967"},{"taxonomy":"post_tag","embeddable":true,"href":"https:\/\/menesianosoy.org\/index.php\/wp-json\/wp\/v2\/tags?post=34967"}],"curies":[{"name":"wp","href":"https:\/\/api.w.org\/{rel}","templated":true}]}}