{"id":35026,"date":"2026-05-01T17:27:16","date_gmt":"2026-05-01T20:27:16","guid":{"rendered":"https:\/\/menesianosoy.org\/?p=35026"},"modified":"2026-05-01T17:44:43","modified_gmt":"2026-05-01T20:44:43","slug":"martes-de-la-5o-semana-de-pascua","status":"publish","type":"post","link":"https:\/\/menesianosoy.org\/index.php\/2026\/05\/01\/martes-de-la-5o-semana-de-pascua\/","title":{"rendered":"Martes de la 5\u00ba semana de Pascua"},"content":{"rendered":"\n<figure class=\"wp-block-image size-full\"><img loading=\"lazy\" decoding=\"async\" width=\"800\" height=\"432\" src=\"https:\/\/menesianosoy.org\/wp-content\/uploads\/2026\/04\/Cadena-Info-2.jpg.jpeg\" alt=\"\" class=\"wp-image-34838\" srcset=\"https:\/\/menesianosoy.org\/wp-content\/uploads\/2026\/04\/Cadena-Info-2.jpg.jpeg 800w, https:\/\/menesianosoy.org\/wp-content\/uploads\/2026\/04\/Cadena-Info-2.jpg-300x162.jpeg 300w, https:\/\/menesianosoy.org\/wp-content\/uploads\/2026\/04\/Cadena-Info-2.jpg-768x415.jpeg 768w\" sizes=\"auto, (max-width: 709px) 85vw, (max-width: 909px) 67vw, (max-width: 984px) 61vw, (max-width: 1362px) 45vw, 600px\" \/><\/figure>\n\n\n\n<p class=\"has-text-align-center has-black-color has-text-color has-link-color wp-elements-9d78e39646f46967968c4280debf45bc\"><br>Hoy reza por las vocaciones<br><strong><strong>Ady Cuacua<\/strong>, de Huatusco<br><\/strong><em><em>Ser Hermano es hacerse cercano al que nadie ve ni escucha.<\/em><\/em><\/p>\n\n\n\n<h5 class=\"wp-block-heading has-text-align-left has-text-color has-link-color wp-elements-a5872eb9546ce47eb2f8480bc1ffb08a\" style=\"color:#601111\"><br><br><strong>Hechos 14, 19-28<br>Salmo 144 (145), 10-13ab.21<\/strong><\/h5>\n\n\n\n<h4 class=\"wp-block-heading has-text-align-left has-vivid-red-color has-text-color has-link-color wp-elements-43d3b01e122b64c70ebb370139b8ac66\"><br><strong>Evangelio: Juan 14, 27-31\u00aa<\/strong><\/h4>\n\n\n\n<p class=\"has-text-align-left\"><strong><em>Jes\u00fas dijo a sus disc\u00edpulos: Les dejo la PAZ, les doy mi paz, pero no como la da el mundo.<br>\u00a1No se inquieten ni teman!<br>Me han o\u00eddo decir: Me voy y volver\u00e9 a ustedes. Si me amaran, se alegrar\u00edan de que vuelva junto al Padre, porque el Padre es m\u00e1s grande que yo. Les he dicho esto antes que suceda, para que cuando se cumpla, ustedes crean.<br>Ya no hablar\u00e9 mucho m\u00e1s con ustedes, porque est\u00e1 por llegar el Pr\u00edncipe de este mundo: \u00e9l nada puede hacer contra m\u00ed, pero es necesario que el mundo sepa que yo amo al Padre y obro como \u00e9l me ha ordenado.\u00a0 Lev\u00e1ntense, salgamos de aqu\u00ed.<\/em><\/strong><\/p>\n\n\n\n<figure class=\"wp-block-image size-large is-resized\"><img loading=\"lazy\" decoding=\"async\" width=\"1024\" height=\"576\" src=\"https:\/\/menesianosoy.org\/wp-content\/uploads\/2026\/05\/La-paz-1024x576.jpg\" alt=\"\" class=\"wp-image-35031\" style=\"width:743px;height:auto\" srcset=\"https:\/\/menesianosoy.org\/wp-content\/uploads\/2026\/05\/La-paz-1024x576.jpg 1024w, https:\/\/menesianosoy.org\/wp-content\/uploads\/2026\/05\/La-paz-300x169.jpg 300w, https:\/\/menesianosoy.org\/wp-content\/uploads\/2026\/05\/La-paz-768x432.jpg 768w, https:\/\/menesianosoy.org\/wp-content\/uploads\/2026\/05\/La-paz-1200x675.jpg 1200w, https:\/\/menesianosoy.org\/wp-content\/uploads\/2026\/05\/La-paz.jpg 1280w\" sizes=\"auto, (max-width: 709px) 85vw, (max-width: 909px) 67vw, (max-width: 1362px) 62vw, 840px\" \/><\/figure>\n\n\n\n<p>COMENTARIO<\/p>\n\n\n\n<h5 class=\"wp-block-heading has-text-color has-link-color wp-elements-cdd7c14cb2be285188e2178cc8375262\" style=\"color:#3d1562\"><br><strong>M\u00c1XIMA<br>Seamos constructores de paz<\/strong><\/h5>\n\n\n\n<h4 class=\"wp-block-heading has-text-align-left has-vivid-red-color has-text-color has-link-color wp-elements-21e72ba6ab8aac75548a19d39767613b\"><br><strong>Palabras de Juan Mar\u00eda de la Mennais<\/strong><\/h4>\n\n\n\n<p class=\"has-text-align-left\"><img loading=\"lazy\" decoding=\"async\" width=\"150\" height=\"183\" class=\"wp-image-16098\" style=\"width: 150px;\" src=\"https:\/\/menesianosoy.org\/wp-content\/uploads\/2024\/09\/juanmaria.png\" alt=\"\" srcset=\"https:\/\/menesianosoy.org\/wp-content\/uploads\/2024\/09\/juanmaria.png 450w, https:\/\/menesianosoy.org\/wp-content\/uploads\/2024\/09\/juanmaria-246x300.png 246w\" sizes=\"auto, (max-width: 150px) 85vw, 150px\" \/><br><em>\u00c9l les dar\u00e1 su paz, no como la da el mundo, esa paz inefable que sobrepasa todo sentimiento y que es el gozo anticipado y el alma de esta paz eterna\u201d. (Condiciones para aprovechar el retiro)<\/em><\/p>\n\n\n\n<h4 class=\"wp-block-heading has-vivid-red-color has-text-color has-link-color wp-elements-4bcbab28a582f2287d3b3dafcef10038\"><br><strong>Oraci\u00f3n de San Francisco &#8211; Canto Cat\u00f3lico<\/strong><\/h4>\n\n\n\n<figure class=\"wp-block-embed is-type-video is-provider-youtube wp-block-embed-youtube wp-embed-aspect-16-9 wp-has-aspect-ratio\"><div class=\"wp-block-embed__wrapper\">\n<iframe loading=\"lazy\" title=\"Oraci\u00f3n de san Francisco de As\u00eds | Oraci\u00f3n simple | Un regalo para el Papa Francisco\" width=\"1140\" height=\"641\" src=\"https:\/\/www.youtube.com\/embed\/Nsl28lNo8z0?feature=oembed\" frameborder=\"0\" allow=\"accelerometer; autoplay; clipboard-write; encrypted-media; gyroscope; picture-in-picture; web-share\" referrerpolicy=\"strict-origin-when-cross-origin\" allowfullscreen><\/iframe>\n<\/div><\/figure>\n\n\n\n<p class=\"has-text-align-left\">Hazme un instrumento de tu paz.<br>Es perdonando que nos das perd\u00f3n.<br>Es dando a todos que t\u00fa nos das;<br>Muriendo es que volvemos a nacer.<br><br>Hazme un instrumento de tu paz:<br>Donde haya odio lleve yo tu amor.<br>Donde haya injuria, tu perd\u00f3n, Se\u00f1or.<br>Donde haya duda, fe en ti.<br><br>Hazme un instrumento de tu paz,<br>que lleve tu esperanza por doquier;<br>donde haya oscuridad lleve tu luz;<br>donde haya pena, tu gozo, Se\u00f1or.<br><br>Maestro, ay\u00fadame a nunca buscar<br>querer ser consolado como consolar;<br>ser comprendido como comprender;<br>ser amado como yo amar.<br><br>Hazme un instrumento de tu paz\u2026<\/p>\n\n\n\n<p class=\"has-vivid-purple-background-color has-background\"><\/p>\n","protected":false},"excerpt":{"rendered":"<p>Hoy reza por las vocacionesAdy Cuacua, de HuatuscoSer Hermano es hacerse cercano al que nadie ve ni escucha. Hechos 14, 19-28Salmo 144 (145), 10-13ab.21 Evangelio: Juan 14, 27-31\u00aa Jes\u00fas dijo a sus disc\u00edpulos: Les dejo la PAZ, les doy mi paz, pero no como la da el mundo.\u00a1No se inquieten ni teman!Me han o\u00eddo decir: &hellip; <a href=\"https:\/\/menesianosoy.org\/index.php\/2026\/05\/01\/martes-de-la-5o-semana-de-pascua\/\" class=\"more-link\">Continue reading<span class=\"screen-reader-text\"> \u00abMartes de la 5\u00ba semana de Pascua\u00bb<\/span><\/a><\/p>\n","protected":false},"author":3,"featured_media":0,"comment_status":"closed","ping_status":"closed","sticky":false,"template":"","format":"standard","meta":{"_acf_changed":false,"footnotes":""},"categories":[9],"tags":[],"class_list":["post-35026","post","type-post","status-publish","format-standard","hentry","category-evangelio"],"acf":[],"_links":{"self":[{"href":"https:\/\/menesianosoy.org\/index.php\/wp-json\/wp\/v2\/posts\/35026","targetHints":{"allow":["GET"]}}],"collection":[{"href":"https:\/\/menesianosoy.org\/index.php\/wp-json\/wp\/v2\/posts"}],"about":[{"href":"https:\/\/menesianosoy.org\/index.php\/wp-json\/wp\/v2\/types\/post"}],"author":[{"embeddable":true,"href":"https:\/\/menesianosoy.org\/index.php\/wp-json\/wp\/v2\/users\/3"}],"replies":[{"embeddable":true,"href":"https:\/\/menesianosoy.org\/index.php\/wp-json\/wp\/v2\/comments?post=35026"}],"version-history":[{"count":6,"href":"https:\/\/menesianosoy.org\/index.php\/wp-json\/wp\/v2\/posts\/35026\/revisions"}],"predecessor-version":[{"id":35037,"href":"https:\/\/menesianosoy.org\/index.php\/wp-json\/wp\/v2\/posts\/35026\/revisions\/35037"}],"wp:attachment":[{"href":"https:\/\/menesianosoy.org\/index.php\/wp-json\/wp\/v2\/media?parent=35026"}],"wp:term":[{"taxonomy":"category","embeddable":true,"href":"https:\/\/menesianosoy.org\/index.php\/wp-json\/wp\/v2\/categories?post=35026"},{"taxonomy":"post_tag","embeddable":true,"href":"https:\/\/menesianosoy.org\/index.php\/wp-json\/wp\/v2\/tags?post=35026"}],"curies":[{"name":"wp","href":"https:\/\/api.w.org\/{rel}","templated":true}]}}