{"id":3509,"date":"2023-09-14T15:02:53","date_gmt":"2023-09-14T18:02:53","guid":{"rendered":"https:\/\/menesianosoy.org\/?p=3509"},"modified":"2023-09-19T11:42:50","modified_gmt":"2023-09-19T14:42:50","slug":"nacimiento-congregacion-16-09","status":"publish","type":"post","link":"https:\/\/menesianosoy.org\/index.php\/2023\/09\/14\/nacimiento-congregacion-16-09\/","title":{"rendered":"Nacimiento de la Congregaci\u00f3n"},"content":{"rendered":"\n<p class=\"has-text-align-left\">Rezamos esta tarde en uni\u00f3n con toda la Familia Menesiana extendida por el mundo entero, pidiendo al Se\u00f1or que nos ayude a ser fieles a las intuiciones fundacionales de Juan Mar\u00eda y de Gabriel, buscando siempre los caminos del Se\u00f1or en el mundo de hoy. Que la divisa Dios Solo, el Crucifijo y la Regla de Vida sean para nosotros los faros que iluminan el caminar como cuerpo eclesial.<\/p>\n\n\n\n<h3 class=\"wp-block-heading has-text-align-left has-vivid-cyan-blue-color has-text-color\"><br><strong>Himno<\/strong><\/h3>\n\n\n\n<figure class=\"wp-block-embed is-type-video is-provider-youtube wp-block-embed-youtube wp-embed-aspect-4-3 wp-has-aspect-ratio\"><div class=\"wp-block-embed__wrapper\">\n<iframe loading=\"lazy\" title=\"HERMANOS. Corosatri (Himno Menesianos 2013)\" width=\"1140\" height=\"855\" src=\"https:\/\/www.youtube.com\/embed\/lcn50R4aW9c?start=47&#038;feature=oembed\" frameborder=\"0\" allow=\"accelerometer; autoplay; clipboard-write; encrypted-media; gyroscope; picture-in-picture; web-share\" allowfullscreen><\/iframe>\n<\/div><\/figure>\n\n\n\n<p class=\"has-text-align-left\">Junta tus manos, forma una red,<br>sigue a Jes\u00fas de Nazareth.<br>son tantas redes,<br>son tantas manos,<br>somos Familia, somos hermanos.<\/p>\n\n\n\n<p class=\"has-text-align-left\">Hermanos que saben compartir<br>su tiempo y su pan,<br>que no guardan para s\u00ed<br>sus ganas de ayudar.<\/p>\n\n\n\n<p class=\"has-text-align-left\">Hermanos que caminan<br>a tu lado d\u00eda a d\u00eda,<br>que viven con intensidad,<br>que contagian alegr\u00eda.<\/p>\n\n\n\n<p class=\"has-text-align-left\">Hermanos que sue\u00f1an<br>con lograr que el mundo sea mejor,<br>que regalan sus esfuerzos.<br>que ponen el coraz\u00f3n.<\/p>\n\n\n\n<p class=\"has-text-align-left\">Hermanos que responden<br>a la ofensa con la paz,<br>que son fuertes en la entrega<br>y en la solidaridad.<\/p>\n\n\n\n<p class=\"has-text-align-left\"><em>Rapeado:<\/em><br>Aprendemos a querernos,<br>a cuidarnos como hermanos.<br>Juan Mar\u00eda es el ejemplo,<br>el sentir es menesiano.<br>El amor es el motor,<br>la raz\u00f3n y el motivo.<br>Dios es bueno, todo en nuevo.<br>D\u00e9jame cantar contigo.<\/p>\n\n\n\n<h3 class=\"wp-block-heading has-text-align-left has-vivid-cyan-blue-color has-text-color\"><br><strong>Salmodia<\/strong><\/h3>\n\n\n\n<p class=\"has-text-align-left\"><em>Ant\u00edfona 1<\/em><br><em>El hombre m\u00e1s razonable ser\u00eda el que alimentase su esp\u00edritu de un solo pensamiento: Dios S\u00f3lo. No hay coraz\u00f3n cristiano que no entienda esta palabra, Dios S\u00f3lo.<\/em><\/p>\n\n\n\n<p><strong><em>Salmo 15<br>El Se\u00f1or es el lote de mi heredad<\/em><\/strong><\/p>\n\n\n\n<p class=\"has-text-align-left\">Prot\u00e9geme, Dios m\u00edo, que me refugio en ti;&nbsp;<br>yo digo al Se\u00f1or: \u00abT\u00fa eres mi bien\u00bb.&nbsp;<br>Los dioses y se\u00f1ores de la tierra&nbsp;<br>no me satisfacen.&nbsp;<br><br>Multiplican las estatuas&nbsp;<br>de dioses extra\u00f1os;&nbsp;<br>no derramar\u00e9 sus libaciones con mis manos,&nbsp;<br>ni tomar\u00e9 sus nombres en mis labios.&nbsp;<br><br>El Se\u00f1or es el lote de mi heredad y mi copa;&nbsp;<br>mi suerte est\u00e1 en tu mano:&nbsp;<br>me ha tocado un lote hermoso,&nbsp;<br>me encanta mi heredad.&nbsp;<br><br>Bendecir\u00e9 al Se\u00f1or, que me aconseja,&nbsp;<br>hasta de noche me instruye internamente.&nbsp;<br>Tengo siempre presente al Se\u00f1or,&nbsp;<br>con \u00e9l a mi derecha no vacilar\u00e9.&nbsp;<br><br>Por eso se me alegra el coraz\u00f3n,&nbsp;<br>se gozan mis entra\u00f1as,&nbsp;<br>y mi carne descansa serena.&nbsp;<br>Porque no me entregar\u00e1s a la muerte,&nbsp;<br>ni dejar\u00e1s a tu fiel conocer la corrupci\u00f3n.&nbsp;<br><br>Me ense\u00f1ar\u00e1s el sendero de la vida,&nbsp;<br>me saciar\u00e1s de gozo en tu presencia,&nbsp;<br>de alegr\u00eda perpetua a tu derecha.<\/p>\n\n\n\n<p class=\"has-text-align-left\">Gloria al Padre, y al Hijo, y al Esp\u00edritu Santo.<br>Como era en el principio, ahora y siempre, por los siglos de los siglos. Am\u00e9n.<\/p>\n\n\n\n<p><em>Ant\u00edfona 1<\/em><br><em>El hombre m\u00e1s razonable ser\u00eda el que alimentase su esp\u00edritu de un solo pensamiento: Dios S\u00f3lo. No hay coraz\u00f3n cristiano que no entienda esta palabra, Dios S\u00f3lo.<\/em><\/p>\n\n\n\n<p class=\"has-text-align-left\"><br><em>Ant\u00edfona 2<\/em><br><em>Que el amor fraterno reine entre todos los miembros de la misma comunidad. Que cada uno se sienta feliz con la alegr\u00eda de los dem\u00e1s y sufra con sus penas, y que todos se presten, para ir a Dios y cumplir su obra, mutuo apoyo.<\/em><\/p>\n\n\n\n<p><em><strong>Salmo 133 (132)<\/strong><br><strong>La vida fraterna<\/strong><\/em><\/p>\n\n\n\n<p class=\"has-text-align-left\">Vean qu\u00e9 dulzura, qu\u00e9 delicia,<br>convivir los hermanos unidos.<br><br>Es ung\u00fcento precioso en la cabeza,<br>que va bajando por la barba,<br>que baja por la barba de Aar\u00f3n,<br>hasta la franja de su ornamento<br><br>Es roc\u00edo del Herm\u00f3n, que va bajando<br>sobre el monte Sion.<br>Porque all\u00ed manda el Se\u00f1or la bendici\u00f3n:<br>la vida para siempre.<br><br>Gloria al Padre, y al Hijo, y al Esp\u00edritu Santo.<br>Como era en el principio, ahora y siempre, por los siglos de los siglos. Am\u00e9n.<\/p>\n\n\n\n<p><em>Ant\u00edfona 2<\/em><br><em>Que el amor fraterno reine entre todos los miembros de la misma comunidad. Que cada uno se sienta feliz con la alegr\u00eda de los dem\u00e1s y sufra con sus penas, y que todos se presten, para ir a Dios y cumplir su obra, mutuo apoyo.<\/em><\/p>\n\n\n\n<h3 class=\"wp-block-heading has-text-align-left has-vivid-cyan-blue-color has-text-color\"><br><strong>Palabras de Juan Mar\u00eda<\/strong><\/h3>\n\n\n\n<p class=\"has-text-align-left\"><img decoding=\"async\" class=\"wp-image-618\" style=\"width: 150px;\" src=\"https:\/\/menesianosoy.org\/wp-content\/uploads\/2023\/08\/j.png\" alt=\"\"><br><em>S\u00ed, hijos m\u00edos, los amo en Jesucristo, por Jesucristo; tengo sed, por as\u00ed decirlo, de su dicha, de su salvaci\u00f3n; ustedes y yo, no hacemos m\u00e1s que un solo cuerpo; no tenemos m\u00e1s que los mismos intereses, los mismos deseos, el mismo fin; queremos ir al cielo, procurando la gloria de Dios, seg\u00fan la medida de nuestros medios y de nuestras fuerzas.<\/em><br><em>\u00a1Ah! un\u00e1monos cada vez m\u00e1s en este pensamiento; intentemos, queridos hijos, ayudarnos unos a otros a ser santos; y para esto, que cada uno d\u00e9 a sus hermanos ejemplo de dulzura, de paciencia, de humildad, de fidelidad a la regla; que cada uno rece, no s\u00f3lo por sus propias necesidades, sino tambi\u00e9n por todos los miembros de la congregaci\u00f3n; en una palabra; no tengamos m\u00e1s que un solo coraz\u00f3n y una sola alma.<\/em><br><em>Que este coraz\u00f3n y que esta alma ardan con todos los fuegos de la divina caridad; y despu\u00e9s de haber estado as\u00ed unidos en la tierra, lo estaremos por toda la eternidad, en el cielo mismo: fiat, fiat. (S VII p. 2374)<\/em><\/p>\n\n\n\n<h3 class=\"wp-block-heading has-text-align-left has-vivid-cyan-blue-color has-text-color\"><br><strong>C\u00e1ntico de Mar\u00eda<\/strong><\/h3>\n\n\n\n<p class=\"has-text-align-left\"><em>Ant\u00edfona:<\/em><br><em>\u00bfQuieren compartir la gloria de Mar\u00eda? Imiten sus virtudes y recuerden que por la humildad m\u00e1s profunda ha llegado a la m\u00e1s alta elevaci\u00f3n a la que una simple criatura puede aspirar.<\/em><\/p>\n\n\n\n<figure class=\"wp-block-embed is-type-video is-provider-youtube wp-block-embed-youtube wp-embed-aspect-16-9 wp-has-aspect-ratio\"><div class=\"wp-block-embed__wrapper\">\n<iframe loading=\"lazy\" title=\"Mi alma glorifica al Se\u00f1or mi Dios\" width=\"1140\" height=\"641\" src=\"https:\/\/www.youtube.com\/embed\/ZyLDfubTOXM?feature=oembed\" frameborder=\"0\" allow=\"accelerometer; autoplay; clipboard-write; encrypted-media; gyroscope; picture-in-picture; web-share\" allowfullscreen><\/iframe>\n<\/div><\/figure>\n\n\n\n<p class=\"has-text-align-left\">Mi alma glorifica al Se\u00f1or, mi Dios,<br>g\u00f3zase mi esp\u00edritu en mi salvador.<br>\u00c9l es mi alegr\u00eda, es mi plenitud,<br>\u00c9l es todo para m\u00ed.<\/p>\n\n\n\n<p class=\"has-text-align-left\">Ha mirado la bajeza de su sierva<br>muy dichosa me dir\u00e1n todos los pueblos<br>porque en m\u00ed ha hecho grandes maravillas<br>el que todo puede cuyo nombre es santo.<\/p>\n\n\n\n<p class=\"has-text-align-left\">Su clemencia se derrama por los siglos<br>sobre aquellos que le temen y le aman<br>despleg\u00f3 el gran poder de su derecha<br>dispers\u00f3 a los que piensan que son algo.<\/p>\n\n\n\n<p class=\"has-text-align-left\">Derrib\u00f3 a los potentados de sus tronos<br>ensalz\u00f3 a los humildes y a los pobres<br>los hambrientos se saciaron con sus bienes<br>y alej\u00f3 de s\u00ed vac\u00edos a los ricos.<\/p>\n\n\n\n<p class=\"has-text-align-left\">Acogi\u00f3 a Israel su humilde siervo<br>acord\u00e1ndose de su misericordia<br>como hab\u00eda prometido a nuestros padres<br>a Abraham y descendencia para siempre.<br><br>Demostr\u00f3 a Dios porque \u00e9l es nuestro Padre<br>Y a su Hijo que muri\u00f3 para salvarnos<br>Y al Esp\u00edritu que habita entre nosotros<br>Ahora y siempre por los siglos infinitos.<\/p>\n\n\n\n<p><em>Ant\u00edfona:<\/em><br><em>\u00bfQuieren compartir la gloria de Mar\u00eda? Imiten sus virtudes y recuerden que por la humildad m\u00e1s profunda ha llegado a la m\u00e1s alta elevaci\u00f3n a la que una simple criatura puede aspirar.<\/em><\/p>\n\n\n\n<h3 class=\"wp-block-heading has-vivid-cyan-blue-color has-text-color\"><br><strong>Preces<\/strong><\/h3>\n\n\n\n<p class=\"has-text-align-left\">A cada intenci\u00f3n respondemos:<\/p>\n\n\n\n<p><em><strong>Gracias, Se\u00f1or, por acompa\u00f1arnos<\/strong><\/em><\/p>\n\n\n\n<p class=\"has-text-align-left\">-. Gracias, porque por mediaci\u00f3n de Juan Mar\u00eda y Gabriel hemos recibido la divisa Dios Solo como la raz\u00f3n de ser de nuestra vida y misi\u00f3n.<br>-. Gracias, porque por mediaci\u00f3n de los Fundadores recibimos la Regla de Vida y en ella el esp\u00edritu que los animaba y empujaba a ustedes a la entrega generosa por la Iglesia<br>-. Gracias, porque por mediaci\u00f3n de dos sacerdotes recibimos el nombre de Hermanos de la Instrucci\u00f3n Cristiana para ser en la Iglesia testimonio de la fraternidad universal que vino a inaugurar el Maestro.<br>-. Gracias, porque por mediaci\u00f3n de Juan Mar\u00eda y Gabriel recibimos el h\u00e1bito y el crucifijo como signos visibles de lo que estamos llamados a encarnar en nuestras vidas.<br>-. Gracias, porque por mediaci\u00f3n de los Fundadores expresamos con ellos la obediencia absoluta a Dios y la b\u00fasqueda com\u00fan de su querer para nuestras vidas.<\/p>\n\n\n\n<h3 class=\"wp-block-heading has-text-align-left has-vivid-cyan-blue-color has-text-color\"><br><strong>Padre nuestro<\/strong><\/h3>\n\n\n\n<h3 class=\"wp-block-heading has-vivid-cyan-blue-color has-text-color\"><br><strong>Oraci\u00f3n final<\/strong><\/h3>\n\n\n\n<p class=\"has-text-align-left\">Se\u00f1or Jes\u00fas, por intercesi\u00f3n Juan Mar\u00eda de la Mennais y Gabriel Deshayes ilum\u00ednanos para descubrir hoy el grito silencioso de los ni\u00f1os y j\u00f3venes que esperan pastores de coraz\u00f3n generoso y concede a la Familia Menesiana apoyarse en tu misericordia y en la unidad de una \u00fanica Familia para responder a sus llamadas. Por Jesucristo nuestro Se\u00f1or, Am\u00e9n.<\/p>\n","protected":false},"excerpt":{"rendered":"<p>Rezamos esta tarde en uni\u00f3n con toda la Familia Menesiana extendida por el mundo entero, pidiendo al Se\u00f1or que nos ayude a ser fieles a las intuiciones fundacionales de Juan Mar\u00eda y de Gabriel, buscando siempre los caminos del Se\u00f1or en el mundo de hoy. Que la divisa Dios Solo, el Crucifijo y la Regla &hellip; <a href=\"https:\/\/menesianosoy.org\/index.php\/2023\/09\/14\/nacimiento-congregacion-16-09\/\" class=\"more-link\">Continue reading<span class=\"screen-reader-text\"> \u00abNacimiento de la Congregaci\u00f3n\u00bb<\/span><\/a><\/p>\n","protected":false},"author":3,"featured_media":3553,"comment_status":"closed","ping_status":"closed","sticky":false,"template":"","format":"standard","meta":{"_acf_changed":false,"footnotes":""},"categories":[16],"tags":[],"class_list":["post-3509","post","type-post","status-publish","format-standard","has-post-thumbnail","hentry","category-visperas"],"acf":[],"_links":{"self":[{"href":"https:\/\/menesianosoy.org\/index.php\/wp-json\/wp\/v2\/posts\/3509","targetHints":{"allow":["GET"]}}],"collection":[{"href":"https:\/\/menesianosoy.org\/index.php\/wp-json\/wp\/v2\/posts"}],"about":[{"href":"https:\/\/menesianosoy.org\/index.php\/wp-json\/wp\/v2\/types\/post"}],"author":[{"embeddable":true,"href":"https:\/\/menesianosoy.org\/index.php\/wp-json\/wp\/v2\/users\/3"}],"replies":[{"embeddable":true,"href":"https:\/\/menesianosoy.org\/index.php\/wp-json\/wp\/v2\/comments?post=3509"}],"version-history":[{"count":7,"href":"https:\/\/menesianosoy.org\/index.php\/wp-json\/wp\/v2\/posts\/3509\/revisions"}],"predecessor-version":[{"id":3836,"href":"https:\/\/menesianosoy.org\/index.php\/wp-json\/wp\/v2\/posts\/3509\/revisions\/3836"}],"wp:featuredmedia":[{"embeddable":true,"href":"https:\/\/menesianosoy.org\/index.php\/wp-json\/wp\/v2\/media\/3553"}],"wp:attachment":[{"href":"https:\/\/menesianosoy.org\/index.php\/wp-json\/wp\/v2\/media?parent=3509"}],"wp:term":[{"taxonomy":"category","embeddable":true,"href":"https:\/\/menesianosoy.org\/index.php\/wp-json\/wp\/v2\/categories?post=3509"},{"taxonomy":"post_tag","embeddable":true,"href":"https:\/\/menesianosoy.org\/index.php\/wp-json\/wp\/v2\/tags?post=3509"}],"curies":[{"name":"wp","href":"https:\/\/api.w.org\/{rel}","templated":true}]}}