{"id":362,"date":"2023-07-17T14:25:11","date_gmt":"2023-07-17T17:25:11","guid":{"rendered":"https:\/\/menesianosoy.org\/?p=362"},"modified":"2023-07-17T14:25:12","modified_gmt":"2023-07-17T17:25:12","slug":"2-mayo-2023-carta-del-visitador-a-la-familia-menesiana","status":"publish","type":"post","link":"https:\/\/menesianosoy.org\/index.php\/2023\/07\/17\/2-mayo-2023-carta-del-visitador-a-la-familia-menesiana\/","title":{"rendered":"#2 &#8211; mayo 2023 &#8211; Carta del Visitador a la Familia Menesiana"},"content":{"rendered":"\n<p><strong>CONVOCATORIA A ELECCI\u00d3N DE MIEMBROS DE LAS COMISIONES DE FAMILIA MENESIANA Y DE J\u00d3VENES ADULTOS MENESIANOS<\/strong><\/p>\n\n\n\n<p>Buenos Aires, 29 de mayo de 2023<\/p>\n\n\n\n<p>Estimados miembros de la Familia Menesiana del Distrito Divina Providencia:<br>\u00a1Un saludo fraterno! La Asamblea 2023 de Hermanos y Laicos vivida en Bialet Mass\u00e9 el pasado mes de abril fue un soplo del Esp\u00edritu Santo que nos impulsa a vivir cada vez m\u00e1s en modo Familia Menesiana. El Hno. Herv\u00e9 Zamor S.G. en su conferencia nos desafi\u00f3 a \u201cescribir una nueva p\u00e1gina\u201d, bonita invitaci\u00f3n a la que decimos \u00a1S\u00ed! Para ello, cada Comunidad Local est\u00e1 llamada a encarnar las l\u00edneas orientativas que nos ha arrojado el discernimiento de los Documentos del Cap\u00edtulo General y del Cap\u00edtulo de Distrito durante la Asamblea 2023.<br>Vivir en modo Familia Menesiana implica asumir la cultura de la sinodalidad, en un estilo de vida cada vez m\u00e1s participativo. Resulta necesario entonces, pensar en din\u00e1micas y estructuras que acojan esta manera de escribir una nueva p\u00e1gina en nuestro Distrito. En este sentido, un paso a dar es el relanzamiento de la Comisi\u00f3n de Familia Menesiana Local, de la Comisi\u00f3n de Familia Menesiana del Distrito, integrada por ahora, s\u00f3lo por los Directores de Pastoral y tambi\u00e9n volver a poner en marcha la Comisi\u00f3n de J\u00f3venes Adultos Menesianos del Distrito.<br>El Cap\u00edtulo del Distrito nos recuerda el esp\u00edritu que debe animar a las Comisiones: \u201cPotenciar y animar el sentido y la conciencia de cuerpo de Distrito donde todos nos sentimos co-responsables en la toma de decisiones y en la misi\u00f3n\u201d (CD Objetivo 2. P\u00e1g. 26). El sentido de \u201ccuerpo\u201d ha llevado a los Hermanos del Consejo de Distrito y al Equipo de Misi\u00f3n a proponer una nueva composici\u00f3n de la Comisi\u00f3n de Familia Menesiana. Parece muy oportuno contar con un \u201ccuerpo\u201d de animaci\u00f3n en la Comunidad Local y a nivel de Distrito.<\/p>\n\n\n\n<p>Hno. Carlos Lovatto<br>Visitador<\/p>\n\n\n\n<p><\/p>\n\n\n\n<p>Ver el contenido completo en el PDF<\/p>\n\n\n\n<div data-wp-interactive=\"core\/file\" class=\"wp-block-file\"><object data-wp-bind--hidden=\"!state.hasPdfPreview\" hidden class=\"wp-block-file__embed\" data=\"https:\/\/menesianosoy.org\/wp-content\/uploads\/2023\/07\/Carta-del-Visitador-a-la-Familia-Menesiana_N2_.pdf\" type=\"application\/pdf\" style=\"width:100%;height:600px\" aria-label=\"Incrustado de Carta-del-Visitador-a-la-Familia-Menesiana_N2_.\"><\/object><a id=\"wp-block-file--media-bab50e3a-72d1-4203-bba3-c1799c4fb9aa\" href=\"https:\/\/menesianosoy.org\/wp-content\/uploads\/2023\/07\/Carta-del-Visitador-a-la-Familia-Menesiana_N2_.pdf\">Carta-del-Visitador-a-la-Familia-Menesiana_N2_<\/a><a href=\"https:\/\/menesianosoy.org\/wp-content\/uploads\/2023\/07\/Carta-del-Visitador-a-la-Familia-Menesiana_N2_.pdf\" class=\"wp-block-file__button wp-element-button\" download aria-describedby=\"wp-block-file--media-bab50e3a-72d1-4203-bba3-c1799c4fb9aa\">Descarga<\/a><\/div>\n","protected":false},"excerpt":{"rendered":"<p>CONVOCATORIA A ELECCI\u00d3N DE MIEMBROS DE LAS COMISIONES DE FAMILIA MENESIANA Y DE J\u00d3VENES ADULTOS MENESIANOS Buenos Aires, 29 de mayo de 2023 Estimados miembros de la Familia Menesiana del Distrito Divina Providencia:\u00a1Un saludo fraterno! La Asamblea 2023 de Hermanos y Laicos vivida en Bialet Mass\u00e9 el pasado mes de abril fue un soplo del &hellip; <a href=\"https:\/\/menesianosoy.org\/index.php\/2023\/07\/17\/2-mayo-2023-carta-del-visitador-a-la-familia-menesiana\/\" class=\"more-link\">Continue reading<span class=\"screen-reader-text\"> \u00ab#2 &#8211; mayo 2023 &#8211; Carta del Visitador a la Familia Menesiana\u00bb<\/span><\/a><\/p>\n","protected":false},"author":1,"featured_media":0,"comment_status":"closed","ping_status":"closed","sticky":false,"template":"","format":"standard","meta":{"_acf_changed":false,"footnotes":""},"categories":[6],"tags":[],"class_list":["post-362","post","type-post","status-publish","format-standard","hentry","category-cartas-visitador"],"acf":[],"_links":{"self":[{"href":"https:\/\/menesianosoy.org\/index.php\/wp-json\/wp\/v2\/posts\/362","targetHints":{"allow":["GET"]}}],"collection":[{"href":"https:\/\/menesianosoy.org\/index.php\/wp-json\/wp\/v2\/posts"}],"about":[{"href":"https:\/\/menesianosoy.org\/index.php\/wp-json\/wp\/v2\/types\/post"}],"author":[{"embeddable":true,"href":"https:\/\/menesianosoy.org\/index.php\/wp-json\/wp\/v2\/users\/1"}],"replies":[{"embeddable":true,"href":"https:\/\/menesianosoy.org\/index.php\/wp-json\/wp\/v2\/comments?post=362"}],"version-history":[{"count":1,"href":"https:\/\/menesianosoy.org\/index.php\/wp-json\/wp\/v2\/posts\/362\/revisions"}],"predecessor-version":[{"id":364,"href":"https:\/\/menesianosoy.org\/index.php\/wp-json\/wp\/v2\/posts\/362\/revisions\/364"}],"wp:attachment":[{"href":"https:\/\/menesianosoy.org\/index.php\/wp-json\/wp\/v2\/media?parent=362"}],"wp:term":[{"taxonomy":"category","embeddable":true,"href":"https:\/\/menesianosoy.org\/index.php\/wp-json\/wp\/v2\/categories?post=362"},{"taxonomy":"post_tag","embeddable":true,"href":"https:\/\/menesianosoy.org\/index.php\/wp-json\/wp\/v2\/tags?post=362"}],"curies":[{"name":"wp","href":"https:\/\/api.w.org\/{rel}","templated":true}]}}