{"id":3621,"date":"2023-09-16T21:44:35","date_gmt":"2023-09-17T00:44:35","guid":{"rendered":"https:\/\/menesianosoy.org\/?p=3621"},"modified":"2023-09-18T06:19:23","modified_gmt":"2023-09-18T09:19:23","slug":"san-jose-de-cupertino-2","status":"publish","type":"post","link":"https:\/\/menesianosoy.org\/index.php\/2023\/09\/16\/san-jose-de-cupertino-2\/","title":{"rendered":"San Jos\u00e9 de Cupertino"},"content":{"rendered":"\n<h4 class=\"wp-block-heading has-vivid-cyan-blue-color has-text-color\"><br><strong>Oraci\u00f3n<\/strong><\/h4>\n\n\n\n<p class=\"has-text-align-left\">Se\u00f1or,<br>que puedas encontrar en nosotros<br>todas las perfecciones de tu Hijo,<br>que seamos,<br>en la medida que lo permita<br>la debilidad humana,<br>revestidos de Jesucristo,<br>que sigamos a Cristo<br>en todos sus caminos,<br>que juzguemos todas las cosas<br>como \u00e9l las juzga,<br>que amemos lo que \u00e9l ama,<br>que despreciemos lo que \u00e9l desprecia.<br>En una palabra,<br>que todos nuestros pensamientos<br>sean conformes a sus pensamientos<br>y que seamos su imagen viva. Am\u00e9n<br><em>(Juan Mar\u00eda)<\/em><\/p>\n\n\n\n<h4 class=\"wp-block-heading has-vivid-cyan-blue-color has-text-color\"><br><strong>Intenciones:<\/strong><\/h4>\n\n\n\n<ul class=\"wp-block-list\">\n<li>Por el cumplea\u00f1os del H. Claudio Contreras de la comunidad de Buenos Aires.<\/li>\n\n\n\n<li>Por Chile y, en especial, por los menesianos, Hermanos y laicos, que trabajan en el pa\u00eds.<\/li>\n\n\n\n<li>Por los voluntarios en nuestras misiones.<\/li>\n\n\n\n<li>Por las vocaciones religiosas y sacerdotales.<\/li>\n\n\n\n<li>Por las casas de formaci\u00f3n y las vocaciones de Hait\u00ed.<\/li>\n<\/ul>\n\n\n\n<h4 class=\"wp-block-heading has-vivid-cyan-blue-color has-text-color\"><br><strong>Directorio 64 b<\/strong><\/h4>\n\n\n\n<p class=\"has-text-align-left has-white-background-color has-background\">[La Comunidad] anima la instituci\u00f3n escolar y trabaja por construir una verdadera Comunidad Educativa. Inspira y sostiene a los Hermanos eventualmente comprometidos en otros sectores de actividad.<\/p>\n\n\n\n<h4 class=\"wp-block-heading has-vivid-cyan-blue-color has-text-color\"><strong>Al sacerdote Mazelier, 8 de febrero 1833<\/strong><\/h4>\n\n\n\n<p class=\"has-text-align-left has-white-background-color has-background\">Hagamos por salvar las almas, m\u00e1s a\u00fan de lo que otros hacen por perderlas, que no es poco decir.<\/p>\n\n\n\n<h4 class=\"wp-block-heading has-vivid-cyan-blue-color has-text-color\"><br><strong>Difuntos<\/strong> <\/h4>\n\n\n\n<p class=\"has-text-align-left\">1950: Alphonsius Goaziou<br>1983: Camille Robert (L\u00e9on-Jean)<br>1987: Louis Guill\u00e9 (Fernand-Marie)<br>1990: Louis Divanac&#8217;h (Louis)<\/p>\n","protected":false},"excerpt":{"rendered":"<p>Oraci\u00f3n Se\u00f1or,que puedas encontrar en nosotrostodas las perfecciones de tu Hijo,que seamos,en la medida que lo permitala debilidad humana,revestidos de Jesucristo,que sigamos a Cristoen todos sus caminos,que juzguemos todas las cosascomo \u00e9l las juzga,que amemos lo que \u00e9l ama,que despreciemos lo que \u00e9l desprecia.En una palabra,que todos nuestros pensamientossean conformes a sus pensamientosy que seamos &hellip; <a href=\"https:\/\/menesianosoy.org\/index.php\/2023\/09\/16\/san-jose-de-cupertino-2\/\" class=\"more-link\">Continue reading<span class=\"screen-reader-text\"> \u00abSan Jos\u00e9 de Cupertino\u00bb<\/span><\/a><\/p>\n","protected":false},"author":3,"featured_media":0,"comment_status":"closed","ping_status":"closed","sticky":false,"template":"","format":"standard","meta":{"_acf_changed":false,"footnotes":""},"categories":[3],"tags":[],"class_list":["post-3621","post","type-post","status-publish","format-standard","hentry","category-calendario"],"acf":[],"_links":{"self":[{"href":"https:\/\/menesianosoy.org\/index.php\/wp-json\/wp\/v2\/posts\/3621","targetHints":{"allow":["GET"]}}],"collection":[{"href":"https:\/\/menesianosoy.org\/index.php\/wp-json\/wp\/v2\/posts"}],"about":[{"href":"https:\/\/menesianosoy.org\/index.php\/wp-json\/wp\/v2\/types\/post"}],"author":[{"embeddable":true,"href":"https:\/\/menesianosoy.org\/index.php\/wp-json\/wp\/v2\/users\/3"}],"replies":[{"embeddable":true,"href":"https:\/\/menesianosoy.org\/index.php\/wp-json\/wp\/v2\/comments?post=3621"}],"version-history":[{"count":7,"href":"https:\/\/menesianosoy.org\/index.php\/wp-json\/wp\/v2\/posts\/3621\/revisions"}],"predecessor-version":[{"id":3756,"href":"https:\/\/menesianosoy.org\/index.php\/wp-json\/wp\/v2\/posts\/3621\/revisions\/3756"}],"wp:attachment":[{"href":"https:\/\/menesianosoy.org\/index.php\/wp-json\/wp\/v2\/media?parent=3621"}],"wp:term":[{"taxonomy":"category","embeddable":true,"href":"https:\/\/menesianosoy.org\/index.php\/wp-json\/wp\/v2\/categories?post=3621"},{"taxonomy":"post_tag","embeddable":true,"href":"https:\/\/menesianosoy.org\/index.php\/wp-json\/wp\/v2\/tags?post=3621"}],"curies":[{"name":"wp","href":"https:\/\/api.w.org\/{rel}","templated":true}]}}