{"id":3654,"date":"2023-09-17T09:59:01","date_gmt":"2023-09-17T12:59:01","guid":{"rendered":"https:\/\/menesianosoy.org\/?p=3654"},"modified":"2023-09-17T10:08:45","modified_gmt":"2023-09-17T13:08:45","slug":"san-jenaro-2","status":"publish","type":"post","link":"https:\/\/menesianosoy.org\/index.php\/2023\/09\/17\/san-jenaro-2\/","title":{"rendered":"San Jenaro"},"content":{"rendered":"\n<h3 class=\"wp-block-heading has-text-align-left has-vivid-cyan-blue-color has-text-color\"><br><strong>Oraci\u00f3n<\/strong><\/h3>\n\n\n\n<p class=\"has-text-align-left\">Se\u00f1or Jes\u00fas,<br>T\u00fa que dijiste que todos sean uno,<br>te damos gracias por llamarnos a la unidad,<br>por desafiarnos a salir<br>de nuestros esquemas y seguridades.<br>Sabes de nuestras resistencias<br>e inseguridades,<br>sabes de nuestros sue\u00f1os y anhelos;<br>no te son desconocidas<br>nuestras limitaciones y pobrezas,<br>y tambi\u00e9n con ellas<br>quieres gestar la nueva realidad.<br>Nos confiamos a Mar\u00eda,<br>que sali\u00f3 a prisa al encuentro<br>de la vida que clama.<br>Haz de la familia menesiana<br>un cuerpo para la misi\u00f3n<br>que cuide y defienda la vida<br>de los m\u00e1s peque\u00f1os del sur.<br>Am\u00e9n.<\/p>\n\n\n\n<h3 class=\"wp-block-heading has-vivid-cyan-blue-color has-text-color\"><br><strong>Intenciones<\/strong><\/h3>\n\n\n\n<ul class=\"wp-block-list\">\n<li>Por las comunidades menesiana de Quinta Normal (Chile), Nanclares (Espa\u00f1a) y de St. Malo (Francia).<\/li>\n\n\n\n<li>Por el Cap\u00edtulo General que se celebrar\u00e1 el a\u00f1o pr\u00f3ximo.<\/li>\n\n\n\n<li>Por las vocaciones menesianas de Filipinas y los formadores.<\/li>\n<\/ul>\n\n\n\n<h3 class=\"wp-block-heading has-vivid-cyan-blue-color has-text-color\"><br><strong>Constituciones 101 a<\/strong><\/h3>\n\n\n\n<p class=\"has-white-background-color has-background\">El Hermano Provincial es, ante todo, animador de la vida religiosa y apost\u00f3lica de los Hermanos y principal promotor de la renovaci\u00f3n, siempre necesaria. En particular, pone todo su cuidado en organizar el Retiro anual y otros retiros en la Provincia.<\/p>\n\n\n\n<h4 class=\"wp-block-heading has-text-align-left has-vivid-cyan-blue-color has-text-color\"><br><strong>A las hijas de Mar\u00eda de Saint-Servan, 15 de juin de 1814<\/strong><\/h4>\n\n\n\n<p class=\"has-white-background-color has-background\">No veamos m\u00e1s que a nuestro divino Maestro, no busquemos m\u00e1s que a \u00e9l, vivamos en su adorable coraz\u00f3n, lugar para nuestro descanso.<\/p>\n\n\n\n<h3 class=\"wp-block-heading has-text-align-left has-vivid-cyan-blue-color has-text-color\"><br><strong>Difunto<\/strong> <\/h3>\n\n\n\n<p>1955: Archange Penhou\u00ebt, asistente (1927-1952).<\/p>\n","protected":false},"excerpt":{"rendered":"<p>Oraci\u00f3n Se\u00f1or Jes\u00fas,T\u00fa que dijiste que todos sean uno,te damos gracias por llamarnos a la unidad,por desafiarnos a salirde nuestros esquemas y seguridades.Sabes de nuestras resistenciase inseguridades,sabes de nuestros sue\u00f1os y anhelos;no te son desconocidasnuestras limitaciones y pobrezas,y tambi\u00e9n con ellasquieres gestar la nueva realidad.Nos confiamos a Mar\u00eda,que sali\u00f3 a prisa al encuentrode la vida &hellip; <a href=\"https:\/\/menesianosoy.org\/index.php\/2023\/09\/17\/san-jenaro-2\/\" class=\"more-link\">Continue reading<span class=\"screen-reader-text\"> \u00abSan Jenaro\u00bb<\/span><\/a><\/p>\n","protected":false},"author":3,"featured_media":0,"comment_status":"closed","ping_status":"closed","sticky":false,"template":"","format":"standard","meta":{"_acf_changed":false,"footnotes":""},"categories":[3],"tags":[],"class_list":["post-3654","post","type-post","status-publish","format-standard","hentry","category-calendario"],"acf":[],"_links":{"self":[{"href":"https:\/\/menesianosoy.org\/index.php\/wp-json\/wp\/v2\/posts\/3654","targetHints":{"allow":["GET"]}}],"collection":[{"href":"https:\/\/menesianosoy.org\/index.php\/wp-json\/wp\/v2\/posts"}],"about":[{"href":"https:\/\/menesianosoy.org\/index.php\/wp-json\/wp\/v2\/types\/post"}],"author":[{"embeddable":true,"href":"https:\/\/menesianosoy.org\/index.php\/wp-json\/wp\/v2\/users\/3"}],"replies":[{"embeddable":true,"href":"https:\/\/menesianosoy.org\/index.php\/wp-json\/wp\/v2\/comments?post=3654"}],"version-history":[{"count":12,"href":"https:\/\/menesianosoy.org\/index.php\/wp-json\/wp\/v2\/posts\/3654\/revisions"}],"predecessor-version":[{"id":3669,"href":"https:\/\/menesianosoy.org\/index.php\/wp-json\/wp\/v2\/posts\/3654\/revisions\/3669"}],"wp:attachment":[{"href":"https:\/\/menesianosoy.org\/index.php\/wp-json\/wp\/v2\/media?parent=3654"}],"wp:term":[{"taxonomy":"category","embeddable":true,"href":"https:\/\/menesianosoy.org\/index.php\/wp-json\/wp\/v2\/categories?post=3654"},{"taxonomy":"post_tag","embeddable":true,"href":"https:\/\/menesianosoy.org\/index.php\/wp-json\/wp\/v2\/tags?post=3654"}],"curies":[{"name":"wp","href":"https:\/\/api.w.org\/{rel}","templated":true}]}}