{"id":3736,"date":"2023-09-17T16:51:12","date_gmt":"2023-09-17T19:51:12","guid":{"rendered":"https:\/\/menesianosoy.org\/?p=3736"},"modified":"2023-09-17T17:15:56","modified_gmt":"2023-09-17T20:15:56","slug":"san-mateo-2","status":"publish","type":"post","link":"https:\/\/menesianosoy.org\/index.php\/2023\/09\/17\/san-mateo-2\/","title":{"rendered":"San Mateo"},"content":{"rendered":"\n<h3 class=\"wp-block-heading has-vivid-cyan-blue-color has-text-color\"><br><strong>Oraci\u00f3n<\/strong><\/h3>\n\n\n\n<p class=\"has-text-align-left\">Padre bueno,<br>te doy gracias por la vida,<br>regalo de tu amor.<br>Haz que la comparta con todos:<br>con mis hermanos,<br>con mi familia,<br>con mis amigos,<br>tejiendo lazos como lo hizo Jes\u00fas.<br>Env\u00edame tu Esp\u00edritu Santo<br>para descubrir lo que quieres de m\u00ed.<br>Hazme cada d\u00eda m\u00e1s parecido a tu Hijo:<br>que sus sentimientos<br>sean mis sentimientos,<br>que sus pensamientos<br>sean mis pensamientos,<br>que su proyecto sea mi proyecto,<br>que ame como \u00c9l am\u00f3.<br>Como a Mar\u00eda, Padre Bueno,<br>conc\u00e9denos a todos<br>un coraz\u00f3n d\u00f3cil a tu Palabra.<br>Am\u00e9n<\/p>\n\n\n\n<h3 class=\"wp-block-heading has-vivid-cyan-blue-color has-text-color\"><br><strong>Intenciones<\/strong><\/h3>\n\n\n\n<ul class=\"wp-block-list\">\n<li>Por las vocaciones menesianas y la casa de formaci\u00f3n de El Alto.<\/li>\n\n\n\n<li>Por la comunidad de Rombo (Tanzania) y la de Bedford en Qu\u00e9bec (Canad\u00e1)<\/li>\n\n\n\n<li>Por el Cap\u00edtulo General.<\/li>\n<\/ul>\n\n\n\n<h3 class=\"wp-block-heading has-vivid-cyan-blue-color has-text-color\"><br><strong>Constituciones 102<\/strong><\/h3>\n\n\n\n<p class=\"has-text-align-left has-white-background-color has-background\">Por lo menos dos veces al a\u00f1o, el Hermano Provincial visita cada una de las Comunidades. Una de estas visitas tiene car\u00e1cter can\u00f3nico. Con este motivo, se entrevista con cada Hermano en particular y estudia con la Comunidad, los medios de promover la vida religiosa y apost\u00f3lica.<\/p>\n\n\n\n<h4 class=\"wp-block-heading has-vivid-cyan-blue-color has-text-color\"><br><strong>Al H. Ambrosio Le Haiget, 11 de enero de 1833<\/strong><\/h4>\n\n\n\n<p class=\"has-text-align-left has-white-background-color has-background\">Recordemos a menudo, en medio de nuestras pruebas, qu\u00e9 cortas son y qu\u00e9 grande ser\u00e1 la felicidad que debe ser su recompensa.<\/p>\n\n\n\n<h3 class=\"wp-block-heading has-text-align-left has-vivid-cyan-blue-color has-text-color\"><br><strong>Difuntos<\/strong><\/h3>\n\n\n\n<p class=\"has-text-align-left\">1958: Hippolyte-Victor G\u00e9reux, asistente (1933-1946).<br>1973: Pierre-St\u00e9phan (Sylvestre-Joseph)<br>1996: Lawrence Mutabazi<br>2001: Frederick Sserunkuma<br>2021: Albert Castel.<\/p>\n","protected":false},"excerpt":{"rendered":"<p>Oraci\u00f3n Padre bueno,te doy gracias por la vida,regalo de tu amor.Haz que la comparta con todos:con mis hermanos,con mi familia,con mis amigos,tejiendo lazos como lo hizo Jes\u00fas.Env\u00edame tu Esp\u00edritu Santopara descubrir lo que quieres de m\u00ed.Hazme cada d\u00eda m\u00e1s parecido a tu Hijo:que sus sentimientossean mis sentimientos,que sus pensamientossean mis pensamientos,que su proyecto sea mi &hellip; <a href=\"https:\/\/menesianosoy.org\/index.php\/2023\/09\/17\/san-mateo-2\/\" class=\"more-link\">Continue reading<span class=\"screen-reader-text\"> \u00abSan Mateo\u00bb<\/span><\/a><\/p>\n","protected":false},"author":3,"featured_media":0,"comment_status":"closed","ping_status":"closed","sticky":false,"template":"","format":"standard","meta":{"_acf_changed":false,"footnotes":""},"categories":[3],"tags":[],"class_list":["post-3736","post","type-post","status-publish","format-standard","hentry","category-calendario"],"acf":[],"_links":{"self":[{"href":"https:\/\/menesianosoy.org\/index.php\/wp-json\/wp\/v2\/posts\/3736","targetHints":{"allow":["GET"]}}],"collection":[{"href":"https:\/\/menesianosoy.org\/index.php\/wp-json\/wp\/v2\/posts"}],"about":[{"href":"https:\/\/menesianosoy.org\/index.php\/wp-json\/wp\/v2\/types\/post"}],"author":[{"embeddable":true,"href":"https:\/\/menesianosoy.org\/index.php\/wp-json\/wp\/v2\/users\/3"}],"replies":[{"embeddable":true,"href":"https:\/\/menesianosoy.org\/index.php\/wp-json\/wp\/v2\/comments?post=3736"}],"version-history":[{"count":13,"href":"https:\/\/menesianosoy.org\/index.php\/wp-json\/wp\/v2\/posts\/3736\/revisions"}],"predecessor-version":[{"id":3752,"href":"https:\/\/menesianosoy.org\/index.php\/wp-json\/wp\/v2\/posts\/3736\/revisions\/3752"}],"wp:attachment":[{"href":"https:\/\/menesianosoy.org\/index.php\/wp-json\/wp\/v2\/media?parent=3736"}],"wp:term":[{"taxonomy":"category","embeddable":true,"href":"https:\/\/menesianosoy.org\/index.php\/wp-json\/wp\/v2\/categories?post=3736"},{"taxonomy":"post_tag","embeddable":true,"href":"https:\/\/menesianosoy.org\/index.php\/wp-json\/wp\/v2\/tags?post=3736"}],"curies":[{"name":"wp","href":"https:\/\/api.w.org\/{rel}","templated":true}]}}