{"id":3758,"date":"2023-09-18T11:46:22","date_gmt":"2023-09-18T14:46:22","guid":{"rendered":"https:\/\/menesianosoy.org\/?p=3758"},"modified":"2023-09-19T21:36:13","modified_gmt":"2023-09-20T00:36:13","slug":"viernes-24o-del-tiempo-durante-el-ano","status":"publish","type":"post","link":"https:\/\/menesianosoy.org\/index.php\/2023\/09\/18\/viernes-24o-del-tiempo-durante-el-ano\/","title":{"rendered":"Viernes 24\u00ba del tiempo durante el a\u00f1o"},"content":{"rendered":"\n<p class=\"has-text-align-left\"><em>1\u00aa Timoteo 6, 3-12<br>Salmo 48, 6-10. 17-20<\/em><\/p>\n\n\n\n<h4 class=\"wp-block-heading has-vivid-cyan-blue-color has-text-color\"><strong>Evangelio: Lucas 8, 1-3<\/strong><\/h4>\n\n\n\n<p class=\"has-text-align-left\"><strong><em>Jes\u00fas recorr\u00eda las ciudades y los pueblos, predicando y anunciando la Buena Noticia del Reino de Dios.<br>Lo acompa\u00f1aban los Doce y tambi\u00e9n algunas mujeres que hab\u00edan sido curadas de malos esp\u00edritus y enfermedades: Mar\u00eda, llamada Magdalena, de la que hab\u00edan salido siete demonios; Juana, esposa de Cusa, intendente de Herodes, Susana y muchas otras, que los ayudaban con sus bienes.<\/em><\/strong><\/p>\n\n\n\n<figure class=\"wp-block-image size-full\"><img loading=\"lazy\" decoding=\"async\" width=\"500\" height=\"333\" src=\"https:\/\/menesianosoy.org\/wp-content\/uploads\/2023\/09\/mujeres-jesus.png\" alt=\"\" class=\"wp-image-3771\" srcset=\"https:\/\/menesianosoy.org\/wp-content\/uploads\/2023\/09\/mujeres-jesus.png 500w, https:\/\/menesianosoy.org\/wp-content\/uploads\/2023\/09\/mujeres-jesus-300x200.png 300w\" sizes=\"auto, (max-width: 500px) 85vw, 500px\" \/><\/figure>\n\n\n\n<h4 class=\"wp-block-heading has-vivid-cyan-blue-color has-text-color\"><br><strong>Reflexi\u00f3n<\/strong><\/h4>\n\n\n\n<p class=\"has-text-align-left\">Jes\u00fas es un misionero que recorre pueblos y ciudades predicando la Buena Noticia del Reino. Es, como dice el papa Francisco, un misionero \u2018en salida\u2019. E invita a sus seguidores m\u00e1s cercanos a hacer lo mismo.<br>Nos podemos imaginar el revuelo que habr\u00e1 ocasionado el grupo, llegando a un poblado, con Jes\u00fas a la cabeza. Como su fama ya era grande, todos habr\u00e1n salido a verlo, pedirle una curaci\u00f3n o a escuchar sus ense\u00f1anzas.<br><br>Y aqu\u00ed se ve una peculiaridad de Jes\u00fas, que era inimaginable en cualquier rabino de la \u00e9poca: Iban mujeres con \u00e9l. Un rabino ten\u00eda disc\u00edpulos varones. Las mujeres eran para el servicio de la casa y la crianza de los hijos. Pero Jes\u00fas no hace acepci\u00f3n de persona, acepta a todos, porque a todos quiere que llegue el mensaje. Ellas se han sentido cautivadas por el maestro y han puesto sus bienes y su vida a disposici\u00f3n. Y, como ya hab\u00eda sucedido con los 12 ap\u00f3stoles, no eran de un \u00fanico estrato social: All\u00ed estaba Mar\u00eda Magdalena, de la que se dice que hab\u00eda expulsado siete demonios. All\u00ed tambi\u00e9n la mujer de Cusa, el administrador de las posesiones de Herodes. \u201cY muchas m\u00e1s\u201d.<br><br>\u00a1Qu\u00e9 har\u00edamos en la Iglesia sin las mujeres! Y sin embargo a\u00fan hoy siguen relegadas. Lo m\u00e1s evidente es la no pertenencia a la estructura de gobierno, que sigue siendo s\u00f3lo para varones. Demos gracias a Dios por tantas mujeres que hoy siguen a Jes\u00fas y ponen todo a su servicio, para que la Buena Nueva siga resonando en el mundo. Pidamos de modo especial por las que hacen posible nuestras comunidades menesianas.<\/p>\n\n\n\n<h4 class=\"wp-block-heading has-vivid-cyan-blue-color has-text-color\"><br><strong>M\u00e1xima<\/strong><\/h4>\n\n\n\n<p><strong><em>Jes\u00fas no discrimina<\/em><\/strong><\/p>\n\n\n\n<h4 class=\"wp-block-heading has-text-align-left has-vivid-cyan-blue-color has-text-color\"><br><strong>Palabras de Juan Mar\u00eda<\/strong><\/h4>\n\n\n\n<p><img decoding=\"async\" class=\"wp-image-618\" style=\"width: 150px;\" src=\"https:\/\/menesianosoy.org\/wp-content\/uploads\/2023\/08\/j.png\" alt=\"\"><br><em>Soy muy sensible al recuerdo de tus amigas, a las que tengo siempre presente, cada vez que tengo la dicha de celebrar la Eucarist\u00eda. Que ellas no me olviden delante de nuestro com\u00fan maestro. Y t\u00fa, hija m\u00eda, te pido que tengas piedad de mi gran miseria, de mis necesidades siempre crecientes y ay\u00fadame con tus oraciones. Cuenta con mi agradecimiento y con los sentimientos que te he expresado (A la Hna Amable Chenu. 1813)<\/em><\/p>\n\n\n\n<h4 class=\"wp-block-heading has-vivid-cyan-blue-color has-text-color\"><br><strong>Canci\u00f3n<\/strong><\/h4>\n\n\n\n<p><strong><em>Grandiosa \u2013 Alfareros &amp; Itala Rodriguez &amp; Vero Sanfilippo<\/em><\/strong><\/p>\n\n\n\n<figure class=\"wp-block-embed is-type-video is-provider-youtube wp-block-embed-youtube wp-embed-aspect-16-9 wp-has-aspect-ratio\"><div class=\"wp-block-embed__wrapper\">\n<iframe loading=\"lazy\" title=\"ALFAREROS-GRANDIOSA-Feat Vero Sanfilippo &amp; Itala Rodriguez\" width=\"1140\" height=\"641\" src=\"https:\/\/www.youtube.com\/embed\/_gwGspplVxI?feature=oembed\" frameborder=\"0\" allow=\"accelerometer; autoplay; clipboard-write; encrypted-media; gyroscope; picture-in-picture; web-share\" allowfullscreen><\/iframe>\n<\/div><\/figure>\n\n\n\n<p class=\"has-text-align-left\">Eres un tesoro para Dios,<br>Eres un latido de su coraz\u00f3n.<br>No eres un error, una casualidad.<br>T\u00fa eres importante para Dios.<br><br>Como el azul del cielo eres para \u00c9l;<br>como paloma en vuelo eres para \u00c9l;<br>como el color que \u00c9l usa al atardecer,<br>eres para \u00c9l.<br>Eres importante para \u00c9l.<br><br>Como una suave brisa eres para \u00c9l;<br>como el brillo de una estrella eres para \u00c9l.<br>Grandiosa como el universo eres para \u00c9l.<br>As\u00ed eres para \u00c9l.<br>Eres importante ya lo ves.<br><br>No cargues con la culpa m\u00e1s.<br>Ac\u00e9rcate y d\u00e9jate amar.<br>Ya no derrames ni una l\u00e1grima m\u00e1s&#8230;<br><br>Grandiosa&#8230;<br>Hermosa&#8230;<br>Grandiosa&#8230;<br>Hermosa&#8230;<br><br>Grandiosa (como el universo)<br>Hermosa (como el azul del cielo)<br>Grandiosa (como el universo)<br>Hermosa (como el azul del cielo)<br><br>Grandiosa&#8230;<br>Hermosa&#8230;<br>Grandiosa&#8230;<br>Hermosa&#8230;<\/p>\n\n\n\n<p class=\"has-text-align-left has-vivid-cyan-blue-background-color has-background\"><\/p>\n\n\n\n<figure class=\"wp-block-image size-large\"><img loading=\"lazy\" decoding=\"async\" width=\"1024\" height=\"576\" src=\"https:\/\/menesianosoy.org\/wp-content\/uploads\/2023\/09\/oracion-y-logo-3-1024x576.jpg\" alt=\"\" class=\"wp-image-3777\" srcset=\"https:\/\/menesianosoy.org\/wp-content\/uploads\/2023\/09\/oracion-y-logo-3-1024x576.jpg 1024w, https:\/\/menesianosoy.org\/wp-content\/uploads\/2023\/09\/oracion-y-logo-3-300x169.jpg 300w, https:\/\/menesianosoy.org\/wp-content\/uploads\/2023\/09\/oracion-y-logo-3-768x432.jpg 768w, https:\/\/menesianosoy.org\/wp-content\/uploads\/2023\/09\/oracion-y-logo-3-1200x675.jpg 1200w, https:\/\/menesianosoy.org\/wp-content\/uploads\/2023\/09\/oracion-y-logo-3.jpg 1280w\" sizes=\"auto, (max-width: 709px) 85vw, (max-width: 909px) 67vw, (max-width: 1362px) 62vw, 840px\" \/><\/figure>\n","protected":false},"excerpt":{"rendered":"<p>1\u00aa Timoteo 6, 3-12Salmo 48, 6-10. 17-20 Evangelio: Lucas 8, 1-3 Jes\u00fas recorr\u00eda las ciudades y los pueblos, predicando y anunciando la Buena Noticia del Reino de Dios.Lo acompa\u00f1aban los Doce y tambi\u00e9n algunas mujeres que hab\u00edan sido curadas de malos esp\u00edritus y enfermedades: Mar\u00eda, llamada Magdalena, de la que hab\u00edan salido siete demonios; Juana, &hellip; <a href=\"https:\/\/menesianosoy.org\/index.php\/2023\/09\/18\/viernes-24o-del-tiempo-durante-el-ano\/\" class=\"more-link\">Continue reading<span class=\"screen-reader-text\"> \u00abViernes 24\u00ba del tiempo durante el a\u00f1o\u00bb<\/span><\/a><\/p>\n","protected":false},"author":3,"featured_media":0,"comment_status":"closed","ping_status":"closed","sticky":false,"template":"","format":"standard","meta":{"_acf_changed":false,"footnotes":""},"categories":[9],"tags":[],"class_list":["post-3758","post","type-post","status-publish","format-standard","hentry","category-evangelio"],"acf":[],"_links":{"self":[{"href":"https:\/\/menesianosoy.org\/index.php\/wp-json\/wp\/v2\/posts\/3758","targetHints":{"allow":["GET"]}}],"collection":[{"href":"https:\/\/menesianosoy.org\/index.php\/wp-json\/wp\/v2\/posts"}],"about":[{"href":"https:\/\/menesianosoy.org\/index.php\/wp-json\/wp\/v2\/types\/post"}],"author":[{"embeddable":true,"href":"https:\/\/menesianosoy.org\/index.php\/wp-json\/wp\/v2\/users\/3"}],"replies":[{"embeddable":true,"href":"https:\/\/menesianosoy.org\/index.php\/wp-json\/wp\/v2\/comments?post=3758"}],"version-history":[{"count":17,"href":"https:\/\/menesianosoy.org\/index.php\/wp-json\/wp\/v2\/posts\/3758\/revisions"}],"predecessor-version":[{"id":3847,"href":"https:\/\/menesianosoy.org\/index.php\/wp-json\/wp\/v2\/posts\/3758\/revisions\/3847"}],"wp:attachment":[{"href":"https:\/\/menesianosoy.org\/index.php\/wp-json\/wp\/v2\/media?parent=3758"}],"wp:term":[{"taxonomy":"category","embeddable":true,"href":"https:\/\/menesianosoy.org\/index.php\/wp-json\/wp\/v2\/categories?post=3758"},{"taxonomy":"post_tag","embeddable":true,"href":"https:\/\/menesianosoy.org\/index.php\/wp-json\/wp\/v2\/tags?post=3758"}],"curies":[{"name":"wp","href":"https:\/\/api.w.org\/{rel}","templated":true}]}}