{"id":38959,"date":"2026-08-12T16:56:28","date_gmt":"2026-08-12T19:56:28","guid":{"rendered":"https:\/\/menesianosoy.org\/?p=38959"},"modified":"2026-08-29T11:47:21","modified_gmt":"2026-08-29T14:47:21","slug":"7-guingamp","status":"publish","type":"post","link":"https:\/\/menesianosoy.org\/index.php\/2026\/08\/12\/7-guingamp\/","title":{"rendered":"7.- GUINGAMP"},"content":{"rendered":"\n<p class=\"has-text-align-left wp-block-paragraph\">En Guingamp Juan Mar\u00eda fund\u00f3 una de las primeras escuelas y en ella veremos reflejada la lucha desencadenada en torno a la educaci\u00f3n y la decisi\u00f3n y el coraje de un hombre para presentar una <strong>alternativa<\/strong> v\u00e1lida.<br>El 1\u00ba de octubre de 1820, dos hermanos de Saint-Brieuc, Alain Coursin e Ivo Le Fichant, se instalaron en la ciudad, abrieron una escuela que tuvo un \u00e9xito inmediato y que desat\u00f3 una guerra escolar con los defensores de la escuela mutua.<br>Esa lucha se reprodujo en otras localidades de la Breta\u00f1a. Pero el \u00edmpetu de Juan Mar\u00eda super\u00f3 todos los obst\u00e1culos que le pusieron. Y su intuici\u00f3n y decisi\u00f3n triunfaron, tanto que toda Francia termin\u00f3 adoptando el sistema educativo por \u00e9l defendido.<br><br>Otro tema que nos ocupa en esta estaci\u00f3n de nuestra peregrinaci\u00f3n es la <strong>entrega de la vida por una misi\u00f3n<\/strong>, encarnada de manera admirable en el joven hermano Ivo. \u00c9l se consagr\u00f3 por entero a la tarea que se le hab\u00eda confiado, sin medir el tiempo, el esfuerzo ni los sacrificios. No busc\u00f3 comodidad, reconocimiento ni recompensa: le bastaba saber que estaba sirviendo a Dios al educar y acompa\u00f1ar a sus ni\u00f1os.<br>Ivo fue el primer hermano formado por Juan Mar\u00eda que muri\u00f3, podr\u00edamos decir, \u00abal pie del ca\u00f1\u00f3n\u00bb: en plena misi\u00f3n, gastando sus fuerzas hasta el final por aquellos peque\u00f1os que el Se\u00f1or hab\u00eda puesto en sus manos. Su vida fue breve, pero intensa y fecunda. Como el grano de trigo del Evangelio, Ivo acept\u00f3 caer en tierra y morir para producir fruto abundante. Su muerte no fue el fracaso de una vocaci\u00f3n reci\u00e9n comenzada, sino la semilla de muchas otras vocaciones y entregas. Su ejemplo mostr\u00f3 a los primeros hermanos que la misi\u00f3n educativa no era simplemente un trabajo, sino una forma concreta de ofrecer la propia vida a Dios y a los ni\u00f1os.<br>Ivo vivi\u00f3 plenamente el <strong>Dios Solo<\/strong>: Dios como centro, motivo y horizonte de toda su existencia. Porque puso a Dios por encima de s\u00ed mismo, pudo darse sin reservas a los dem\u00e1s. Su vida nos recuerda que quien se guarda termina perdi\u00e9ndose, mientras que quien se entrega por amor encuentra la verdadera plenitud.<\/p>\n\n\n\n<h2 class=\"wp-block-heading has-text-align-left has-white-color has-text-color has-link-color wp-elements-1\">.<\/h2>\n\n\n\n<div data-wp-interactive=\"core\/file\" class=\"wp-block-file\"><object data-wp-bind--hidden=\"!state.hasPdfPreview\" hidden class=\"wp-block-file__embed\" data=\"https:\/\/menesianosoy.org\/wp-content\/uploads\/2026\/08\/GUINGAMP.pdf\" type=\"application\/pdf\" style=\"width:100%;height:600px\" aria-label=\"Incrustado de GUINGAMP.\"><\/object><a id=\"wp-block-file--media-d9046b28-a686-47e2-84ee-44b46917bcd9\" href=\"https:\/\/menesianosoy.org\/wp-content\/uploads\/2026\/08\/GUINGAMP.pdf\">GUINGAMP<\/a><a href=\"https:\/\/menesianosoy.org\/wp-content\/uploads\/2026\/08\/GUINGAMP.pdf\" class=\"wp-block-file__button wp-element-button\" download aria-describedby=\"wp-block-file--media-d9046b28-a686-47e2-84ee-44b46917bcd9\">Descarga<\/a><\/div>\n\n\n\n<div data-wp-interactive=\"core\/file\" class=\"wp-block-file\"><object data-wp-bind--hidden=\"!state.hasPdfPreview\" hidden class=\"wp-block-file__embed\" data=\"https:\/\/menesianosoy.org\/wp-content\/uploads\/2026\/08\/LIBERTAD-DE-ENSENANZA.pdf\" type=\"application\/pdf\" style=\"width:100%;height:600px\" aria-label=\"Incrustado de LIBERTAD DE ENSE\u00d1ANZA.\"><\/object><a id=\"wp-block-file--media-187e391c-c90f-4118-9ae8-e7b01a93c8d8\" href=\"https:\/\/menesianosoy.org\/wp-content\/uploads\/2026\/08\/LIBERTAD-DE-ENSENANZA.pdf\">LIBERTAD DE ENSE\u00d1ANZA<\/a><a href=\"https:\/\/menesianosoy.org\/wp-content\/uploads\/2026\/08\/LIBERTAD-DE-ENSENANZA.pdf\" class=\"wp-block-file__button wp-element-button\" download aria-describedby=\"wp-block-file--media-187e391c-c90f-4118-9ae8-e7b01a93c8d8\">Descarga<\/a><\/div>\n\n\n\n<h2 class=\"wp-block-heading has-white-color has-text-color has-link-color wp-elements-2\">mn<\/h2>\n\n\n\n<p class=\"has-text-align-left has-black-color has-text-color has-link-color wp-elements-3 wp-block-paragraph\">El Hno Ivo hizo carne el madato de Jes\u00fas a sus disc\u00edpulos: \u00ab<em>Dejen que los ni\u00f1os vengan a m\u00ed\u00bb<\/em>. \u00c9l fue el buen pastor que cuid\u00f3 que las tiernas ovejas no se dispersaran y fueran atacadas por los lobos. <br>Los siguientes son dos textos del H. Miguel \u00c1ngel Merino:<\/p>\n\n\n\n<div data-wp-interactive=\"core\/file\" class=\"wp-block-file\"><object data-wp-bind--hidden=\"!state.hasPdfPreview\" hidden class=\"wp-block-file__embed\" data=\"https:\/\/menesianosoy.org\/wp-content\/uploads\/2026\/08\/Dejen-que-los-ninos-vengan-a-mi.docx.pdf\" type=\"application\/pdf\" style=\"width:100%;height:600px\" aria-label=\"Incrustado de Dejen que los ni\u00f1os vengan a m\u00ed.docx.\"><\/object><a id=\"wp-block-file--media-48770ef7-b660-4e3e-bad0-47d1dc900a1e\" href=\"https:\/\/menesianosoy.org\/wp-content\/uploads\/2026\/08\/Dejen-que-los-ninos-vengan-a-mi.docx.pdf\">Dejen que los ni\u00f1os vengan a m\u00ed.docx<\/a><a href=\"https:\/\/menesianosoy.org\/wp-content\/uploads\/2026\/08\/Dejen-que-los-ninos-vengan-a-mi.docx.pdf\" class=\"wp-block-file__button wp-element-button\" download aria-describedby=\"wp-block-file--media-48770ef7-b660-4e3e-bad0-47d1dc900a1e\">Descarga<\/a><\/div>\n\n\n\n<figure class=\"wp-block-video\"><video height=\"720\" style=\"aspect-ratio: 1280 \/ 720;\" width=\"1280\" controls src=\"https:\/\/menesianosoy.org\/wp-content\/uploads\/2026\/08\/VIDEO-GUINGAMP.mp4\"><\/video><\/figure>\n\n\n\n<h2 class=\"wp-block-heading has-white-color has-text-color has-link-color wp-elements-4\">.<\/h2>\n\n\n\n<h4 class=\"wp-block-heading has-vivid-red-color has-text-color has-link-color wp-elements-5\">PROPUESTA DE TRABAJO<\/h4>\n\n\n\n<p class=\"has-text-align-left wp-block-paragraph\"><strong>1. Luchar por una educaci\u00f3n cristiana y de calidad<\/strong><br><br>Juan Mar\u00eda encontr\u00f3 oposici\u00f3n, dificultades econ\u00f3micas, administrativas e ideol\u00f3gicas. Sin embargo, sigui\u00f3 adelante porque estaba convencido de que educar era una misi\u00f3n recibida de Dios y de que el bien integral de los ni\u00f1os merec\u00eda esa lucha. Su perseverancia no nac\u00eda del \u00e9xito ni del reconocimiento, sino de una convicci\u00f3n profunda.<br><br>\u00bfQu\u00e9 convicciones profundas sostienen hoy mi tarea como educador menesiano? \u00bfQu\u00e9 cosas considero irrenunciables cuando est\u00e1 en juego el bien de nuestros ni\u00f1os y j\u00f3venes?<br>\u00bfAnte qu\u00e9 dificultades de nuestra misi\u00f3n educativa estoy llamado a perseverar, buscar caminos nuevos y \u201cseguir siempre hacia adelante\u201d, en lugar de resignarme o acomodarme?<br>\u00bfQu\u00e9 realidad de nuestros ni\u00f1os y j\u00f3venes me incomoda hoy lo suficiente como para no conformarme y animarme a crear una respuesta nueva?<br><br><strong>2. Entregar la vida por la misi\u00f3n- H. Ivo Le Fichant<\/strong><br>Lo m\u00e1s hermoso de Ivo fue que amaba a sus alumnos y ellos se sab\u00edan amados; y aun al final de su vida los llevaba en el coraz\u00f3n, recordando incluso la situaci\u00f3n particular de cada uno.<br>\u00bfQui\u00e9nes tienen hoy un lugar concreto en mi coraz\u00f3n y en mi entrega?<br>\u00bfNuestros ni\u00f1os y j\u00f3venes pueden descubrir, en mi manera de educar, que son conocidos, queridos y acompa\u00f1ados personalmente?<br><br>Ser <strong>grano de trigo<\/strong> no significa simplemente hacer m\u00e1s o agotarnos, sino aceptar que algo de nosotros tiene que morir para que otros puedan crecer.<br>\u00bfA qu\u00e9 comodidad, ego\u00edsmo, miedo o necesidad de reconocimiento necesito morir para que mi misi\u00f3n d\u00e9 m\u00e1s vida?<br>Cuando mis fuerzas, capacidades o certezas no alcanzan, \u00bfen qu\u00e9 pongo realmente mi confianza? \u00bfQu\u00e9 significar\u00eda hoy, en mi misi\u00f3n concreta, dejar que \u201cDios Solo\u201d sea verdaderamente el centro y el sost\u00e9n de lo que hago?<\/p>\n\n\n\n<h4 class=\"wp-block-heading has-text-align-left has-vivid-red-color has-text-color has-link-color wp-elements-6\"><br><strong>Abre tu escuela menesiana<\/strong><\/h4>\n\n\n\n<figure class=\"wp-block-embed is-type-video is-provider-youtube wp-block-embed-youtube wp-embed-aspect-16-9 wp-has-aspect-ratio\"><div class=\"wp-block-embed__wrapper\">\n<iframe loading=\"lazy\" title=\"Abre tu escuela\" width=\"1140\" height=\"641\" src=\"https:\/\/www.youtube.com\/embed\/D0o4I2VzSsI?feature=oembed\" frameborder=\"0\" allow=\"accelerometer; autoplay; clipboard-write; encrypted-media; gyroscope; picture-in-picture; web-share\" referrerpolicy=\"strict-origin-when-cross-origin\" allowfullscreen><\/iframe>\n<\/div><\/figure>\n\n\n\n<p class=\"wp-block-paragraph\">Caminando por las sendas de este mundo,<br>si descubres un ni\u00f1o sin poder crecer,<br>abre tu escuela menesiana<br>y as\u00ed podr\u00e1s tener fuerzas y alas<br>para poder volar.<br><br>Atr\u00e9vete, vamos a construir. \u00a1Ven!<br>un cielo para que suene su voz<br>y cante libre.<br>M\u00edrate, abre tu coraz\u00f3n ya,<br>para buscar\u2026<br><br>Si entendemos la esperanza menesiana<br>y ponemos a nuestro sue\u00f1o su color.<br>Un arco\u00edris limpio y grande alumbrar\u00e1<br>la senda para todos juntos andar.<br><br>Atr\u00e9vete, vamos a construir. \u00a1Ven!<br>un cielo para que suene su voz<br>y cante libre.<br>M\u00edrate, abre tu coraz\u00f3n ya,<br>para buscar\u2026<br><br>Busca la estrella que guiar\u00e1<br>nuestro camino al andar<\/p>\n\n\n\n<h2 class=\"wp-block-heading has-text-align-center has-white-color has-vivid-cyan-blue-background-color has-text-color has-background has-link-color wp-elements-7\">ANEXO<\/h2>\n\n\n\n<div data-wp-interactive=\"core\/file\" class=\"wp-block-file\"><object data-wp-bind--hidden=\"!state.hasPdfPreview\" hidden class=\"wp-block-file__embed\" data=\"https:\/\/menesianosoy.org\/wp-content\/uploads\/2026\/08\/La-escuela-lancasteriana-o-mutua.pdf\" type=\"application\/pdf\" style=\"width:100%;height:600px\" aria-label=\"Incrustado de La escuela lancasteriana o mutua.\"><\/object><a id=\"wp-block-file--media-9a58cd80-57d6-45e8-88e9-07f4e21aca68\" href=\"https:\/\/menesianosoy.org\/wp-content\/uploads\/2026\/08\/La-escuela-lancasteriana-o-mutua.pdf\">La escuela lancasteriana o mutua<\/a><a href=\"https:\/\/menesianosoy.org\/wp-content\/uploads\/2026\/08\/La-escuela-lancasteriana-o-mutua.pdf\" class=\"wp-block-file__button wp-element-button\" download aria-describedby=\"wp-block-file--media-9a58cd80-57d6-45e8-88e9-07f4e21aca68\">Descarga<\/a><\/div>\n\n\n\n<p class=\"wp-block-paragraph\"><\/p>\n","protected":false},"excerpt":{"rendered":"<p>En Guingamp Juan Mar\u00eda fund\u00f3 una de las primeras escuelas y en ella veremos reflejada la lucha desencadenada en torno a la educaci\u00f3n y la decisi\u00f3n y el coraje de un hombre para presentar una alternativa v\u00e1lida.El 1\u00ba de octubre de 1820, dos hermanos de Saint-Brieuc, Alain Coursin e Ivo Le Fichant, se instalaron en &hellip; <a href=\"https:\/\/menesianosoy.org\/index.php\/2026\/08\/12\/7-guingamp\/\" class=\"more-link\">Continue reading<span class=\"screen-reader-text\"> \u00ab7.- GUINGAMP\u00bb<\/span><\/a><\/p>\n","protected":false},"author":3,"featured_media":38965,"comment_status":"closed","ping_status":"closed","sticky":false,"template":"","format":"standard","meta":{"_acf_changed":false,"footnotes":""},"categories":[55],"tags":[],"class_list":["post-38959","post","type-post","status-publish","format-standard","has-post-thumbnail","hentry","category-peregrinacion-menesiana"],"acf":[],"_links":{"self":[{"href":"https:\/\/menesianosoy.org\/index.php\/wp-json\/wp\/v2\/posts\/38959","targetHints":{"allow":["GET"]}}],"collection":[{"href":"https:\/\/menesianosoy.org\/index.php\/wp-json\/wp\/v2\/posts"}],"about":[{"href":"https:\/\/menesianosoy.org\/index.php\/wp-json\/wp\/v2\/types\/post"}],"author":[{"embeddable":true,"href":"https:\/\/menesianosoy.org\/index.php\/wp-json\/wp\/v2\/users\/3"}],"replies":[{"embeddable":true,"href":"https:\/\/menesianosoy.org\/index.php\/wp-json\/wp\/v2\/comments?post=38959"}],"version-history":[{"count":14,"href":"https:\/\/menesianosoy.org\/index.php\/wp-json\/wp\/v2\/posts\/38959\/revisions"}],"predecessor-version":[{"id":39585,"href":"https:\/\/menesianosoy.org\/index.php\/wp-json\/wp\/v2\/posts\/38959\/revisions\/39585"}],"wp:featuredmedia":[{"embeddable":true,"href":"https:\/\/menesianosoy.org\/index.php\/wp-json\/wp\/v2\/media\/38965"}],"wp:attachment":[{"href":"https:\/\/menesianosoy.org\/index.php\/wp-json\/wp\/v2\/media?parent=38959"}],"wp:term":[{"taxonomy":"category","embeddable":true,"href":"https:\/\/menesianosoy.org\/index.php\/wp-json\/wp\/v2\/categories?post=38959"},{"taxonomy":"post_tag","embeddable":true,"href":"https:\/\/menesianosoy.org\/index.php\/wp-json\/wp\/v2\/tags?post=38959"}],"curies":[{"name":"wp","href":"https:\/\/api.w.org\/{rel}","templated":true}]}}