{"id":3917,"date":"2023-09-22T17:52:33","date_gmt":"2023-09-22T20:52:33","guid":{"rendered":"https:\/\/menesianosoy.org\/?p=3917"},"modified":"2023-09-22T18:09:42","modified_gmt":"2023-09-22T21:09:42","slug":"25o-lunes-del-tiempo-durante-el-ano","status":"publish","type":"post","link":"https:\/\/menesianosoy.org\/index.php\/2023\/09\/22\/25o-lunes-del-tiempo-durante-el-ano\/","title":{"rendered":"25\u00ba lunes del tiempo durante el a\u00f1o"},"content":{"rendered":"\n<p class=\"has-text-align-left\"><em>Esdras 1, 1-6<br>Salmo 125, 1-6<\/em><\/p>\n\n\n\n<h4 class=\"wp-block-heading has-vivid-cyan-blue-color has-text-color\"><strong>Evangelio: Lucas 8, 16-18<\/strong><\/h4>\n\n\n\n<p class=\"has-text-align-left\"><strong><em>Jes\u00fas dijo a sus disc\u00edpulos: \u00a0<br>No se enciende una l\u00e1mpara para cubrirla con un recipiente o para ponerla debajo de la cama, sino que se la coloca sobre un candelero, para que los que entren vean la luz.<br>Porque no hay nada oculto que no se descubra alg\u00fan d\u00eda, ni nada secreto que no deba ser conocido y divulgado.<br>Presten atenci\u00f3n y oigan bien, porque al que tiene, se le dar\u00e1, pero al que no tiene, se le quitar\u00e1 hasta lo que cree tener<\/em><\/strong>.<\/p>\n\n\n\n<figure class=\"wp-block-image size-full\"><img loading=\"lazy\" decoding=\"async\" width=\"320\" height=\"212\" src=\"https:\/\/menesianosoy.org\/wp-content\/uploads\/2023\/09\/6d9b08e1de80271004c56fb6fe65f30b.jpg\" alt=\"\" class=\"wp-image-3926\" srcset=\"https:\/\/menesianosoy.org\/wp-content\/uploads\/2023\/09\/6d9b08e1de80271004c56fb6fe65f30b.jpg 320w, https:\/\/menesianosoy.org\/wp-content\/uploads\/2023\/09\/6d9b08e1de80271004c56fb6fe65f30b-300x199.jpg 300w\" sizes=\"auto, (max-width: 320px) 85vw, 320px\" \/><\/figure>\n\n\n\n<p class=\"has-text-align-left has-black-color has-text-color\">Quien vive desde la propuesta de Jes\u00fas, se convierte en luz para los dem\u00e1s. La luz no brota desde un esfuerzo voluntarista, sino que fluye como la luz de un candil encendido, su Palabra.<br><br>El relato nos presenta una paradoja, que podr\u00eda expresarse as\u00ed: nuestra realidad \u00faltima, nuestra verdadera identidad, en cuanto hijos de Dios, es un gozo luminoso; sin embargo, nosotros\/as, cada uno\/a, nos experimentamos llenos de sombras y de sufrimiento. Y ah\u00ed surge nuestra pregunta: \u00bfQu\u00e9 tengo que hacer para lograr mi liberaci\u00f3n? La respuesta es simple: \u00a1nada! Dig\u00e1moslo de otra manera: <em>No te esfuerces por intentar sanarte, arreglarte o \u201cser luz\u201d para nadie<\/em>. Hemos de aprender aceptar todo lo que nos preocupa, nuestras propias fragilidades, limitaciones, y sufrimientos. Y estar dispuestos a descansar todas ellas en Jes\u00fas, iluminarlas desde su amor. S\u00f3lo quien no quiere iluminarse desde su Palabra, acaba perdi\u00e9ndolo todo.<br><br>El relato de lucas nos recuerda que lo que eres, es ya plenitud. S\u00f3lo se requiere caer en la cuenta. Y el camino es la atenci\u00f3n y la aceptaci\u00f3n. Aprende a aceptar tu momento presente: tu dolor, tu tristeza, tus dudas, tus deseos profundos, tus errores y miedos\u2026 s\u00f3lo est\u00e1n pidiendo ser aceptados aqu\u00ed y ahora (atenci\u00f3n) y descansarlos en los brazos amorosos de quien sabemos nos ama Jes\u00fas, \u00e9l nos hace luz. \u00bfQu\u00e9 necesito aceptar?<\/p>\n\n\n\n<h4 class=\"wp-block-heading has-text-align-left has-vivid-cyan-blue-color has-text-color\"><br><strong>M\u00e1xima<\/strong><\/h4>\n\n\n\n<p class=\"has-text-align-left\"><strong><em>Jes\u00fas nos quiere seres de luz<\/em><\/strong><\/p>\n\n\n\n<h4 class=\"wp-block-heading has-vivid-cyan-blue-color has-text-color\"><br><strong>Palabras de Juan Mar\u00eda<\/strong><\/h4>\n\n\n\n<p class=\"has-text-align-left\"><img decoding=\"async\" class=\"wp-image-618\" style=\"width: 150px;\" src=\"https:\/\/menesianosoy.org\/wp-content\/uploads\/2023\/08\/j.png\" alt=\"\"><br><em>Maestros h\u00e1biles levantan y restauran todas las ruinas; el esp\u00edritu de un peque\u00f1o ni\u00f1o que estaba cerrado a la luz, se abre de golpe y los dulces rayos del sol lo iluminan y lo alegran\u201d (Apertura de una escuela en Chezal-Ben\u00f4it, 1835)<\/em><\/p>\n\n\n\n<p><br><strong><em>Dame tu luz \u2013 Fran Ros<\/em><\/strong><\/p>\n\n\n\n<figure class=\"wp-block-embed is-type-video is-provider-youtube wp-block-embed-youtube wp-embed-aspect-4-3 wp-has-aspect-ratio\"><div class=\"wp-block-embed__wrapper\">\n<iframe loading=\"lazy\" title=\"Dame tu Luz\" width=\"1140\" height=\"855\" src=\"https:\/\/www.youtube.com\/embed\/FVTbHfJ5tzk?list=OLAK5uy_ma8X-u9SZhBxcXlllxJNgfm9MEqsZRgtQ\" frameborder=\"0\" allow=\"accelerometer; autoplay; clipboard-write; encrypted-media; gyroscope; picture-in-picture; web-share\" allowfullscreen><\/iframe>\n<\/div><\/figure>\n\n\n\n<p>Abre mi mente, dame tu luz,<br>que estoy vac\u00edo, ll\u00e9name T\u00fa.<br><br>Cuando a veces pienso en Ti,<br>queriendo ser feliz,<br>no comprendo y no acierto<br>por d\u00f3nde ir.<br>Y hay d\u00edas fuertes<br>donde creo vivir m\u00e1s<br>pero enfrento mis proyectos<br>con tu amistad.<br><br>Otras veces gris estoy<br>andando mucho peor<br>no comprendo y no acierto<br>a ver tu amor.<br>Y por eso canto,<br>escuch\u00e1 ahora mi voz.<br>No te alejes, no te escondas,<br>te digo hoy.<\/p>\n\n\n\n<p class=\"has-vivid-cyan-blue-background-color has-background\"><\/p>\n\n\n\n<figure class=\"wp-block-image size-full\"><img decoding=\"async\" src=\"https:\/\/menesianosoy.org\/wp-content\/uploads\/2023\/09\/Oracion-p-el-capitulo-9.jpg\" alt=\"\" class=\"wp-image-3932\"\/><\/figure>\n","protected":false},"excerpt":{"rendered":"<p>Esdras 1, 1-6Salmo 125, 1-6 Evangelio: Lucas 8, 16-18 Jes\u00fas dijo a sus disc\u00edpulos: \u00a0No se enciende una l\u00e1mpara para cubrirla con un recipiente o para ponerla debajo de la cama, sino que se la coloca sobre un candelero, para que los que entren vean la luz.Porque no hay nada oculto que no se descubra &hellip; <a href=\"https:\/\/menesianosoy.org\/index.php\/2023\/09\/22\/25o-lunes-del-tiempo-durante-el-ano\/\" class=\"more-link\">Continue reading<span class=\"screen-reader-text\"> \u00ab25\u00ba lunes del tiempo durante el a\u00f1o\u00bb<\/span><\/a><\/p>\n","protected":false},"author":3,"featured_media":0,"comment_status":"closed","ping_status":"closed","sticky":false,"template":"","format":"standard","meta":{"_acf_changed":false,"footnotes":""},"categories":[9],"tags":[],"class_list":["post-3917","post","type-post","status-publish","format-standard","hentry","category-evangelio"],"acf":[],"_links":{"self":[{"href":"https:\/\/menesianosoy.org\/index.php\/wp-json\/wp\/v2\/posts\/3917","targetHints":{"allow":["GET"]}}],"collection":[{"href":"https:\/\/menesianosoy.org\/index.php\/wp-json\/wp\/v2\/posts"}],"about":[{"href":"https:\/\/menesianosoy.org\/index.php\/wp-json\/wp\/v2\/types\/post"}],"author":[{"embeddable":true,"href":"https:\/\/menesianosoy.org\/index.php\/wp-json\/wp\/v2\/users\/3"}],"replies":[{"embeddable":true,"href":"https:\/\/menesianosoy.org\/index.php\/wp-json\/wp\/v2\/comments?post=3917"}],"version-history":[{"count":12,"href":"https:\/\/menesianosoy.org\/index.php\/wp-json\/wp\/v2\/posts\/3917\/revisions"}],"predecessor-version":[{"id":3934,"href":"https:\/\/menesianosoy.org\/index.php\/wp-json\/wp\/v2\/posts\/3917\/revisions\/3934"}],"wp:attachment":[{"href":"https:\/\/menesianosoy.org\/index.php\/wp-json\/wp\/v2\/media?parent=3917"}],"wp:term":[{"taxonomy":"category","embeddable":true,"href":"https:\/\/menesianosoy.org\/index.php\/wp-json\/wp\/v2\/categories?post=3917"},{"taxonomy":"post_tag","embeddable":true,"href":"https:\/\/menesianosoy.org\/index.php\/wp-json\/wp\/v2\/tags?post=3917"}],"curies":[{"name":"wp","href":"https:\/\/api.w.org\/{rel}","templated":true}]}}