{"id":39706,"date":"2026-08-30T09:57:43","date_gmt":"2026-08-30T12:57:43","guid":{"rendered":"https:\/\/menesianosoy.org\/?p=39706"},"modified":"2026-09-02T21:34:16","modified_gmt":"2026-09-03T00:34:16","slug":"san-gregorio-magno-5","status":"publish","type":"post","link":"https:\/\/menesianosoy.org\/index.php\/2026\/08\/30\/san-gregorio-magno-5\/","title":{"rendered":"San Gregorio Magno"},"content":{"rendered":"\n<h2 class=\"wp-block-heading has-white-color has-text-color has-link-color wp-elements-1\">.<\/h2>\n\n\n\n<hr class=\"wp-block-separator has-alpha-channel-opacity\"\/>\n\n\n\n<h5 class=\"wp-block-heading has-text-align-center has-text-color has-link-color wp-elements-2\" style=\"color:#40705e\"><img loading=\"lazy\" decoding=\"async\" width=\"100\" height=\"85\" class=\"wp-image-16112\" style=\"width: 100px;\" src=\"https:\/\/menesianosoy.org\/wp-content\/uploads\/2024\/09\/ppp.png\" alt=\"\" srcset=\"https:\/\/menesianosoy.org\/wp-content\/uploads\/2024\/09\/ppp.png 450w, https:\/\/menesianosoy.org\/wp-content\/uploads\/2024\/09\/ppp-300x254.png 300w\" sizes=\"auto, (max-width: 100px) 85vw, 100px\" \/><br>4\u00ba d\u00eda de la Novena<br>EL SERVICIO EN JES\u00daS<br><em>La mirada atenta al servicio de la vida<\/em><\/h5>\n\n\n\n<hr class=\"wp-block-separator has-alpha-channel-opacity\"\/>\n\n\n\n<h2 class=\"wp-block-heading has-white-color has-text-color has-link-color wp-elements-3\">.<\/h2>\n\n\n\n<h5 class=\"wp-block-heading has-text-align-left has-text-color has-link-color wp-elements-4\" style=\"color:#744c4c\"><br><img loading=\"lazy\" decoding=\"async\" width=\"150\" height=\"96\" class=\"wp-image-39721\" style=\"width: 150px;\" src=\"https:\/\/menesianosoy.org\/wp-content\/uploads\/2026\/08\/navega-mar-adentro.png\" alt=\"\" srcset=\"https:\/\/menesianosoy.org\/wp-content\/uploads\/2026\/08\/navega-mar-adentro.png 1000w, https:\/\/menesianosoy.org\/wp-content\/uploads\/2026\/08\/navega-mar-adentro-300x191.png 300w, https:\/\/menesianosoy.org\/wp-content\/uploads\/2026\/08\/navega-mar-adentro-768x490.png 768w\" sizes=\"auto, (max-width: 150px) 85vw, 150px\" \/><br><strong>1\u00aa Corintios 3, 18-23<br>Salmo 23 (24), 1-4b.5-6<\/strong><\/h5>\n\n\n\n<h4 class=\"wp-block-heading has-text-align-left has-vivid-red-color has-text-color has-link-color wp-elements-5\"><br><strong>Evangelio: Lucas 5, 1-11<\/strong><\/h4>\n\n\n\n<figure class=\"wp-block-audio\"><audio controls src=\"https:\/\/menesianosoy.org\/wp-content\/uploads\/2026\/08\/Jueves-3-De-Septiembre-Lc-5-1-11.mp3\"><\/audio><\/figure>\n\n\n\n<p class=\"has-text-align-left wp-block-paragraph\"><strong><em>En una oportunidad, la multitud se amontonaba alrededor de Jes\u00fas para escuchar la Palabra de Dios, y \u00e9l estaba de pie a la orilla del lago de Genesaret. Desde all\u00ed vio dos barcas junto a la orilla del lago. Los pescadores hab\u00edan bajado y estaban limpiando las redes.<br>Jes\u00fas subi\u00f3 a una de las barcas, que era de Sim\u00f3n, y le pidi\u00f3 que se apartara un poco de la orilla. Despu\u00e9s se sent\u00f3, y ense\u00f1aba a la multitud desde la barca.<br>Cuando termin\u00f3 de hablar, dijo a Sim\u00f3n: Navega mar adentro, y echen las redes.<br>Sim\u00f3n le respondi\u00f3: Maestro, hemos trabajado la noche entera y no hemos sacado nada, pero si t\u00fa lo dices, echar\u00e9 las redes.<br>As\u00ed lo hicieron, y sacaron tal cantidad de peces, que las redes estaban a punto de romperse. Entonces hicieron se\u00f1as a los compa\u00f1eros de la otra barca para que fueran a ayudarlos. Ellos acudieron, y llenaron tanto las dos barcas, que casi se hund\u00edan.<br>Al ver esto, Sim\u00f3n Pedro se ech\u00f3 a los pies de Jes\u00fas y le dijo: Al\u00e9jate de m\u00ed, Se\u00f1or, porque soy un pecador. El temor se hab\u00eda apoderado de \u00e9l y de los que lo acompa\u00f1aban, por la cantidad de peces que hab\u00edan recogido; y lo mismo les pasaba a Santiago y a Juan, hijos de Zebedeo, compa\u00f1eros de Sim\u00f3n.<br>Pero Jes\u00fas dijo a Sim\u00f3n: No temas, de ahora en adelante ser\u00e1s pescador de hombres.<br>Ellos atracaron las barcas a la orilla y, abandon\u00e1ndolo todo, lo siguieron.<\/em><\/strong><\/p>\n\n\n\n<figure class=\"wp-block-image size-full is-resized\"><img loading=\"lazy\" decoding=\"async\" width=\"399\" height=\"501\" src=\"https:\/\/menesianosoy.org\/wp-content\/uploads\/2026\/08\/echare-las-redes.jpg\" alt=\"\" class=\"wp-image-39723\" style=\"aspect-ratio:0.7964256752541949;width:492px;height:auto\" srcset=\"https:\/\/menesianosoy.org\/wp-content\/uploads\/2026\/08\/echare-las-redes.jpg 399w, https:\/\/menesianosoy.org\/wp-content\/uploads\/2026\/08\/echare-las-redes-239x300.jpg 239w\" sizes=\"auto, (max-width: 399px) 85vw, 399px\" \/><\/figure>\n\n\n\n<p class=\"has-text-align-left wp-block-paragraph\">Cuando Jes\u00fas le dice a Pedro: <em>\u201cNavega mar adentro\u201d,<\/em> no solo le pide que aleje la barca de la orilla. Lo invita a dejar sus seguridades, vencer el cansancio y confiar nuevamente.<br>Pedro hab\u00eda trabajado toda la noche sin pescar nada. Humanamente, no ten\u00eda motivos para volver a intentarlo. Sin embargo, responde: \u00ab<em>Maestro, hemos trabajado la noche entera y no hemos sacado nada, pero si t\u00fa lo dices, echar\u00e9 las redes<\/em>\u00ab.<br><br>Ah\u00ed comienza toda vocaci\u00f3n, en una palabra de Jes\u00fas que irrumpe en nuestra vida y nos invita a confiar m\u00e1s en \u00c9l que en nuestros propios c\u00e1lculos. La vocaci\u00f3n no nace de sentirnos capaces, fuertes o preparados. Nace de escuchar una llamada y animarnos a responder: \u2018Porque t\u00fa lo dices, volver\u00e9 a intentarlo\u2019.<br><br>Navegar mar adentro significa abandonar la comodidad de la orilla. All\u00ed todo parece m\u00e1s seguro y controlable. Mar adentro aparecen la profundidad, el riesgo y las tormentas Pero tambi\u00e9n all\u00ed se produce la pesca abundante. <br><br>Despu\u00e9s de la pesca, Pedro descubre su fragilidad y dice: \u00ab<em>Al\u00e9jate de m\u00ed, Se\u00f1or, porque soy un pecador\u00bb.<\/em> Pero Jes\u00fas no se aleja. No busca personas perfectas; llama a personas reales, con l\u00edmites, cansancios y pecados. Y les dice: <em>\u00abNo temas<\/em>\u00bb. La vocaci\u00f3n no se apoya \u00fanicamente en nuestras fuerzas, sino en la presencia fiel de quien nos llama.<br><br>Finalmente, Jes\u00fas transforma la vida de Pedro: \u00ab<em>Desde ahora ser\u00e1s pescador de hombres<\/em>\u00ab. La vocaci\u00f3n siempre nos saca de nosotros mismos y nos env\u00eda hacia los dem\u00e1s. No somos llamados \u00fanicamente para nuestra santificaci\u00f3n personal, sino para ayudar, acompa\u00f1ar, educar, consolar y acercar a otros al amor de Dios.<br>Tambi\u00e9n hoy Jes\u00fas sigue pasando junto a nuestras barcas y nos dice: \u2018No te quedes en la orilla. Conf\u00eda en mi palabra, vuelve a echar las redes y entr\u00e9game tu vida. Navega mar adentro, porque all\u00ed te espera la misi\u00f3n para la cual has sido llamado\u2019.<\/p>\n\n\n\n<h5 class=\"wp-block-heading has-text-align-left has-text-color has-link-color wp-elements-6\" style=\"color:#415464\"><br><strong>M\u00c1XIMA<br>No te quedes en la orilla de la vida<\/strong><\/h5>\n\n\n\n<h4 class=\"wp-block-heading has-text-align-left has-vivid-red-color has-text-color has-link-color wp-elements-7\"><br><strong>Palabras de Juan Mar\u00eda de la Mennais<\/strong><\/h4>\n\n\n\n<p class=\"has-text-align-left wp-block-paragraph\"><img loading=\"lazy\" decoding=\"async\" width=\"150\" height=\"127\" class=\"wp-image-16112\" style=\"width: 150px;\" src=\"https:\/\/menesianosoy.org\/wp-content\/uploads\/2024\/09\/ppp.png\" alt=\"\" srcset=\"https:\/\/menesianosoy.org\/wp-content\/uploads\/2024\/09\/ppp.png 450w, https:\/\/menesianosoy.org\/wp-content\/uploads\/2024\/09\/ppp-300x254.png 300w\" sizes=\"auto, (max-width: 150px) 85vw, 150px\" \/><br><em>En cuanto a nosotros, amigos m\u00edos, \u00a1d\u00e9moslo todo! No tratemos de reservarnos la menor parcela de nuestra voluntad; seamos enteramente de Dios; hagamos todo por Dios. \u00a1Dios solo! \u00a1Dios solo en el tiempo! \u00a1Dios solo en la eternidad! (Sermones II<\/em>, 640)<\/p>\n\n\n\n<h4 class=\"wp-block-heading has-text-align-left has-vivid-red-color has-text-color has-link-color wp-elements-8\"><br><strong>Mar adentro \u2013 Paz Aguayo<\/strong><\/h4>\n\n\n\n<figure class=\"wp-block-embed is-type-video is-provider-youtube wp-block-embed-youtube wp-embed-aspect-16-9 wp-has-aspect-ratio\"><div class=\"wp-block-embed__wrapper\">\n<iframe loading=\"lazy\" title=\"Mar Adentro - Paz Aguayo (Video Oficial)\" width=\"1140\" height=\"641\" src=\"https:\/\/www.youtube.com\/embed\/eCI6_kTgdZw?feature=oembed\" frameborder=\"0\" allow=\"accelerometer; autoplay; clipboard-write; encrypted-media; gyroscope; picture-in-picture; web-share\" referrerpolicy=\"strict-origin-when-cross-origin\" allowfullscreen><\/iframe>\n<\/div><\/figure>\n\n\n\n<p class=\"has-text-align-left wp-block-paragraph\">Tu canci\u00f3n derrama sobre m\u00ed.<br>Quiero o\u00edr sonidos de tu amor.<br>Te amo tanto\u2026<br>T\u00fa compasi\u00f3n derrama sobre m\u00ed.<br>Abre mis ojos a ver lo que tu vez.<br>Te amo tanto\u2026<br><br>Ll\u00e9vame mar adentro,<br>tan profundo en tu Amor.<br>Sin temor yo me entrego.<br>Confiar\u00e9 Se\u00f1or, confiar\u00e9 Se\u00f1or.<br>Aqu\u00ed estoy.<br><br>T\u00fa visi\u00f3n aviva hoy en m\u00ed.<br>Gu\u00edame con las ondas de tu voz.<br>Estoy confiando.<br><br>Profundo, eterno,<br>No falla, no acaba tu amor.<\/p>\n\n\n\n<p class=\"has-vivid-cyan-blue-background-color has-background wp-block-paragraph\"><\/p>\n\n\n\n<h5 class=\"wp-block-heading has-text-align-left has-small-font-size\"><img loading=\"lazy\" decoding=\"async\" width=\"150\" height=\"98\" class=\"wp-image-26727\" style=\"width: 150px;\" src=\"https:\/\/menesianosoy.org\/wp-content\/uploads\/2025\/08\/Gregorio-magno.jpg\" alt=\"\" srcset=\"https:\/\/menesianosoy.org\/wp-content\/uploads\/2025\/08\/Gregorio-magno.jpg 719w, https:\/\/menesianosoy.org\/wp-content\/uploads\/2025\/08\/Gregorio-magno-300x197.jpg 300w\" sizes=\"auto, (max-width: 150px) 85vw, 150px\" \/><br>San Gregorio Magno naci\u00f3 en Roma hacia el a\u00f1o 540, en una familia noble y profundamente cristiana. Recibi\u00f3 una excelente formaci\u00f3n y lleg\u00f3 a ocupar importantes cargos p\u00fablicos, entre ellos el de prefecto de Roma. Sin embargo, abandon\u00f3 la vida pol\u00edtica para dedicarse por completo a Dios. Transform\u00f3 su casa familiar en un monasterio y abraz\u00f3 la vida mon\u00e1stica, marcada por la oraci\u00f3n, el estudio y la austeridad.<br>En el a\u00f1o 590 fue elegido papa, aunque \u00e9l no deseaba ese cargo. Gobern\u00f3 la Iglesia en una \u00e9poca muy dif\u00edcil, marcada por guerras, epidemias, hambre y profundas divisiones pol\u00edticas. Ayud\u00f3 a los pobres, organiz\u00f3 la asistencia a la poblaci\u00f3n y trabaj\u00f3 por la paz. Tambi\u00e9n impuls\u00f3 la evangelizaci\u00f3n de nuevos pueblos, especialmente de Inglaterra, adonde envi\u00f3 a san Agust\u00edn de Canterbury y a un grupo de monjes.<br>Gregorio fue un gran pastor, escritor y maestro espiritual. Entre sus obras se destacan la <em>Regla pastoral<\/em>, las <em>Homil\u00edas<\/em> y los <em>Di\u00e1logos<\/em>. Promovi\u00f3 la renovaci\u00f3n de la liturgia y tradicionalmente se lo relaciona con el canto gregoriano. Se llamaba a s\u00ed mismo \u00abservidor de los servidores de Dios\u00bb, expresi\u00f3n que refleja su manera humilde de comprender la autoridad.<br>Muri\u00f3 en Roma el 12 de marzo del a\u00f1o 604. Es uno de los cuatro grandes doctores de la Iglesia de Occidente.<\/h5>\n\n\n\n<p class=\"has-vivid-cyan-blue-background-color has-background wp-block-paragraph\"><\/p>\n","protected":false},"excerpt":{"rendered":"<p>. 4\u00ba d\u00eda de la NovenaEL SERVICIO EN JES\u00daSLa mirada atenta al servicio de la vida . 1\u00aa Corintios 3, 18-23Salmo 23 (24), 1-4b.5-6 Evangelio: Lucas 5, 1-11 En una oportunidad, la multitud se amontonaba alrededor de Jes\u00fas para escuchar la Palabra de Dios, y \u00e9l estaba de pie a la orilla del lago de &hellip; <a href=\"https:\/\/menesianosoy.org\/index.php\/2026\/08\/30\/san-gregorio-magno-5\/\" class=\"more-link\">Continue reading<span class=\"screen-reader-text\"> \u00abSan Gregorio Magno\u00bb<\/span><\/a><\/p>\n","protected":false},"author":3,"featured_media":0,"comment_status":"closed","ping_status":"closed","sticky":false,"template":"","format":"standard","meta":{"_acf_changed":false,"footnotes":""},"categories":[9],"tags":[],"class_list":["post-39706","post","type-post","status-publish","format-standard","hentry","category-evangelio"],"acf":[],"_links":{"self":[{"href":"https:\/\/menesianosoy.org\/index.php\/wp-json\/wp\/v2\/posts\/39706","targetHints":{"allow":["GET"]}}],"collection":[{"href":"https:\/\/menesianosoy.org\/index.php\/wp-json\/wp\/v2\/posts"}],"about":[{"href":"https:\/\/menesianosoy.org\/index.php\/wp-json\/wp\/v2\/types\/post"}],"author":[{"embeddable":true,"href":"https:\/\/menesianosoy.org\/index.php\/wp-json\/wp\/v2\/users\/3"}],"replies":[{"embeddable":true,"href":"https:\/\/menesianosoy.org\/index.php\/wp-json\/wp\/v2\/comments?post=39706"}],"version-history":[{"count":17,"href":"https:\/\/menesianosoy.org\/index.php\/wp-json\/wp\/v2\/posts\/39706\/revisions"}],"predecessor-version":[{"id":39799,"href":"https:\/\/menesianosoy.org\/index.php\/wp-json\/wp\/v2\/posts\/39706\/revisions\/39799"}],"wp:attachment":[{"href":"https:\/\/menesianosoy.org\/index.php\/wp-json\/wp\/v2\/media?parent=39706"}],"wp:term":[{"taxonomy":"category","embeddable":true,"href":"https:\/\/menesianosoy.org\/index.php\/wp-json\/wp\/v2\/categories?post=39706"},{"taxonomy":"post_tag","embeddable":true,"href":"https:\/\/menesianosoy.org\/index.php\/wp-json\/wp\/v2\/tags?post=39706"}],"curies":[{"name":"wp","href":"https:\/\/api.w.org\/{rel}","templated":true}]}}