{"id":39739,"date":"2026-08-30T15:15:30","date_gmt":"2026-08-30T18:15:30","guid":{"rendered":"https:\/\/menesianosoy.org\/?p=39739"},"modified":"2026-09-04T06:09:36","modified_gmt":"2026-09-04T09:09:36","slug":"viernes-22o-durante-el-ano","status":"publish","type":"post","link":"https:\/\/menesianosoy.org\/index.php\/2026\/08\/30\/viernes-22o-durante-el-ano\/","title":{"rendered":"Viernes 22\u00ba durante el a\u00f1o"},"content":{"rendered":"\n<h2 class=\"wp-block-heading has-white-color has-text-color has-link-color wp-elements-1\">.<\/h2>\n\n\n\n<hr class=\"wp-block-separator has-alpha-channel-opacity\"\/>\n\n\n\n<h5 class=\"wp-block-heading has-text-align-center has-text-color has-link-color wp-elements-2\" style=\"color:#58756a\"><img loading=\"lazy\" decoding=\"async\" width=\"100\" height=\"85\" class=\"wp-image-16112\" style=\"width: 100px;\" src=\"https:\/\/menesianosoy.org\/wp-content\/uploads\/2024\/09\/ppp.png\" alt=\"\" srcset=\"https:\/\/menesianosoy.org\/wp-content\/uploads\/2024\/09\/ppp.png 450w, https:\/\/menesianosoy.org\/wp-content\/uploads\/2024\/09\/ppp-300x254.png 300w\" sizes=\"auto, (max-width: 100px) 85vw, 100px\" \/><br>5\u00ba d\u00eda de la Novena<strong><br>EL SERVICIO EN JUAN MAR\u00cdA<br><\/strong>Juan Mar\u00eda al servicio de los peque\u00f1os<\/h5>\n\n\n\n<hr class=\"wp-block-separator has-alpha-channel-opacity\"\/>\n\n\n\n<h2 class=\"wp-block-heading has-white-color has-text-color has-link-color wp-elements-3\">.<\/h2>\n\n\n\n<h5 class=\"wp-block-heading has-text-color has-link-color wp-elements-4\" style=\"color:#663636\"><br><img loading=\"lazy\" decoding=\"async\" width=\"150\" height=\"110\" class=\"wp-image-39750\" style=\"width: 150px;\" src=\"https:\/\/menesianosoy.org\/wp-content\/uploads\/2026\/08\/fiesta.png\" alt=\"\" srcset=\"https:\/\/menesianosoy.org\/wp-content\/uploads\/2026\/08\/fiesta.png 565w, https:\/\/menesianosoy.org\/wp-content\/uploads\/2026\/08\/fiesta-300x219.png 300w\" sizes=\"auto, (max-width: 150px) 85vw, 150px\" \/><br><strong>1\u00aa Corintios 4, 1-5<br>Salmo 36 (37), 3-6.27-28a.39-40<\/strong><\/h5>\n\n\n\n<h4 class=\"wp-block-heading has-text-align-left has-vivid-red-color has-text-color has-link-color wp-elements-5\"><br><strong>Evangelio: Lucas 5, 33-39 <\/strong><\/h4>\n\n\n\n<figure class=\"wp-block-audio\"><audio controls src=\"https:\/\/menesianosoy.org\/wp-content\/uploads\/2026\/08\/Viernes-4-De-Setiembre-Lc-5-33-39.mp3\"><\/audio><\/figure>\n\n\n\n<p class=\"has-text-align-left wp-block-paragraph\"><strong><em>Los fariseos y los escribas le dijeron a Jes\u00fas: Los disc\u00edpulos de Juan ayunan frecuentemente y hacen oraci\u00f3n, lo mismo que los disc\u00edpulos de los fariseos; en cambio, los tuyos comen y beben.<br>Jes\u00fas les contest\u00f3: \u00bfUstedes pretenden hacer ayunar a los amigos del esposo mientras \u00e9l est\u00e1 con ellos?<br>Llegar\u00e1 el momento en que el esposo les ser\u00e1 quitado; entonces tendr\u00e1n que ayunar.<br>Les hizo adem\u00e1s esta comparaci\u00f3n: Nadie corta un pedazo de un vestido nuevo para remendar uno viejo, porque se romper\u00e1 el nuevo, y el pedazo sacado a este no quedar\u00e1 bien en el vestido viejo.<br>Tampoco se pone vino en odres viejos, porque har\u00e1 reventar los odres; entonces el vino se derramar\u00e1 y los odres ya no servir\u00e1n m\u00e1s. \u00a1A vino nuevo, odres nuevos! Nadie, despu\u00e9s de haber gustado el vino viejo, quiere vino nuevo, porque dice: El a\u00f1ejo es mejor.<\/em><\/strong><\/p>\n\n\n\n<figure class=\"wp-block-image size-full is-resized\"><img loading=\"lazy\" decoding=\"async\" width=\"447\" height=\"447\" src=\"https:\/\/menesianosoy.org\/wp-content\/uploads\/2026\/08\/Odres-nuevos.jpg\" alt=\"\" class=\"wp-image-39751\" style=\"width:532px;height:auto\" srcset=\"https:\/\/menesianosoy.org\/wp-content\/uploads\/2026\/08\/Odres-nuevos.jpg 447w, https:\/\/menesianosoy.org\/wp-content\/uploads\/2026\/08\/Odres-nuevos-300x300.jpg 300w, https:\/\/menesianosoy.org\/wp-content\/uploads\/2026\/08\/Odres-nuevos-150x150.jpg 150w\" sizes=\"auto, (max-width: 447px) 85vw, 447px\" \/><\/figure>\n\n\n\n<p class=\"has-text-align-left wp-block-paragraph\">La respuesta de Jes\u00fas a aquellos fariseos sorprende. Les viene a decir: Mientras que yo soy el novio de esta fiesta no cabe ayunar ni estar tristes. Lo cual significa que Jes\u00fas es la fiesta de esta vida. El que est\u00e1 con Jes\u00fas no puede estar triste. La tristeza s\u00f3lo viene cuando \u00c9l se va.<br><br>Los cristianos tenemos una asignatura pendiente. Estamos acostumbrados a escuchar a Jes\u00fas, a trabajar por Jes\u00fas, a sufrir por Jes\u00fas, pero no nos han ense\u00f1ado a disfrutar de la vida con Jes\u00fas. Jes\u00fas ha venido <em>\u201cpara que tengamos vida y vida en abundancia<\/em>\u201d (Juan 10,10). En este mundo nos acostumbramos a tener vida, a vivir sin grandes pretensiones, a no pedirle demasiado a la vida; pero con Jes\u00fas podemos so\u00f1ar con una vida plena, libre de todo lo que nos estorba, de todo lo que nos ata, de manera que nuestro coraz\u00f3n se quede libre para amar.<br><br>Los fariseos estaban atados a la ley, a las costumbres, a las tradiciones. Con Jes\u00fas llega lo nuevo, el vino nuevo que rompe los odres ya viejos y agrietados del pueblo jud\u00edo. Vivir con Jes\u00fas es como \u201crespirar el aire fresco y puro de la monta\u00f1a\u201d.<\/p>\n\n\n\n<h5 class=\"wp-block-heading has-text-align-left has-text-color has-link-color wp-elements-6\" style=\"color:#495e70\"><br><strong>M\u00c1XIMA<br>La vida plena est\u00e1 en Jes\u00fas<\/strong><\/h5>\n\n\n\n<h4 class=\"wp-block-heading has-text-align-left has-vivid-red-color has-text-color has-link-color wp-elements-7\"><br><strong>Palabras de Juan Mar\u00eda de la Mennais<\/strong><\/h4>\n\n\n\n<p class=\"has-text-align-left wp-block-paragraph\"><img loading=\"lazy\" decoding=\"async\" width=\"150\" height=\"183\" class=\"wp-image-16098\" style=\"width: 150px;\" src=\"https:\/\/menesianosoy.org\/wp-content\/uploads\/2024\/09\/juanmaria.png\" alt=\"\" srcset=\"https:\/\/menesianosoy.org\/wp-content\/uploads\/2024\/09\/juanmaria.png 450w, https:\/\/menesianosoy.org\/wp-content\/uploads\/2024\/09\/juanmaria-246x300.png 246w\" sizes=\"auto, (max-width: 150px) 85vw, 150px\" \/><br><em>Vive de la confianza y del amor<\/em>; <em>la alegr\u00eda es para el alma, un tesoro inagotable de santidad. (Memorial 16)<\/em><\/p>\n\n\n\n<h4 class=\"wp-block-heading has-text-align-left has-vivid-red-color has-text-color has-link-color wp-elements-8\"><br><br><strong>Aclar\u00f3 &#8211; Fernando Leiva<\/strong><\/h4>\n\n\n\n<figure class=\"wp-block-embed is-type-video is-provider-youtube wp-block-embed-youtube wp-embed-aspect-4-3 wp-has-aspect-ratio\"><div class=\"wp-block-embed__wrapper\">\n<iframe loading=\"lazy\" title=\"Aclar\u00f3.wmv\" width=\"1140\" height=\"855\" src=\"https:\/\/www.youtube.com\/embed\/fto--8gw7J8?feature=oembed\" frameborder=\"0\" allow=\"accelerometer; autoplay; clipboard-write; encrypted-media; gyroscope; picture-in-picture; web-share\" referrerpolicy=\"strict-origin-when-cross-origin\" allowfullscreen><\/iframe>\n<\/div><\/figure>\n\n\n\n<p class=\"has-text-align-left wp-block-paragraph\">Mira como aclara en la cordillera,<br>como florece el resplandor del sol,<br>como la fr\u00eda ma\u00f1ana se entibia,<br>como Dios nos da un d\u00eda m\u00e1s de amor.<br>Y su luz recorre campos y florestas<br>abarcando hasta en el \u00faltimo rinc\u00f3n,<br>penetrando por tinieblas, dando vida<br>y jam\u00e1s detiene su calor.<br><br>Y aclar\u00f3 en el \u00faltimo rinc\u00f3n de mi pieza.<br>Aclar\u00f3 en el \u00faltimo rinc\u00f3n de mi coraz\u00f3n.<br>Aclar\u00f3 la eterna oscuridad del camino.<br>Aclar\u00f3, un d\u00eda m\u00e1s de vida nos ofrece Dios.<br><br>Y de nuevo despertamos a la vida,<br>a entregarnos por entero a la raz\u00f3n.<br>Si pudiera detener esta rutina <br>y dar gracias por que existo hoy,<br>cambiar\u00eda, como todo cambiar\u00eda<br>por completo nuestra posici\u00f3n<br>de ego\u00edsmos y de falsas apariencias.<br>Cambiar\u00eda nuestro falso amor.<br><br>Y aclar\u00f3 en el \u00faltimo rinc\u00f3n de mi pieza.<br>Aclar\u00f3 en el \u00faltimo rinc\u00f3n de mi coraz\u00f3n.<br>Aclar\u00f3 la eterna oscuridad del camino.<br>Aclar\u00f3, un d\u00eda m\u00e1s de vida nos ofrece Dios.<\/p>\n\n\n\n<p class=\"has-text-align-left has-vivid-cyan-blue-background-color has-background wp-block-paragraph\"><\/p>\n\n\n\n<p class=\"has-text-align-left wp-block-paragraph\"><br><\/p>\n","protected":false},"excerpt":{"rendered":"<p>. 5\u00ba d\u00eda de la NovenaEL SERVICIO EN JUAN MAR\u00cdAJuan Mar\u00eda al servicio de los peque\u00f1os . 1\u00aa Corintios 4, 1-5Salmo 36 (37), 3-6.27-28a.39-40 Evangelio: Lucas 5, 33-39 Los fariseos y los escribas le dijeron a Jes\u00fas: Los disc\u00edpulos de Juan ayunan frecuentemente y hacen oraci\u00f3n, lo mismo que los disc\u00edpulos de los fariseos; en &hellip; <a href=\"https:\/\/menesianosoy.org\/index.php\/2026\/08\/30\/viernes-22o-durante-el-ano\/\" class=\"more-link\">Continue reading<span class=\"screen-reader-text\"> \u00abViernes 22\u00ba durante el a\u00f1o\u00bb<\/span><\/a><\/p>\n","protected":false},"author":3,"featured_media":0,"comment_status":"closed","ping_status":"closed","sticky":false,"template":"","format":"standard","meta":{"_acf_changed":false,"footnotes":""},"categories":[9],"tags":[],"class_list":["post-39739","post","type-post","status-publish","format-standard","hentry","category-evangelio"],"acf":[],"_links":{"self":[{"href":"https:\/\/menesianosoy.org\/index.php\/wp-json\/wp\/v2\/posts\/39739","targetHints":{"allow":["GET"]}}],"collection":[{"href":"https:\/\/menesianosoy.org\/index.php\/wp-json\/wp\/v2\/posts"}],"about":[{"href":"https:\/\/menesianosoy.org\/index.php\/wp-json\/wp\/v2\/types\/post"}],"author":[{"embeddable":true,"href":"https:\/\/menesianosoy.org\/index.php\/wp-json\/wp\/v2\/users\/3"}],"replies":[{"embeddable":true,"href":"https:\/\/menesianosoy.org\/index.php\/wp-json\/wp\/v2\/comments?post=39739"}],"version-history":[{"count":14,"href":"https:\/\/menesianosoy.org\/index.php\/wp-json\/wp\/v2\/posts\/39739\/revisions"}],"predecessor-version":[{"id":39831,"href":"https:\/\/menesianosoy.org\/index.php\/wp-json\/wp\/v2\/posts\/39739\/revisions\/39831"}],"wp:attachment":[{"href":"https:\/\/menesianosoy.org\/index.php\/wp-json\/wp\/v2\/media?parent=39739"}],"wp:term":[{"taxonomy":"category","embeddable":true,"href":"https:\/\/menesianosoy.org\/index.php\/wp-json\/wp\/v2\/categories?post=39739"},{"taxonomy":"post_tag","embeddable":true,"href":"https:\/\/menesianosoy.org\/index.php\/wp-json\/wp\/v2\/tags?post=39739"}],"curies":[{"name":"wp","href":"https:\/\/api.w.org\/{rel}","templated":true}]}}