{"id":39803,"date":"2026-09-03T16:40:58","date_gmt":"2026-09-03T19:40:58","guid":{"rendered":"https:\/\/menesianosoy.org\/?p=39803"},"modified":"2026-09-05T08:13:44","modified_gmt":"2026-09-05T11:13:44","slug":"santa-teresa-de-calcuta-3","status":"publish","type":"post","link":"https:\/\/menesianosoy.org\/index.php\/2026\/09\/03\/santa-teresa-de-calcuta-3\/","title":{"rendered":"Santa Teresa de Calcuta"},"content":{"rendered":"\n<hr class=\"wp-block-separator has-alpha-channel-opacity\"\/>\n\n\n\n<h5 class=\"wp-block-heading has-text-align-center\"><img loading=\"lazy\" decoding=\"async\" width=\"100\" height=\"85\" class=\"wp-image-16112\" style=\"width: 100px;\" src=\"https:\/\/menesianosoy.org\/wp-content\/uploads\/2024\/09\/ppp.png\" alt=\"\" srcset=\"https:\/\/menesianosoy.org\/wp-content\/uploads\/2024\/09\/ppp.png 450w, https:\/\/menesianosoy.org\/wp-content\/uploads\/2024\/09\/ppp-300x254.png 300w\" sizes=\"auto, (max-width: 100px) 85vw, 100px\" \/><br>6\u00ba d\u00eda de la Novena<strong><br>MI SERVICIO<br><\/strong>Cada peque\u00f1o gesto de servicio hace presente a Jes\u00fas<\/h5>\n\n\n\n<hr class=\"wp-block-separator has-alpha-channel-opacity\"\/>\n\n\n\n<h5 class=\"wp-block-heading has-text-color has-link-color wp-elements-1\" style=\"color:#682c2c\"><br><strong>1\u00aa Corintios 4, 6b-16<br>Salmo 144 (145), 17-21<\/strong><\/h5>\n\n\n\n<h4 class=\"wp-block-heading has-text-align-left has-vivid-red-color has-text-color has-link-color wp-elements-2\"><img loading=\"lazy\" decoding=\"async\" width=\"150\" height=\"118\" class=\"wp-image-39808\" style=\"width: 150px;\" src=\"https:\/\/menesianosoy.org\/wp-content\/uploads\/2026\/09\/Ley-de-amor.jpg\" alt=\"\" srcset=\"https:\/\/menesianosoy.org\/wp-content\/uploads\/2026\/09\/Ley-de-amor.jpg 505w, https:\/\/menesianosoy.org\/wp-content\/uploads\/2026\/09\/Ley-de-amor-300x235.jpg 300w\" sizes=\"auto, (max-width: 150px) 85vw, 150px\" \/><br><strong>Evangelio: Lucas 6, 1-5<\/strong><\/h4>\n\n\n\n<figure class=\"wp-block-audio\"><audio controls src=\"https:\/\/menesianosoy.org\/wp-content\/uploads\/2026\/09\/Sabado-5-De-Septiembre-Lc-6-1-5.mp3\"><\/audio><\/figure>\n\n\n\n<p class=\"wp-block-paragraph\"><strong><em>Un s\u00e1bado, en que Jes\u00fas atravesaba unos sembrados, sus disc\u00edpulos arrancaban espigas y, frot\u00e1ndolas entre las manos, las com\u00edan.<br>Algunos fariseos les dijeron:\u00bfPor qu\u00e9 ustedes hacen lo que no est\u00e1 permitido en s\u00e1bado?<br>Jes\u00fas les respondi\u00f3: \u00bfNi siquiera han le\u00eddo lo que hizo David cuando \u00e9l y sus compa\u00f1eros tuvieron hambre, c\u00f3mo entr\u00f3 en la Casa de Dios y, tomando los panes de la ofrenda, que s\u00f3lo pueden comer los sacerdotes, comi\u00f3 \u00e9l y dio de comer a sus compa\u00f1eros? Despu\u00e9s les dijo: El hijo del hombre es due\u00f1o del s\u00e1bado.<\/em><\/strong><\/p>\n\n\n\n<figure class=\"wp-block-image size-full\"><img loading=\"lazy\" decoding=\"async\" width=\"478\" height=\"418\" src=\"https:\/\/menesianosoy.org\/wp-content\/uploads\/2026\/09\/Senor-del-sabado.jpg\" alt=\"\" class=\"wp-image-39809\" srcset=\"https:\/\/menesianosoy.org\/wp-content\/uploads\/2026\/09\/Senor-del-sabado.jpg 478w, https:\/\/menesianosoy.org\/wp-content\/uploads\/2026\/09\/Senor-del-sabado-300x262.jpg 300w\" sizes=\"auto, (max-width: 478px) 85vw, 478px\" \/><\/figure>\n\n\n\n<p class=\"has-text-align-left wp-block-paragraph\">Este episodio se encuentra en los tres sin\u00f3pticos (Mc2,13-27; Mt 12,1-7). Lo que indica la importancia que tuvo ya desde las primeras comunidades cristianas. Sobre todo, si tenemos en cuenta que el texto de Mc 2,27, que no qued\u00f3 recogido por Mateo ni Lucas. Marcos dice: <em>\u201cel s\u00e1bado se hizo para el hombre y no el hombre para el s\u00e1bado\u201d<\/em>. Esta sentencia, que los m\u00e1s entendidos nos dicen que viene del mismo Jes\u00fas, probablemente fue suprimida pronto por causa del cambio que, ya entonces, se estaba produciendo en la cristolog\u00eda, en el sentido de que el Jes\u00fas humano comenzaba a tener menos presencia en comparaci\u00f3n con Cristo resucitado, que es el centro de la teolog\u00eda sobre Jesucristo. (F. Bovon)<br><br>\u00bfQu\u00e9 importancia tiene este asunto? La cosa es muy sencilla. Los disc\u00edpulos de Jes\u00fas, al arrancar las espigas y frotarlas para com\u00e9rselas, dado que eso lo hicieron en un s\u00e1bado, por eso desobedecieron a los maestros de la ley, a cuyas ense\u00f1anzas hab\u00eda que someterse estrictamente. Eso, para los jud\u00edos observantes, era y sigue siendo una falta muy grave. El problema que all\u00ed se plateaba era si lo primero, para Dios, es que el ser humanos se quite el hambre o se someta a la voluntad de los te\u00f3logos (maestros de la ley). Ante esta disyuntiva, la respuesta de Jes\u00fas es muy clara: lo primero que quiere Dios es que el hombre no pase hambre.&nbsp; Por muy s\u00e1bado que sea, antes que la \u201cnorma religiosa\u201d est\u00e1 la \u201cnecesidad humana\u201d. Y por eso Jes\u00fas relata lo que hizo el rey David y sus acompa\u00f1antes cuando se comieron el pan que solo pod\u00edan tocar los sacerdotes (1Sam 21,1-6).<br><br>Lo importante, en todo este problema, est\u00e1 en que la \u201cmentalidad sumisa\u201d del hombre religioso se adue\u00f1a de la cultura y de las costumbres en alimentaci\u00f3n, vestimentas, uso del tiempo, privaci\u00f3n de cosas que nadie sabe para qu\u00e9 sirven ni porqu\u00e9 se manda o se proh\u00edben.&nbsp; En el fondo, el problema est\u00e1 en lo dicho: mantener a raya la \u201cmentalidad sumisa\u201d, que es el medio indispensable para perpetuar el poder de la religi\u00f3n. Un poder que, si se analiza a fondo, pronto se advierte de que se trata de una fuerza \u00edntima que se impone sobre la conciencia, el santuario de la intimidad donde nadie m\u00e1s que la religi\u00f3n puede mandar.&nbsp; Y esto es lo m\u00e1s delicado. Y lo m\u00e1s peligroso. Porque de esta fuerza nacen los desequilibrios, las patolog\u00edas, los trastornos del esp\u00edritu y, sobre todo, los sufrimientos indecibles que atormentan a tantas personas, los pacientes de psiquiatras y los enfermos de hospitales psiqui\u00e1tricos. Dios no quiere eso.<\/p>\n\n\n\n<h4 class=\"wp-block-heading has-text-align-left has-vivid-red-color has-text-color has-link-color wp-elements-3\"><strong><br>Palabras de Juan Mar\u00eda de la Mennais<\/strong><\/h4>\n\n\n\n<p class=\"has-text-align-left wp-block-paragraph\"><img loading=\"lazy\" decoding=\"async\" width=\"150\" height=\"127\" class=\"wp-image-16112\" style=\"width: 150px;\" src=\"https:\/\/menesianosoy.org\/wp-content\/uploads\/2024\/09\/ppp.png\" alt=\"\" srcset=\"https:\/\/menesianosoy.org\/wp-content\/uploads\/2024\/09\/ppp.png 450w, https:\/\/menesianosoy.org\/wp-content\/uploads\/2024\/09\/ppp-300x254.png 300w\" sizes=\"auto, (max-width: 150px) 85vw, 150px\" \/><br><em>Decisi\u00f3n ilegal, porque es contraria al derecho; decisi\u00f3n injusta\u2026; decisi\u00f3n no menos absurda que odiosa.\u201d (sobre una ley &nbsp;de educaci\u00f3n)<\/em><\/p>\n\n\n\n<h4 class=\"wp-block-heading has-text-align-left has-vivid-red-color has-text-color has-link-color wp-elements-4\"><br><strong>La ley y el s\u00e1bado &#8211; Ixcis<\/strong><\/h4>\n\n\n\n<figure class=\"wp-block-embed is-type-video is-provider-youtube wp-block-embed-youtube wp-embed-aspect-4-3 wp-has-aspect-ratio\"><div class=\"wp-block-embed__wrapper\">\n<iframe loading=\"lazy\" title=\"La Ley y el S\u00e1bado\" width=\"1140\" height=\"855\" src=\"https:\/\/www.youtube.com\/embed\/o9JAqMu_aoY?feature=oembed\" frameborder=\"0\" allow=\"accelerometer; autoplay; clipboard-write; encrypted-media; gyroscope; picture-in-picture; web-share\" referrerpolicy=\"strict-origin-when-cross-origin\" allowfullscreen><\/iframe>\n<\/div><\/figure>\n\n\n\n<p class=\"has-text-align-left wp-block-paragraph\">No pongais la ley del s\u00e1bado<br>por encima del ser humano.<br><br>La ley fue hecha para el hombre<br>y no el hombre para la ley.<br><br>No pongais m\u00e1s cargas, cual fariseo,<br>que cumple y no ama.<br>S\u00f3lo la ley del amor,<br>que se hace servicio, dice el Se\u00f1or.<br>S\u00f3lo el amor.<br><br>No pongais la ley y el s\u00e1bado<br>por encima del ser humano.<\/p>\n\n\n\n<p class=\"has-vivid-cyan-blue-color has-vivid-cyan-blue-background-color has-text-color has-background has-link-color wp-elements-5 wp-block-paragraph\"><\/p>\n\n\n\n<h5 class=\"wp-block-heading has-small-font-size\"><img loading=\"lazy\" decoding=\"async\" width=\"150\" height=\"100\" class=\"wp-image-26787\" style=\"width: 150px;\" src=\"https:\/\/menesianosoy.org\/wp-content\/uploads\/2025\/08\/teresa1.jpg\" alt=\"\" srcset=\"https:\/\/menesianosoy.org\/wp-content\/uploads\/2025\/08\/teresa1.jpg 1600w, https:\/\/menesianosoy.org\/wp-content\/uploads\/2025\/08\/teresa1-300x200.jpg 300w, https:\/\/menesianosoy.org\/wp-content\/uploads\/2025\/08\/teresa1-1024x683.jpg 1024w, https:\/\/menesianosoy.org\/wp-content\/uploads\/2025\/08\/teresa1-768x512.jpg 768w, https:\/\/menesianosoy.org\/wp-content\/uploads\/2025\/08\/teresa1-1536x1024.jpg 1536w, https:\/\/menesianosoy.org\/wp-content\/uploads\/2025\/08\/teresa1-1200x800.jpg 1200w\" sizes=\"auto, (max-width: 150px) 85vw, 150px\" \/><br><strong>Santa Teresa de Calcuta naci\u00f3 en 1910 en Skopie, actual Macedonia del Norte. Su nombre era Agnes Gonxha Bojaxhiu. Desde muy joven sinti\u00f3 la vocaci\u00f3n religiosa y el deseo de dedicarse a las misiones. A los 18 a\u00f1os ingres\u00f3 en las Hermanas de Loreto y fue enviada a la India, donde trabaj\u00f3 como maestra.<br>En 1946 sinti\u00f3 una nueva llamada de Dios: dejar el convento para servir a los m\u00e1s pobres entre los pobres. Comenz\u00f3 atendiendo a enfermos, moribundos, hu\u00e9rfanos y personas abandonadas en las calles de Calcuta. En 1950 fund\u00f3 las Misioneras de la Caridad, congregaci\u00f3n dedicada a cuidar a quienes no ten\u00edan hogar, alimento ni atenci\u00f3n m\u00e9dica.<br>Su obra se extendi\u00f3 por numerosos pa\u00edses. En 1979 recibi\u00f3 el Premio Nobel de la Paz, que acept\u00f3 en nombre de los pobres. Muri\u00f3 el 5 de septiembre de 1997. El papa Francisco la canoniz\u00f3 en 2016.<\/strong><\/h5>\n\n\n\n<p class=\"has-vivid-cyan-blue-background-color has-background wp-block-paragraph\"><\/p>\n","protected":false},"excerpt":{"rendered":"<p>6\u00ba d\u00eda de la NovenaMI SERVICIOCada peque\u00f1o gesto de servicio hace presente a Jes\u00fas 1\u00aa Corintios 4, 6b-16Salmo 144 (145), 17-21 Evangelio: Lucas 6, 1-5 Un s\u00e1bado, en que Jes\u00fas atravesaba unos sembrados, sus disc\u00edpulos arrancaban espigas y, frot\u00e1ndolas entre las manos, las com\u00edan.Algunos fariseos les dijeron:\u00bfPor qu\u00e9 ustedes hacen lo que no est\u00e1 permitido &hellip; <a href=\"https:\/\/menesianosoy.org\/index.php\/2026\/09\/03\/santa-teresa-de-calcuta-3\/\" class=\"more-link\">Continue reading<span class=\"screen-reader-text\"> \u00abSanta Teresa de Calcuta\u00bb<\/span><\/a><\/p>\n","protected":false},"author":3,"featured_media":0,"comment_status":"closed","ping_status":"closed","sticky":false,"template":"","format":"standard","meta":{"_acf_changed":false,"footnotes":""},"categories":[9],"tags":[],"class_list":["post-39803","post","type-post","status-publish","format-standard","hentry","category-evangelio"],"acf":[],"_links":{"self":[{"href":"https:\/\/menesianosoy.org\/index.php\/wp-json\/wp\/v2\/posts\/39803","targetHints":{"allow":["GET"]}}],"collection":[{"href":"https:\/\/menesianosoy.org\/index.php\/wp-json\/wp\/v2\/posts"}],"about":[{"href":"https:\/\/menesianosoy.org\/index.php\/wp-json\/wp\/v2\/types\/post"}],"author":[{"embeddable":true,"href":"https:\/\/menesianosoy.org\/index.php\/wp-json\/wp\/v2\/users\/3"}],"replies":[{"embeddable":true,"href":"https:\/\/menesianosoy.org\/index.php\/wp-json\/wp\/v2\/comments?post=39803"}],"version-history":[{"count":16,"href":"https:\/\/menesianosoy.org\/index.php\/wp-json\/wp\/v2\/posts\/39803\/revisions"}],"predecessor-version":[{"id":39901,"href":"https:\/\/menesianosoy.org\/index.php\/wp-json\/wp\/v2\/posts\/39803\/revisions\/39901"}],"wp:attachment":[{"href":"https:\/\/menesianosoy.org\/index.php\/wp-json\/wp\/v2\/media?parent=39803"}],"wp:term":[{"taxonomy":"category","embeddable":true,"href":"https:\/\/menesianosoy.org\/index.php\/wp-json\/wp\/v2\/categories?post=39803"},{"taxonomy":"post_tag","embeddable":true,"href":"https:\/\/menesianosoy.org\/index.php\/wp-json\/wp\/v2\/tags?post=39803"}],"curies":[{"name":"wp","href":"https:\/\/api.w.org\/{rel}","templated":true}]}}