{"id":39881,"date":"2026-09-04T17:01:08","date_gmt":"2026-09-04T20:01:08","guid":{"rendered":"https:\/\/menesianosoy.org\/?p=39881"},"modified":"2026-09-05T17:15:41","modified_gmt":"2026-09-05T20:15:41","slug":"lunes-de-la-23o-semana-durante-el-ano","status":"publish","type":"post","link":"https:\/\/menesianosoy.org\/index.php\/2026\/09\/04\/lunes-de-la-23o-semana-durante-el-ano\/","title":{"rendered":"Lunes de la 23\u00ba semana durante el a\u00f1o"},"content":{"rendered":"\n<h5 class=\"wp-block-heading has-text-align-left has-text-color has-link-color wp-elements-1\" style=\"color:#6d3636\"><img loading=\"lazy\" decoding=\"async\" width=\"150\" height=\"143\" class=\"wp-image-39964\" style=\"width: 150px;\" src=\"https:\/\/menesianosoy.org\/wp-content\/uploads\/2026\/09\/su-mano-quedo-curada.jpg\" alt=\"\" srcset=\"https:\/\/menesianosoy.org\/wp-content\/uploads\/2026\/09\/su-mano-quedo-curada.jpg 458w, https:\/\/menesianosoy.org\/wp-content\/uploads\/2026\/09\/su-mano-quedo-curada-300x286.jpg 300w\" sizes=\"auto, (max-width: 150px) 85vw, 150px\" \/><br><strong>1\u00aa Corintios 5, 1-8<br>Salmo 5, 5-7.12<\/strong><\/h5>\n\n\n\n<h4 class=\"wp-block-heading has-text-align-left has-vivid-red-color has-text-color has-link-color wp-elements-2\"><br><strong>Evangelio: Lucas 6, 6-11<\/strong><\/h4>\n\n\n\n<p class=\"has-text-align-left wp-block-paragraph\"><strong><em>Un s\u00e1bado, Jes\u00fas entr\u00f3 en la sinagoga y comenz\u00f3 a ense\u00f1ar. Hab\u00eda all\u00ed un hombre que ten\u00eda la mano derecha paralizada.<br>Los escribas y los fariseos observaban atentamente a Jes\u00fas para ver si curaba en s\u00e1bado, porque quer\u00edan encontrar algo de qu\u00e9 acusarlo.<br>Pero Jes\u00fas, conociendo sus intenciones, dijo al hombre que ten\u00eda la mano paralizada: Lev\u00e1ntate y qu\u00e9date de pie delante de todos.&nbsp;<br>\u00c9l se levant\u00f3 y permaneci\u00f3 de pie.<br>Luego les dijo: Yo les pregunto: \u00bfEst\u00e1 permitido en s\u00e1bado, hacer el bien o el mal, salvar una vida o perderla?<br>Y dirigiendo una mirada a todos, dijo al hombre: Extiende tu mano.&nbsp;<br>\u00c9l la extendi\u00f3 y su mano qued\u00f3 curada.<br>Pero ellos se enfurecieron y deliberaban entre s\u00ed para ver qu\u00e9 pod\u00edan hacer contra Jes\u00fas.<\/em><\/strong><\/p>\n\n\n\n<figure class=\"wp-block-image size-large\"><img loading=\"lazy\" decoding=\"async\" width=\"1024\" height=\"683\" src=\"https:\/\/menesianosoy.org\/wp-content\/uploads\/2026\/09\/Curacion-de-la-mano-seca-1024x683.png\" alt=\"\" class=\"wp-image-39966\" srcset=\"https:\/\/menesianosoy.org\/wp-content\/uploads\/2026\/09\/Curacion-de-la-mano-seca-1024x683.png 1024w, https:\/\/menesianosoy.org\/wp-content\/uploads\/2026\/09\/Curacion-de-la-mano-seca-300x200.png 300w, https:\/\/menesianosoy.org\/wp-content\/uploads\/2026\/09\/Curacion-de-la-mano-seca-768x512.png 768w, https:\/\/menesianosoy.org\/wp-content\/uploads\/2026\/09\/Curacion-de-la-mano-seca-1200x800.png 1200w, https:\/\/menesianosoy.org\/wp-content\/uploads\/2026\/09\/Curacion-de-la-mano-seca.png 1536w\" sizes=\"auto, (max-width: 709px) 85vw, (max-width: 909px) 67vw, (max-width: 1362px) 62vw, 840px\" \/><\/figure>\n\n\n\n<p class=\"has-text-align-left wp-block-paragraph\">El hombre ten\u00eda la mano seca, paralizada. Los escribas y fariseos ten\u00edan seca el alma. No hab\u00eda compasi\u00f3n en su coraz\u00f3n, no quer\u00edan ver al hombre curado; buscaban agarrarlo a Jes\u00fas en algo para condenarlo. No les molestaba el malestar de ese hombre sino la presencia de Jes\u00fas, su interpretaci\u00f3n solidaria de la Ley mosaica.<br><br>Jes\u00fas puso en el centro al discapacitado.<br>\u00bfEs la ley m\u00e1s importante que este hombre?<br>\u00bfEs Dios tan inhumano, que prefiere que lo adoren a \u00c9l y dejen de lado al que necesita de una ayuda?<br>\u00bfPodemos seguir leyendo la Tor\u00e1 tranquilamente, cuando tenemos los medios para remediar su dolor?<br><br>Jes\u00fas, no respetando la ley del s\u00e1bado, se vuelve vulnerable, como el hombre al que cura. Sabe que se pone en peligro. Si hubiera dejado pasar la ocasi\u00f3n, reservando su compasi\u00f3n para otro momento, no se hubiera puesto en problemas. Quienes no sent\u00edan compasi\u00f3n por el hombre aquel, tampoco la sentir\u00e1n por \u00e9l. <br><br>Henri Nouwen no dice:<br><em>\u201cLa compasi\u00f3n nos pide que vayamos a donde duele, que entremos en los lugares de dolor, que compartamos el quebrantamiento, el miedo, la confusi\u00f3n y la angustia. La compasi\u00f3n nos reta a llorar con los que sufren, a llorar a los que est\u00e1n solos, a llorar con los que lloran. La compasi\u00f3n requiere que seamos d\u00e9biles con los d\u00e9biles, vulnerables con los vulnerables e impotentes con los impotentes. La compasi\u00f3n significa inmersi\u00f3n total en la condici\u00f3n de ser humano<\/em>\u201d.<br><br>Jes\u00fas se meti\u00f3 de lleno en la condici\u00f3n humana. Es indudable aquello de que Dios es m\u00e1s compasivo de lo que podemos imaginar. Nosotros nos lo imaginamos como uno de los nuestros, pensando como nosotros.<br>Con gusto le dir\u00edamos a Jes\u00fas: Si no te pidi\u00f3 ayuda, para qu\u00e9 complicarte la existencia.<br>Seamos como Jes\u00fas. Tengamos los ojos abiertos para ver lo que sufren los dem\u00e1s. Y, si tenemos los medios, no nos quedemos de espectadores. Y, sobre todo, no seamos de los que critican a los que s\u00ed deciden hacer algo.<\/p>\n\n\n\n<h5 class=\"wp-block-heading has-text-align-left has-text-color has-link-color wp-elements-3\" style=\"color:#2f4c65\"><br><strong>M\u00c1XIMA<br>Manten los ojos abiertos para ver el sufrimiento ajeno<\/strong><\/h5>\n\n\n\n<h4 class=\"wp-block-heading has-text-align-left has-vivid-red-color has-text-color has-link-color wp-elements-4\"><br><strong>Palabras de Juan Mar\u00eda de la Mennais<\/strong><\/h4>\n\n\n\n<p class=\"has-text-align-left wp-block-paragraph\"><img loading=\"lazy\" decoding=\"async\" width=\"150\" height=\"127\" class=\"wp-image-16112\" style=\"width: 150px;\" src=\"https:\/\/menesianosoy.org\/wp-content\/uploads\/2024\/09\/ppp.png\" alt=\"\" srcset=\"https:\/\/menesianosoy.org\/wp-content\/uploads\/2024\/09\/ppp.png 450w, https:\/\/menesianosoy.org\/wp-content\/uploads\/2024\/09\/ppp-300x254.png 300w\" sizes=\"auto, (max-width: 150px) 85vw, 150px\" \/><br><em>Se dir\u00e1 el \u00faltimo d\u00eda a aquellos que no han practicado misericordia hacia sus hermanos: No han tra\u00eddo aqu\u00ed ning\u00fan sentimiento de humanidad, no encontrar\u00e1n ninguno; han sembrado la dureza, la inhumanidad, recoger\u00e1n sus gavillas. Han huido a la misericordia, ella se alejar\u00e1 de ustedes. Han despreciado a los pobres, ser\u00e1n despreciados por Aqu\u00e9l que se ha hecho pobre por amor\u201d (S.IX p.2586. Cita de S. Gregorio. Biblia de los padres, p. 464)&nbsp;<\/em><\/p>\n\n\n\n<h4 class=\"wp-block-heading has-text-align-left has-vivid-red-color has-text-color has-link-color wp-elements-5\"><br><strong>Sufres, lloras, mueres &#8211; Seminario Pontificio de Santiago<\/strong><\/h4>\n\n\n\n<figure class=\"wp-block-embed is-type-video is-provider-youtube wp-block-embed-youtube wp-embed-aspect-4-3 wp-has-aspect-ratio\"><div class=\"wp-block-embed__wrapper\">\n<iframe loading=\"lazy\" title=\"Sufres, Lloras, Mueres\" width=\"1140\" height=\"855\" src=\"https:\/\/www.youtube.com\/embed\/jAlbx7zTmMs?feature=oembed\" frameborder=\"0\" allow=\"accelerometer; autoplay; clipboard-write; encrypted-media; gyroscope; picture-in-picture; web-share\" referrerpolicy=\"strict-origin-when-cross-origin\" allowfullscreen><\/iframe>\n<\/div><\/figure>\n\n\n\n<p class=\"has-text-align-left wp-block-paragraph\">Cuando un ni\u00f1o con hambre pide pan,<br>cuando llora, pues nunca se lo dan,<br>\u00a1oh,&#8230; tiemblo por Ti, Jes\u00fas!<br>Sufres, lloras, mueres&#8230;<br>Con los ni\u00f1os de hambre mueres T\u00fa.<br><br>Mueres T\u00fa cuando un hombre esclavo est\u00e1,<br>cuando grita pidiendo libertad.<br>\u00a1Oh,&#8230; tiemblo por Ti, Jes\u00fas!<br>Sufres, lloras, mueres&#8230;<br>Con los hombres esclavos mueres T\u00fa.<br><br>Cuando siento que el mundo en guerra est\u00e1,<br>que el hermano al hermano matar\u00e1,<br>\u00a1oh,&#8230; tiemblo por Ti, Jes\u00fas!<br>Sufres, lloras, mueres&#8230;<br>Con los hombres que mueren mueres T\u00fa.<br><br>Cuando pasas enfermo junto a m\u00ed,<br>cuando olvido tu hambre y tu sufrir,<br>\u00a1oh,&#8230; tiemblo por Ti, Jes\u00fas!<br>Sufres, lloras, mueres&#8230;<br>Por mi absurdo ego\u00edsmo mueres T\u00fa.<\/p>\n\n\n\n<p class=\"has-vivid-cyan-blue-background-color has-background wp-block-paragraph\"><\/p>\n\n\n\n<p class=\"wp-block-paragraph\"><\/p>\n","protected":false},"excerpt":{"rendered":"<p>1\u00aa Corintios 5, 1-8Salmo 5, 5-7.12 Evangelio: Lucas 6, 6-11 Un s\u00e1bado, Jes\u00fas entr\u00f3 en la sinagoga y comenz\u00f3 a ense\u00f1ar. Hab\u00eda all\u00ed un hombre que ten\u00eda la mano derecha paralizada.Los escribas y los fariseos observaban atentamente a Jes\u00fas para ver si curaba en s\u00e1bado, porque quer\u00edan encontrar algo de qu\u00e9 acusarlo.Pero Jes\u00fas, conociendo sus &hellip; <a href=\"https:\/\/menesianosoy.org\/index.php\/2026\/09\/04\/lunes-de-la-23o-semana-durante-el-ano\/\" class=\"more-link\">Continue reading<span class=\"screen-reader-text\"> \u00abLunes de la 23\u00ba semana durante el a\u00f1o\u00bb<\/span><\/a><\/p>\n","protected":false},"author":3,"featured_media":0,"comment_status":"closed","ping_status":"closed","sticky":false,"template":"","format":"standard","meta":{"_acf_changed":false,"footnotes":""},"categories":[9],"tags":[],"class_list":["post-39881","post","type-post","status-publish","format-standard","hentry","category-evangelio"],"acf":[],"_links":{"self":[{"href":"https:\/\/menesianosoy.org\/index.php\/wp-json\/wp\/v2\/posts\/39881","targetHints":{"allow":["GET"]}}],"collection":[{"href":"https:\/\/menesianosoy.org\/index.php\/wp-json\/wp\/v2\/posts"}],"about":[{"href":"https:\/\/menesianosoy.org\/index.php\/wp-json\/wp\/v2\/types\/post"}],"author":[{"embeddable":true,"href":"https:\/\/menesianosoy.org\/index.php\/wp-json\/wp\/v2\/users\/3"}],"replies":[{"embeddable":true,"href":"https:\/\/menesianosoy.org\/index.php\/wp-json\/wp\/v2\/comments?post=39881"}],"version-history":[{"count":6,"href":"https:\/\/menesianosoy.org\/index.php\/wp-json\/wp\/v2\/posts\/39881\/revisions"}],"predecessor-version":[{"id":39967,"href":"https:\/\/menesianosoy.org\/index.php\/wp-json\/wp\/v2\/posts\/39881\/revisions\/39967"}],"wp:attachment":[{"href":"https:\/\/menesianosoy.org\/index.php\/wp-json\/wp\/v2\/media?parent=39881"}],"wp:term":[{"taxonomy":"category","embeddable":true,"href":"https:\/\/menesianosoy.org\/index.php\/wp-json\/wp\/v2\/categories?post=39881"},{"taxonomy":"post_tag","embeddable":true,"href":"https:\/\/menesianosoy.org\/index.php\/wp-json\/wp\/v2\/tags?post=39881"}],"curies":[{"name":"wp","href":"https:\/\/api.w.org\/{rel}","templated":true}]}}