{"id":39902,"date":"2026-09-05T08:30:06","date_gmt":"2026-09-05T11:30:06","guid":{"rendered":"https:\/\/menesianosoy.org\/?p=39902"},"modified":"2026-09-05T17:45:51","modified_gmt":"2026-09-05T20:45:51","slug":"natividad-de-la-virgen-maria-3","status":"publish","type":"post","link":"https:\/\/menesianosoy.org\/index.php\/2026\/09\/05\/natividad-de-la-virgen-maria-3\/","title":{"rendered":"Natividad de la Virgen Mar\u00eda"},"content":{"rendered":"\n<h5 class=\"wp-block-heading has-text-align-left has-text-color has-link-color wp-elements-1\" style=\"color:#2a526a\"><br><img loading=\"lazy\" decoding=\"async\" width=\"80\" height=\"68\" class=\"wp-image-16112\" style=\"width: 80px;\" src=\"https:\/\/menesianosoy.org\/wp-content\/uploads\/2024\/09\/ppp.png\" alt=\"\" srcset=\"https:\/\/menesianosoy.org\/wp-content\/uploads\/2024\/09\/ppp.png 450w, https:\/\/menesianosoy.org\/wp-content\/uploads\/2024\/09\/ppp-300x254.png 300w\" sizes=\"auto, (max-width: 80px) 85vw, 80px\" \/><br><strong>D\u00eda Menesiano: NACIMIENTO DE JUAN MAR\u00cdA<\/strong><\/h5>\n\n\n\n<h5 class=\"wp-block-heading has-text-align-left has-text-color has-link-color wp-elements-2\" style=\"color:#7e3e3e\"><br><strong>Miqueas 5, 1-4a<br>Salmo 12 (13), 6<\/strong><\/h5>\n\n\n\n<h4 class=\"wp-block-heading has-text-align-left has-vivid-red-color has-text-color has-link-color wp-elements-3\"><br><img loading=\"lazy\" decoding=\"async\" width=\"150\" height=\"218\" class=\"wp-image-39905\" style=\"width: 150px;\" src=\"https:\/\/menesianosoy.org\/wp-content\/uploads\/2026\/09\/Maria.jpg\" alt=\"\" srcset=\"https:\/\/menesianosoy.org\/wp-content\/uploads\/2026\/09\/Maria.jpg 303w, https:\/\/menesianosoy.org\/wp-content\/uploads\/2026\/09\/Maria-206x300.jpg 206w\" sizes=\"auto, (max-width: 150px) 85vw, 150px\" \/><br><strong>Evangelio: Mateo 1, 18-2<\/strong>3<\/h4>\n\n\n\n<p class=\"has-text-align-left wp-block-paragraph\"><strong><em>\u00c9ste fue el origen de Jesucristo: Mar\u00eda, su madre, estaba comprometida con Jos\u00e9 y, cuando todav\u00eda no hab\u00edan vivido juntos, concibi\u00f3 un hijo por obra del Esp\u00edritu Santo.\u200bJos\u00e9, su esposo, que era un hombre justo y no quer\u00eda denunciarla p\u00fablicamente, resolvi\u00f3 abandonarla en secreto.\u200b<\/em><\/strong><br><strong><em>Mientras pensaba en esto, el \u00c1ngel del Se\u00f1or se le apareci\u00f3 en sue\u00f1os y le dijo: Jos\u00e9, hijo de David, no temas recibir a Mar\u00eda, tu esposa, porque lo que ha sido engendrado en ella proviene del Esp\u00edritu Santo. Ella dar\u00e1 a luz un hijo, a quien pondr\u00e1s el nombre de Jes\u00fas, porque \u00e9l salvar\u00e1 a su Pueblo de todos sus pecados.<br>Todo esto sucedi\u00f3 para que se cumpliera lo que el Se\u00f1or hab\u00eda anunciado por el Profeta: \u00abLa Virgen concebir\u00e1 y dar\u00e1 a luz un hijo a quien pondr\u00e1n el nombre de Emmanuel\u00bb, que traducido significa: Dios con nosotros.<\/em><\/strong><\/p>\n\n\n\n<figure class=\"wp-block-image size-full\"><img loading=\"lazy\" decoding=\"async\" width=\"443\" height=\"451\" src=\"https:\/\/menesianosoy.org\/wp-content\/uploads\/2026\/09\/San-Jose.jpg\" alt=\"\" class=\"wp-image-39970\" srcset=\"https:\/\/menesianosoy.org\/wp-content\/uploads\/2026\/09\/San-Jose.jpg 443w, https:\/\/menesianosoy.org\/wp-content\/uploads\/2026\/09\/San-Jose-295x300.jpg 295w\" sizes=\"auto, (max-width: 443px) 85vw, 443px\" \/><\/figure>\n\n\n\n<p class=\"has-text-align-left wp-block-paragraph\">Mateo comienza la exposici\u00f3n doctrinal y catequ\u00e9tica de su evangelio con la genealog\u00eda de Jes\u00fas, confirmando que procede de la estirpe de David, y, a continuaci\u00f3n, desarrolla como se produjo la concepci\u00f3n del Hijo de Dios, quedando gestante Mar\u00eda cuando ya estaba desposada con Jos\u00e9.<br><br>El desposorio ya supon\u00eda un compromiso decisivo de cara al matrimonio. La mujer se consagraba al hombre. La ruptura del desposorio supon\u00eda un repudio formal, y las relaciones sexuales con otro hombre, eran comparables a un adulterio. <br>Jos\u00e9, hombre justo, para cumplir la ley deber\u00eda repudiar a su futura esposa, pero no quiere difamarla y acusarla p\u00fablicamente, lo que podr\u00eda provocar, incluso, una lapidaci\u00f3n. <br><br>En sue\u00f1os un \u00e1ngel le advierte que es obra del Esp\u00edritu Santo, pues el hijo que va a nacer salvar\u00e1 al pueblo de sus pecados. La aceptaci\u00f3n de Mar\u00eda del proyecto que Dios le ha designado, podr\u00eda suponer el rechazo por parte de sus amigos y parientes, incluso, si llega a hacerse p\u00fablico, por parte de sus conciudadanos. Pero ella pone toda su confianza en el Se\u00f1or y, junto a Jos\u00e9, deciden criar y educar al que ser\u00e1 el \u201cSalvador del Mundo\u201d, pues en su vida, muerte y resurrecci\u00f3n anunciaba la presencia amorosa de Dios que ofrece a toda la humanidad.<\/p>\n\n\n\n<h4 class=\"wp-block-heading has-text-align-left has-vivid-red-color has-text-color has-link-color wp-elements-4\"><br><strong>Palabras de Juan Mar\u00eda de la Mennais<\/strong><\/h4>\n\n\n\n<p class=\"has-text-align-left wp-block-paragraph\"><img loading=\"lazy\" decoding=\"async\" width=\"150\" height=\"127\" class=\"wp-image-16112\" style=\"width: 150px;\" src=\"https:\/\/menesianosoy.org\/wp-content\/uploads\/2024\/09\/ppp.png\" alt=\"\" srcset=\"https:\/\/menesianosoy.org\/wp-content\/uploads\/2024\/09\/ppp.png 450w, https:\/\/menesianosoy.org\/wp-content\/uploads\/2024\/09\/ppp-300x254.png 300w\" sizes=\"auto, (max-width: 150px) 85vw, 150px\" \/><br><em>Recordando mis propias necesidades, aprovecho esta ocasi\u00f3n para pedir a los congregacionistas que van a tener la dicha de hacer la comuni\u00f3n el 8 de septiembre, en el que se celebra la fiesta de la natividad de la Sant\u00edsima Virgen, que la hagan a mi intenci\u00f3n. Es el d\u00eda de mi nacimiento y de mi bautismo, no me nieguen, queridos ni\u00f1os, esta muestra de inter\u00e9s y de afecto. Yo hago lo que puedo para ayudarlos a ser santos, lo que siento es no poder hacer m\u00e1s. Ay\u00fadenme a santificarme. Pidan al buen Dios que me d\u00e9 fuerzas, \u00e1nimo, las luces que me hacen falta en el puesto en que \u00c9l me ha puesto, del cual soy indigno y que soy muy poco capaz de cumplir. P\u00eddanle que me perdone las faltas de las que me hecho culpable a lo largo de mi corta vida, que me parece ya muy larga, para que cuando llegue el momento en que me presente delante de \u00c9l para darle cuenta, tenga piedad de mi pobre alma seg\u00fan su gran misericordia. (Renovaci\u00f3n de consagraci\u00f3n, 1809)<\/em><\/p>\n\n\n\n<h4 class=\"wp-block-heading has-text-align-left has-vivid-red-color has-text-color has-link-color wp-elements-5\"><br><strong>Mira que te mira &#8211; Hnas pobres &amp; Luispo<\/strong><\/h4>\n\n\n\n<figure class=\"wp-block-embed is-type-video is-provider-youtube wp-block-embed-youtube wp-embed-aspect-16-9 wp-has-aspect-ratio\"><div class=\"wp-block-embed__wrapper\">\n<iframe loading=\"lazy\" title=\"Mira Que Te Mira - Hermanas Pobres, Luispo (Videoclip Oficial)\" width=\"1140\" height=\"641\" src=\"https:\/\/www.youtube.com\/embed\/hR-B56BCV3A?feature=oembed\" frameborder=\"0\" allow=\"accelerometer; autoplay; clipboard-write; encrypted-media; gyroscope; picture-in-picture; web-share\" referrerpolicy=\"strict-origin-when-cross-origin\" allowfullscreen><\/iframe>\n<\/div><\/figure>\n\n\n\n<p class=\"has-text-align-left wp-block-paragraph\">Mira que te mira.<br>El cielo se ha acurrucado<br>entre dos caritas.<br>Los \u00e1ngeles se apretujan<br>con alegr\u00eda<br>y lloran cuando la madre<br>canta con \u00e9l: Ler\u00e8, ler\u00e8. &nbsp;<br>S\u00f3lo Dios es.<br><br>Cu\u00e1ntas madrugadas<br>voy a colarme entre dos miradas,<br>cu\u00e1nta vida divina ver\u00e9 crecer.<br><br>M\u00edrame Mar\u00eda, m\u00edrame de ni\u00f1a,<br>de madre a hija.<br>Alza la riqueza de mi pobreza<br>llena de vida.<br>Tu mirada nos lleva al cielo,<br>Madre querida.<br><br>Mira que te mira,<br>palpando de cada rosa<br>tambi\u00e9n la espina,<br>besando cada calvario<br>con sus pupilas,<br>llen\u00e1ndolo de ternura<br>como en Bel\u00e9n.<br>Ler\u00e8, ler\u00e8. S\u00f3lo Dios es.<br><br>Mira que te mira, mirada divina.<br>Trinidad brillando entre dos caritas.<br>Mira que te mira, mirada divina.<br>Tu mirada nos lleva al cielo,<br>Madre querida.<\/p>\n\n\n\n<p class=\"has-vivid-cyan-blue-background-color has-background wp-block-paragraph\"><\/p>\n\n\n\n<h5 class=\"wp-block-heading has-text-align-left has-small-font-size\"><img loading=\"lazy\" decoding=\"async\" width=\"150\" height=\"211\" class=\"wp-image-39977\" style=\"width: 150px;\" src=\"https:\/\/menesianosoy.org\/wp-content\/uploads\/2026\/09\/Maria-virgen.jpg\" alt=\"\"><br>Los Evangelios no cuentan c\u00f3mo naci\u00f3 Mar\u00eda ni mencionan los nombres de sus padres. La tradici\u00f3n procede principalmente del <em>Protoevangelio de Santiago<\/em>, un escrito cristiano del siglo II. Seg\u00fan este relato, <strong>Joaqu\u00edn y Ana<\/strong> eran un matrimonio piadoso que sufr\u00eda por no poder tener hijos. Despu\u00e9s de rezar durante mucho tiempo, Dios les concedi\u00f3 una hija, Mar\u00eda, llamada a desempe\u00f1ar una misi\u00f3n \u00fanica en la historia de la salvaci\u00f3n.<br>La celebraci\u00f3n comenz\u00f3 en Oriente, probablemente en Jerusal\u00e9n, hacia los siglos V o VI. All\u00ed se veneraba una iglesia construida, seg\u00fan la tradici\u00f3n, en el lugar donde hab\u00eda nacido Mar\u00eda. M\u00e1s tarde, durante el siglo VII, la fiesta lleg\u00f3 a Roma y se extendi\u00f3 progresivamente por toda la Iglesia.<br>La Natividad de Mar\u00eda se contempla como el anuncio de una nueva esperanza. Con su nacimiento comienza a prepararse de manera inmediata la llegada de Jes\u00fas. Por eso, la liturgia celebra este d\u00eda con alegr\u00eda: Mar\u00eda es comparada con la <strong>aurora que anuncia la salida del sol<\/strong>, porque ella precede a Cristo, \u201cel Sol que nace de lo alto\u201d.<br>Esta fiesta tambi\u00e9n nos recuerda que Dios realiza grandes obras a trav\u00e9s de vidas sencillas. Mar\u00eda naci\u00f3 como cualquier ni\u00f1a, en el seno de una familia y sin privilegios visibles; sin embargo, Dios la estaba preparando silenciosamente para una misi\u00f3n que cambiar\u00eda la historia. <\/h5>\n\n\n\n<p class=\"has-text-align-left has-vivid-cyan-blue-background-color has-background wp-block-paragraph\"><\/p>\n","protected":false},"excerpt":{"rendered":"<p>D\u00eda Menesiano: NACIMIENTO DE JUAN MAR\u00cdA Miqueas 5, 1-4aSalmo 12 (13), 6 Evangelio: Mateo 1, 18-23 \u00c9ste fue el origen de Jesucristo: Mar\u00eda, su madre, estaba comprometida con Jos\u00e9 y, cuando todav\u00eda no hab\u00edan vivido juntos, concibi\u00f3 un hijo por obra del Esp\u00edritu Santo.\u200bJos\u00e9, su esposo, que era un hombre justo y no quer\u00eda denunciarla &hellip; <a href=\"https:\/\/menesianosoy.org\/index.php\/2026\/09\/05\/natividad-de-la-virgen-maria-3\/\" class=\"more-link\">Continue reading<span class=\"screen-reader-text\"> \u00abNatividad de la Virgen Mar\u00eda\u00bb<\/span><\/a><\/p>\n","protected":false},"author":3,"featured_media":0,"comment_status":"closed","ping_status":"closed","sticky":false,"template":"","format":"standard","meta":{"_acf_changed":false,"footnotes":""},"categories":[9],"tags":[],"class_list":["post-39902","post","type-post","status-publish","format-standard","hentry","category-evangelio"],"acf":[],"_links":{"self":[{"href":"https:\/\/menesianosoy.org\/index.php\/wp-json\/wp\/v2\/posts\/39902","targetHints":{"allow":["GET"]}}],"collection":[{"href":"https:\/\/menesianosoy.org\/index.php\/wp-json\/wp\/v2\/posts"}],"about":[{"href":"https:\/\/menesianosoy.org\/index.php\/wp-json\/wp\/v2\/types\/post"}],"author":[{"embeddable":true,"href":"https:\/\/menesianosoy.org\/index.php\/wp-json\/wp\/v2\/users\/3"}],"replies":[{"embeddable":true,"href":"https:\/\/menesianosoy.org\/index.php\/wp-json\/wp\/v2\/comments?post=39902"}],"version-history":[{"count":7,"href":"https:\/\/menesianosoy.org\/index.php\/wp-json\/wp\/v2\/posts\/39902\/revisions"}],"predecessor-version":[{"id":39978,"href":"https:\/\/menesianosoy.org\/index.php\/wp-json\/wp\/v2\/posts\/39902\/revisions\/39978"}],"wp:attachment":[{"href":"https:\/\/menesianosoy.org\/index.php\/wp-json\/wp\/v2\/media?parent=39902"}],"wp:term":[{"taxonomy":"category","embeddable":true,"href":"https:\/\/menesianosoy.org\/index.php\/wp-json\/wp\/v2\/categories?post=39902"},{"taxonomy":"post_tag","embeddable":true,"href":"https:\/\/menesianosoy.org\/index.php\/wp-json\/wp\/v2\/tags?post=39902"}],"curies":[{"name":"wp","href":"https:\/\/api.w.org\/{rel}","templated":true}]}}