{"id":39921,"date":"2026-09-05T10:01:43","date_gmt":"2026-09-05T13:01:43","guid":{"rendered":"https:\/\/menesianosoy.org\/?p=39921"},"modified":"2026-09-05T17:46:28","modified_gmt":"2026-09-05T20:46:28","slug":"san-pedro-claver-7","status":"publish","type":"post","link":"https:\/\/menesianosoy.org\/index.php\/2026\/09\/05\/san-pedro-claver-7\/","title":{"rendered":"San Pedro Claver"},"content":{"rendered":"\n<h5 class=\"wp-block-heading has-text-color has-link-color wp-elements-1\" style=\"color:#6f2a2a\"><br><img loading=\"lazy\" decoding=\"async\" width=\"150\" height=\"127\" class=\"wp-image-39934\" style=\"width: 150px;\" src=\"https:\/\/menesianosoy.org\/wp-content\/uploads\/2026\/09\/Felices-los-pobres-1.jpg\" alt=\"\" srcset=\"https:\/\/menesianosoy.org\/wp-content\/uploads\/2026\/09\/Felices-los-pobres-1.jpg 485w, https:\/\/menesianosoy.org\/wp-content\/uploads\/2026\/09\/Felices-los-pobres-1-300x255.jpg 300w\" sizes=\"auto, (max-width: 150px) 85vw, 150px\" \/><br><strong>1\u00aa Corintios 7, 25-31<br>Salmo 44 (45), 11-12.14-17<\/strong><\/h5>\n\n\n\n<h4 class=\"wp-block-heading has-text-align-left has-vivid-red-color has-text-color has-link-color wp-elements-2\"><br><strong>Evangelio: Lucas 6, 20-26<\/strong><\/h4>\n\n\n\n<p class=\"has-text-align-left wp-block-paragraph\"><strong><em>Entonces Jes\u00fas, fijando la mirada en sus disc\u00edpulos, dijo: <br>\u00a1Felices ustedes, los pobres, porque el Reino de Dios les pertenece!<br>\u00a1Felices ustedes, los que ahora tienen hambre, porque ser\u00e1n saciados!<br>\u00a1Felices ustedes, los que ahora lloran, porque reir\u00e1n!<br>\u00a1Felices ustedes, cuando los hombres los odien, los excluyan, los insulten y los proscriban, consider\u00e1ndolos infames y los proscriban, consider\u00e1ndolos infames a causa del Hijo del hombre!<br>\u00a1Al\u00e9grense y ll\u00e9nense de gozo en ese d\u00eda, porque la recompensa de ustedes ser\u00e1 grande en el cielo!<br>De la misma manera los padres de ellos trataban a los profetas.<br>Pero \u00a1ay de ustedes los ricos, porque ya tienen su consuelo!<br>\u00a1Ay de ustedes, los que ahora est\u00e1n satisfechos, porque tendr\u00e1n hambre!<br>\u00a1Ay de ustedes, los que ahora r\u00eden, porque conocer\u00e1n la aflicci\u00f3n y las l\u00e1grimas!<br>\u00a1Ay de ustedes cuando todos los elogien!<br>\u00a1De la misma manera los padres de ellos traban a los falsos profetas!<\/em><\/strong><\/p>\n\n\n\n<figure class=\"wp-block-image size-full\"><img loading=\"lazy\" decoding=\"async\" width=\"447\" height=\"447\" src=\"https:\/\/menesianosoy.org\/wp-content\/uploads\/2026\/09\/Felices-ustedes.jpg\" alt=\"\" class=\"wp-image-39932\" srcset=\"https:\/\/menesianosoy.org\/wp-content\/uploads\/2026\/09\/Felices-ustedes.jpg 447w, https:\/\/menesianosoy.org\/wp-content\/uploads\/2026\/09\/Felices-ustedes-150x150.jpg 150w, https:\/\/menesianosoy.org\/wp-content\/uploads\/2026\/09\/Felices-ustedes-300x300.jpg 300w\" sizes=\"auto, (max-width: 447px) 85vw, 447px\" \/><\/figure>\n\n\n\n<p class=\"has-text-align-left wp-block-paragraph\">Las Bienaventuranzas nos invitan a mirar la vida con los ojos de Dios. Nosotros solemos admirar a quienes poseen riquezas, poder, \u00e9xito o prestigio. Pensamos que ellos son los verdaderamente afortunados. Al mismo tiempo, podemos sentirnos inc\u00f3modos ante los pobres, los que sufren o quienes necesitan nuestra ayuda. A veces preferimos no verlos, porque su dolor cuestiona nuestra forma de vivir.<br><br>Pero Jes\u00fas cambia por completo nuestra escala de valores. Para Dios, una persona no vale por lo que tiene, por el lugar que ocupa ni por el reconocimiento que recibe. Cada ser humano es su hijo amado y, precisamente por eso, quienes m\u00e1s sufren ocupan un lugar especial en su coraz\u00f3n. No porque la pobreza o el sufrimiento sean buenos, sino porque Dios no permanece indiferente ante ninguno de sus hijos.<br><br>Cuando Jes\u00fas proclama las Bienaventuranzas, no ofrece un consuelo superficial ni promete una felicidad f\u00e1cil. Anuncia que Dios est\u00e1 cerca de los pobres, de los que lloran, de quienes tienen hambre de justicia y de los perseguidos. Les asegura que no est\u00e1n olvidados y que su dolor no tendr\u00e1 la \u00faltima palabra.<br><br>Pero las Bienaventuranzas tambi\u00e9n son un llamado para nosotros. Dios quiere consolar, alimentar, defender y levantar a los necesitados contando con nuestras manos y nuestro coraz\u00f3n. No podemos llamarnos disc\u00edpulos de Jes\u00fas y permanecer indiferentes ante el dolor ajeno.<br>Ser bienaventurados es aprender a mirar como Jes\u00fas: acercarnos a quienes otros evitan, valorar a quienes el mundo desprecia y descubrir que la verdadera felicidad no consiste en acumular, sino en amar, compartir y hacer posible que todos vivan con dignidad. Porque cuando hacemos lugar en nuestra vida a los m\u00e1s necesitados, tambi\u00e9n hacemos lugar a Dios.<\/p>\n\n\n\n<h5 class=\"wp-block-heading has-text-align-left has-text-color has-link-color wp-elements-3\" style=\"color:#40586d\"><br><strong>M\u00c1XIMA<br>Los predilectos de Dios son los m\u00e1s necesitados<\/strong><\/h5>\n\n\n\n<h4 class=\"wp-block-heading has-text-align-left has-vivid-red-color has-text-color has-link-color wp-elements-4\"><br><strong>Palabras de Juan Mar\u00eda de la Mennais<\/strong><\/h4>\n\n\n\n<p class=\"has-text-align-left wp-block-paragraph\"><img loading=\"lazy\" decoding=\"async\" width=\"150\" height=\"183\" class=\"wp-image-16098\" style=\"width: 150px;\" src=\"https:\/\/menesianosoy.org\/wp-content\/uploads\/2024\/09\/juanmaria.png\" alt=\"\" srcset=\"https:\/\/menesianosoy.org\/wp-content\/uploads\/2024\/09\/juanmaria.png 450w, https:\/\/menesianosoy.org\/wp-content\/uploads\/2024\/09\/juanmaria-246x300.png 246w\" sizes=\"auto, (max-width: 150px) 85vw, 150px\" \/><br><em>Se les llama felices s\u00f3lo a hombres poderosos y ricos. Se los considera sabios y se estima s\u00f3lo a los hombres que trabajan para crecer a cualquier precio, y se mira con l\u00e1stima a aqu\u00e9llos que, poniendo la salvaci\u00f3n por encima de todo, usan las cosas de este mundo como si no las usaran y tienen puestas en el cielo todas sus esperanzas. Lo s\u00e9, en todo momento ha habido errores y des\u00f3rdenes; nunca, sin embargo, se ha visto algo como lo que vemos; nunca el amor al oro y a los placeres corrompieron las conciencias hasta el punto en que est\u00e1n hoy. (S. VII, p. 2014-42)<\/em><\/p>\n\n\n\n<h4 class=\"wp-block-heading has-text-align-left has-vivid-red-color has-text-color has-link-color wp-elements-5\"><br><strong>Abre tu escuela menesiana &#8211; Josu<\/strong><\/h4>\n\n\n\n<figure class=\"wp-block-embed is-type-video is-provider-youtube wp-block-embed-youtube wp-embed-aspect-16-9 wp-has-aspect-ratio\"><div class=\"wp-block-embed__wrapper\">\n<iframe loading=\"lazy\" title=\"Abre tu escuela\" width=\"1140\" height=\"641\" src=\"https:\/\/www.youtube.com\/embed\/D0o4I2VzSsI?feature=oembed\" frameborder=\"0\" allow=\"accelerometer; autoplay; clipboard-write; encrypted-media; gyroscope; picture-in-picture; web-share\" referrerpolicy=\"strict-origin-when-cross-origin\" allowfullscreen><\/iframe>\n<\/div><\/figure>\n\n\n\n<p class=\"has-text-align-left wp-block-paragraph\">Caminando por las sendas de este mundo,<br>si descubres un ni\u00f1o sin poder crecer,<br>abre tu escuela menesiana<br>y as\u00ed podr\u00e1s tener fuerzas y alas<br>para poder volar.<br><br>Atr\u00e9vete, vamos a construir. \u00a1Ven!<br>un cielo para que suene su voz<br>y cante libre.<br>M\u00edrate, abre tu coraz\u00f3n ya,<br>para buscar\u2026<br><br>Si entendemos la esperanza menesiana<br>y ponemos a nuestro sue\u00f1o su color.<br>Un arco\u00edris limpio y grande alumbrar\u00e1<br>la senda para todos juntos andar.<br><br>Atr\u00e9vete, vamos a construir. \u00a1Ven!<br>un cielo para que suene su voz<br>y cante libre.<br>M\u00edrate, abre tu coraz\u00f3n ya,<br>para buscar\u2026<br><br>Busca la estrella que guiar\u00e1<br>nuestro camino al andar.<\/p>\n\n\n\n<p class=\"has-vivid-cyan-blue-background-color has-background wp-block-paragraph\"><\/p>\n\n\n\n<h5 class=\"wp-block-heading has-text-align-left has-small-font-size\"><img loading=\"lazy\" decoding=\"async\" width=\"150\" height=\"150\" class=\"wp-image-39930\" style=\"width: 150px;\" src=\"https:\/\/menesianosoy.org\/wp-content\/uploads\/2026\/09\/San-Pedro-Claver.png\" alt=\"\" srcset=\"https:\/\/menesianosoy.org\/wp-content\/uploads\/2026\/09\/San-Pedro-Claver.png 200w, https:\/\/menesianosoy.org\/wp-content\/uploads\/2026\/09\/San-Pedro-Claver-150x150.png 150w\" sizes=\"auto, (max-width: 150px) 85vw, 150px\" \/><br>San Pedro Claver naci\u00f3 en 1580 en Catalu\u00f1a, Espa\u00f1a. Ingres\u00f3 en la Compa\u00f1\u00eda de Jes\u00fas y, siendo todav\u00eda joven, fue enviado como misionero a Cartagena de Indias, en la actual Colombia. All\u00ed fue ordenado sacerdote en 1616.<br>Cartagena era uno de los principales puertos de llegada de africanos esclavizados. Pedro Claver decidi\u00f3 dedicarles por completo su vida. Cuando llegaban los barcos, entraba en las bodegas para recibirlos, curar sus heridas, alimentarlos, consolarlos y anunciarles el amor de Dios. Se llam\u00f3 a s\u00ed mismo \u00abesclavo de los esclavos para siempre\u00bb.<br>Durante casi cuarenta a\u00f1os atendi\u00f3 a miles de personas, defendiendo su dignidad frente al desprecio y los abusos de la sociedad. En sus \u00faltimos a\u00f1os qued\u00f3 enfermo y casi paralizado. Muri\u00f3 en Cartagena el 8 de septiembre de 1654. Fue canonizado en 1888. Es patrono de las misiones entre los pueblos africanos y de quienes trabajan en defensa de los derechos humanos. <\/h5>\n\n\n\n<p class=\"has-vivid-cyan-blue-background-color has-background wp-block-paragraph\"><\/p>\n","protected":false},"excerpt":{"rendered":"<p>1\u00aa Corintios 7, 25-31Salmo 44 (45), 11-12.14-17 Evangelio: Lucas 6, 20-26 Entonces Jes\u00fas, fijando la mirada en sus disc\u00edpulos, dijo: \u00a1Felices ustedes, los pobres, porque el Reino de Dios les pertenece!\u00a1Felices ustedes, los que ahora tienen hambre, porque ser\u00e1n saciados!\u00a1Felices ustedes, los que ahora lloran, porque reir\u00e1n!\u00a1Felices ustedes, cuando los hombres los odien, los excluyan, &hellip; <a href=\"https:\/\/menesianosoy.org\/index.php\/2026\/09\/05\/san-pedro-claver-7\/\" class=\"more-link\">Continue reading<span class=\"screen-reader-text\"> \u00abSan Pedro Claver\u00bb<\/span><\/a><\/p>\n","protected":false},"author":3,"featured_media":0,"comment_status":"closed","ping_status":"closed","sticky":false,"template":"","format":"standard","meta":{"_acf_changed":false,"footnotes":""},"categories":[9],"tags":[],"class_list":["post-39921","post","type-post","status-publish","format-standard","hentry","category-evangelio"],"acf":[],"_links":{"self":[{"href":"https:\/\/menesianosoy.org\/index.php\/wp-json\/wp\/v2\/posts\/39921","targetHints":{"allow":["GET"]}}],"collection":[{"href":"https:\/\/menesianosoy.org\/index.php\/wp-json\/wp\/v2\/posts"}],"about":[{"href":"https:\/\/menesianosoy.org\/index.php\/wp-json\/wp\/v2\/types\/post"}],"author":[{"embeddable":true,"href":"https:\/\/menesianosoy.org\/index.php\/wp-json\/wp\/v2\/users\/3"}],"replies":[{"embeddable":true,"href":"https:\/\/menesianosoy.org\/index.php\/wp-json\/wp\/v2\/comments?post=39921"}],"version-history":[{"count":8,"href":"https:\/\/menesianosoy.org\/index.php\/wp-json\/wp\/v2\/posts\/39921\/revisions"}],"predecessor-version":[{"id":39968,"href":"https:\/\/menesianosoy.org\/index.php\/wp-json\/wp\/v2\/posts\/39921\/revisions\/39968"}],"wp:attachment":[{"href":"https:\/\/menesianosoy.org\/index.php\/wp-json\/wp\/v2\/media?parent=39921"}],"wp:term":[{"taxonomy":"category","embeddable":true,"href":"https:\/\/menesianosoy.org\/index.php\/wp-json\/wp\/v2\/categories?post=39921"},{"taxonomy":"post_tag","embeddable":true,"href":"https:\/\/menesianosoy.org\/index.php\/wp-json\/wp\/v2\/tags?post=39921"}],"curies":[{"name":"wp","href":"https:\/\/api.w.org\/{rel}","templated":true}]}}