{"id":39943,"date":"2026-09-05T10:52:54","date_gmt":"2026-09-05T13:52:54","guid":{"rendered":"https:\/\/menesianosoy.org\/?p=39943"},"modified":"2026-09-05T17:57:30","modified_gmt":"2026-09-05T20:57:30","slug":"san-nicolas-de-tolentino-5","status":"publish","type":"post","link":"https:\/\/menesianosoy.org\/index.php\/2026\/09\/05\/san-nicolas-de-tolentino-5\/","title":{"rendered":"San Nicol\u00e1s de Tolentino"},"content":{"rendered":"\n<h5 class=\"wp-block-heading has-text-align-left has-text-color has-link-color wp-elements-1\" style=\"color:#6e3f3f\"><br><img loading=\"lazy\" decoding=\"async\" width=\"150\" height=\"157\" class=\"wp-image-39956\" style=\"width: 150px;\" src=\"https:\/\/menesianosoy.org\/wp-content\/uploads\/2026\/09\/Amor-a-los-demas.png\" alt=\"\" srcset=\"https:\/\/menesianosoy.org\/wp-content\/uploads\/2026\/09\/Amor-a-los-demas.png 660w, https:\/\/menesianosoy.org\/wp-content\/uploads\/2026\/09\/Amor-a-los-demas-287x300.png 287w\" sizes=\"auto, (max-width: 150px) 85vw, 150px\" \/><br><strong>1\u00aa Corintios 8, 1.4b-13<br>Salmo 138 (139), 1-3.13-14b.23-24<\/strong><\/h5>\n\n\n\n<h4 class=\"wp-block-heading has-text-align-left has-vivid-red-color has-text-color has-link-color wp-elements-2\"><br><strong>Evangelio: Lucas 6, 27-36<\/strong><\/h4>\n\n\n\n<p class=\"has-text-align-left wp-block-paragraph\"><strong><em>Jes\u00fas dijo a sus disc\u00edpulos: Yo les digo a ustedes que me escuchan: Amen a sus enemigos, hagan el bien a los que los odian. Bendigan a los que los maldicen, rueguen por lo que los difaman.<br>Al que te pegue en una mejilla, pres\u00e9ntale tambi\u00e9n la otra; al que te quite el manto, no le niegues la t\u00fanica.<br>Dale a todo el que te pida, y al que tome lo tuyo no se lo reclames.<br>Hagan por lo dem\u00e1s lo que quieren que los hombres hagan por ustedes.<br>Si aman a aquellos que los aman, \u00bfqu\u00e9 m\u00e9rito tienen? Porque hasta los pecadores aman a aquellos que los aman.<br>Si hacen el bien a aquellos que se lo hacen a ustedes, \u00bfqu\u00e9 m\u00e9rito tienen? Eso lo hacen tambi\u00e9n los pecadores.<br>Y si prestan a aquellos de quienes esperan recibir, \u00bfqu\u00e9 m\u00e9rito tienen? Tambi\u00e9n los pecadores prestan a los pecadores, para recibir de ellos lo mismo.<br>Amen a sus enemigos, hagan el bien y presten sin esperar nada en cambio. Entonces la recompensa de ustedes ser\u00e1 grande y ser\u00e1n hijos del Alt\u00edsimo, porque \u00e9l es bueno con los desagradecidos y los malos.<br>Sean misericordiosos, como el Padre de ustedes es misericordioso.<\/em><\/strong><\/p>\n\n\n\n<figure class=\"wp-block-image size-full\"><img loading=\"lazy\" decoding=\"async\" width=\"447\" height=\"447\" src=\"https:\/\/menesianosoy.org\/wp-content\/uploads\/2026\/09\/Amen-a-sus-enemigo.jpg\" alt=\"\" class=\"wp-image-39958\" srcset=\"https:\/\/menesianosoy.org\/wp-content\/uploads\/2026\/09\/Amen-a-sus-enemigo.jpg 447w, https:\/\/menesianosoy.org\/wp-content\/uploads\/2026\/09\/Amen-a-sus-enemigo-300x300.jpg 300w, https:\/\/menesianosoy.org\/wp-content\/uploads\/2026\/09\/Amen-a-sus-enemigo-150x150.jpg 150w\" sizes=\"auto, (max-width: 447px) 85vw, 447px\" \/><\/figure>\n\n\n\n<p class=\"has-text-align-left wp-block-paragraph\">En el coraz\u00f3n de Dios no hay enemigos, Dios tiene hijos. Nosotros levantamos muros, construimos barreras y clasificamos a las personas. Dios tiene hijos y no precisamente para sac\u00e1rselos de encima.<br>El amor de Dios tiene sabor a fidelidad con las personas, porque es amor de entra\u00f1as, un amor maternal\/paternal que no las deja abandonadas, incluso cuando se hayan equivocado.<br>Nuestro Padre no espera a amar al mundo cuando seamos buenos, no espera a amarnos cuando seamos menos injustos o perfectos; nos ama porque eligi\u00f3 amarnos, nos ama porque nos ha dado el estatuto de hijos. Nos ha amado incluso cuando \u00e9ramos enemigos suyos (cf. Rm 5,10).<br>El amor incondicionado del Padre para con todos ha sido, y es, verdadera exigencia de conversi\u00f3n para nuestro pobre coraz\u00f3n que tiende a juzgar, dividir, oponer y condenar.<br><br>Vemos, por ejemplo, c\u00f3mo r\u00e1pidamente el que est\u00e1 a nuestro lado ya no s\u00f3lo posee el estado de desconocido o inmigrante o refugiado, sino que se convierte en una amenaza; posee el estatus de enemigo. Enemigo por venir de una tierra lejana o por tener otras costumbres. Enemigo por su color de piel, por su idioma o su condici\u00f3n social, enemigo por pensar diferente e inclusive por tener otra fe. Enemigo por\u2026<br>Y sin darnos cuenta esta l\u00f3gica se instala en nuestra forma de vivir, de actuar y proceder. Entonces, todo y todos comienzan a tener sabor de enemistad. Poco a poco las diferencias se transforman en sin\u00f3nimos de hostilidad, amenaza y violencia.<br><br>Queridos hermanos, Jes\u00fas no deja de querer insertarnos en la encrucijada de nuestra historia para anunciar el Evangelio de la Misericordia. Jes\u00fas nos sigue llamando y enviando al \u201cllano\u201d de nuestros pueblos, nos sigue invitando a gastar nuestras vidas levantando la esperanza de nuestra gente, siendo signos de reconciliaci\u00f3n\u201d (Papa Francisco)<\/p>\n\n\n\n<h5 class=\"wp-block-heading has-text-align-left has-text-color has-link-color wp-elements-3\" style=\"color:#475d71\"><br><strong>M\u00c1XIMA<br>Ama a todos sin distinci\u00f3n<\/strong><\/h5>\n\n\n\n<h4 class=\"wp-block-heading has-text-align-left has-vivid-red-color has-text-color has-link-color wp-elements-4\"><br><strong>Palabras de Juan Mar\u00eda de la Mennais<\/strong><\/h4>\n\n\n\n<p class=\"has-text-align-left wp-block-paragraph\"><img loading=\"lazy\" decoding=\"async\" width=\"150\" height=\"127\" class=\"wp-image-16112\" style=\"width: 150px;\" src=\"https:\/\/menesianosoy.org\/wp-content\/uploads\/2024\/09\/ppp.png\" alt=\"\" srcset=\"https:\/\/menesianosoy.org\/wp-content\/uploads\/2024\/09\/ppp.png 450w, https:\/\/menesianosoy.org\/wp-content\/uploads\/2024\/09\/ppp-300x254.png 300w\" sizes=\"auto, (max-width: 150px) 85vw, 150px\" \/><br><em>Les recomiendo nuevamente que est\u00e9n llenos de bondad y de indulgencia con todos sus hermanos; s\u00ed, con todos, sin excepci\u00f3n, incluso con aquellos de quienes crean tener motivos para quejarse. (Al H. Ambrosio, 17-06-1842)<\/em><\/p>\n\n\n\n<h4 class=\"wp-block-heading has-text-align-left has-vivid-red-color has-text-color has-link-color wp-elements-5\"><br><strong>Vivimos tu misericordia &#8211; Mart\u00edn Roig<\/strong><\/h4>\n\n\n\n<figure class=\"wp-block-embed is-type-video is-provider-youtube wp-block-embed-youtube wp-embed-aspect-16-9 wp-has-aspect-ratio\"><div class=\"wp-block-embed__wrapper\">\n<iframe loading=\"lazy\" title=\"Vivimos tu misericordia\" width=\"1140\" height=\"641\" src=\"https:\/\/www.youtube.com\/embed\/qo4smN_c8OQ?feature=oembed\" frameborder=\"0\" allow=\"accelerometer; autoplay; clipboard-write; encrypted-media; gyroscope; picture-in-picture; web-share\" referrerpolicy=\"strict-origin-when-cross-origin\" allowfullscreen><\/iframe>\n<\/div><\/figure>\n\n\n\n<p class=\"has-text-align-left wp-block-paragraph\">Somos llamados como menesianos<br>a ser una familia, todos hermanos.<br>Tenemos un Padre<br>que es amoroso \u00c9l es un Dios maravilloso.<br><br>Tu misericordia es nueva cada d\u00eda,<br>m\u00e1s grande que los cielos,<br>que el sol del mediod\u00eda.<br>\u00bfC\u00f3mo no quererte si eres alegr\u00eda?<br>Tu misericordia transform\u00f3 nuestra vida.<br><br>Si hay problemas, no estamos solos,<br>tenemos un Dios que es poderoso.<br>Siempre nos entiende, es amoroso,<br>tenemos un Dios maravilloso.<\/p>\n\n\n\n<p class=\"has-vivid-cyan-blue-background-color has-background wp-block-paragraph\"><\/p>\n\n\n\n<h5 class=\"wp-block-heading has-text-align-left has-small-font-size\"><img loading=\"lazy\" decoding=\"async\" width=\"150\" height=\"150\" class=\"wp-image-26994\" style=\"width: 150px;\" src=\"https:\/\/menesianosoy.org\/wp-content\/uploads\/2025\/09\/198dc7_nicolas-tolentino-x200.jpg\" alt=\"\" srcset=\"https:\/\/menesianosoy.org\/wp-content\/uploads\/2025\/09\/198dc7_nicolas-tolentino-x200.jpg 200w, https:\/\/menesianosoy.org\/wp-content\/uploads\/2025\/09\/198dc7_nicolas-tolentino-x200-150x150.jpg 150w\" sizes=\"auto, (max-width: 150px) 85vw, 150px\" \/><br>San Nicol\u00e1s de Tolentino naci\u00f3 en Italia hacia el a\u00f1o 1245. Desde peque\u00f1o recibi\u00f3 una profunda educaci\u00f3n cristiana y, siendo todav\u00eda joven, ingres\u00f3 en la Orden de San Agust\u00edn. Fue ordenado sacerdote y pas\u00f3 gran parte de su vida en la ciudad de Tolentino, de donde tom\u00f3 su nombre.<br>Se destac\u00f3 por su vida sencilla y austera, su intensa oraci\u00f3n y su amor hacia los pobres y enfermos. Dedicaba largas horas a atender a quienes buscaban consuelo, reconciliaba a personas enfrentadas y predicaba con palabras cercanas y llenas de esperanza. Aunque practicaba grandes sacrificios, era amable y comprensivo con los dem\u00e1s.<br>Tuvo una especial preocupaci\u00f3n por las almas del purgatorio, por quienes ofrec\u00eda sus oraciones y celebraba la misa. Por eso es considerado su protector e intercesor. Tambi\u00e9n se le atribuyeron numerosos milagros, tanto durante su vida como despu\u00e9s de su muerte. Muri\u00f3 el 10 de septiembre de 1305 y fue canonizado en 1446. <\/h5>\n\n\n\n<p class=\"has-vivid-cyan-blue-background-color has-background wp-block-paragraph\"><\/p>\n","protected":false},"excerpt":{"rendered":"<p>1\u00aa Corintios 8, 1.4b-13Salmo 138 (139), 1-3.13-14b.23-24 Evangelio: Lucas 6, 27-36 Jes\u00fas dijo a sus disc\u00edpulos: Yo les digo a ustedes que me escuchan: Amen a sus enemigos, hagan el bien a los que los odian. Bendigan a los que los maldicen, rueguen por lo que los difaman.Al que te pegue en una mejilla, pres\u00e9ntale &hellip; <a href=\"https:\/\/menesianosoy.org\/index.php\/2026\/09\/05\/san-nicolas-de-tolentino-5\/\" class=\"more-link\">Continue reading<span class=\"screen-reader-text\"> \u00abSan Nicol\u00e1s de Tolentino\u00bb<\/span><\/a><\/p>\n","protected":false},"author":3,"featured_media":0,"comment_status":"closed","ping_status":"closed","sticky":false,"template":"","format":"standard","meta":{"_acf_changed":false,"footnotes":""},"categories":[9],"tags":[],"class_list":["post-39943","post","type-post","status-publish","format-standard","hentry","category-evangelio"],"acf":[],"_links":{"self":[{"href":"https:\/\/menesianosoy.org\/index.php\/wp-json\/wp\/v2\/posts\/39943","targetHints":{"allow":["GET"]}}],"collection":[{"href":"https:\/\/menesianosoy.org\/index.php\/wp-json\/wp\/v2\/posts"}],"about":[{"href":"https:\/\/menesianosoy.org\/index.php\/wp-json\/wp\/v2\/types\/post"}],"author":[{"embeddable":true,"href":"https:\/\/menesianosoy.org\/index.php\/wp-json\/wp\/v2\/users\/3"}],"replies":[{"embeddable":true,"href":"https:\/\/menesianosoy.org\/index.php\/wp-json\/wp\/v2\/comments?post=39943"}],"version-history":[{"count":9,"href":"https:\/\/menesianosoy.org\/index.php\/wp-json\/wp\/v2\/posts\/39943\/revisions"}],"predecessor-version":[{"id":39982,"href":"https:\/\/menesianosoy.org\/index.php\/wp-json\/wp\/v2\/posts\/39943\/revisions\/39982"}],"wp:attachment":[{"href":"https:\/\/menesianosoy.org\/index.php\/wp-json\/wp\/v2\/media?parent=39943"}],"wp:term":[{"taxonomy":"category","embeddable":true,"href":"https:\/\/menesianosoy.org\/index.php\/wp-json\/wp\/v2\/categories?post=39943"},{"taxonomy":"post_tag","embeddable":true,"href":"https:\/\/menesianosoy.org\/index.php\/wp-json\/wp\/v2\/tags?post=39943"}],"curies":[{"name":"wp","href":"https:\/\/api.w.org\/{rel}","templated":true}]}}