{"id":4326,"date":"2023-09-30T18:44:29","date_gmt":"2023-09-30T21:44:29","guid":{"rendered":"https:\/\/menesianosoy.org\/?p=4326"},"modified":"2023-10-02T06:55:48","modified_gmt":"2023-10-02T09:55:48","slug":"santos-angeles-custodios","status":"publish","type":"post","link":"https:\/\/menesianosoy.org\/index.php\/2023\/09\/30\/santos-angeles-custodios\/","title":{"rendered":"Santos \u00c1ngeles custodios"},"content":{"rendered":"\n<h5 class=\"wp-block-heading has-vivid-purple-color has-text-color\"><em><strong>Novena pidiendo la beatificaci\u00f3n de Juan Mar\u00eda y la salud de los enfermos<\/strong><\/em> <strong>por su intercesi\u00f3n.<\/strong><\/h5>\n\n\n\n<p class=\"has-text-align-left\"><em>\u00c9xodo 23, 20-23<\/em><br><em>Salmo 90 1-6. 10-11<\/em><\/p>\n\n\n\n<h4 class=\"wp-block-heading has-text-align-left has-vivid-cyan-blue-color has-text-color\"><br><strong>Mateo 18, 1-5. 10<\/strong><\/h4>\n\n\n\n<p class=\"has-text-align-left\"><strong><em>En aquel momento, se acercaron los disc\u00edpulos a Jes\u00fas y le preguntaron: \u00bfQui\u00e9n es el m\u00e1s importante en el reino de los cielos?<br>\u00c9l llam\u00f3 a un ni\u00f1o, lo puso en medio y dijo: Se los aseguro que, si no vuelven a ser como ni\u00f1os, no entrar\u00e1n en el Reino de los cielos. Por tanto, el que se haga peque\u00f1o como este ni\u00f1o, \u00e9se es el m\u00e1s grande en el reino de los cielos.<\/em><\/strong><br><strong><em>El que recibe a uno de estos peque\u00f1os en mi Nombre, me recibe a m\u00ed mismo.<br>Cu\u00eddense de despreciar a cualquiera de estos peque\u00f1os, porque les aseguro que sus \u00e1ngeles en el cielo est\u00e1n constantemente en presencia de mi Padre celestial<\/em><\/strong>.<\/p>\n\n\n\n<figure class=\"wp-block-image size-full\"><img loading=\"lazy\" decoding=\"async\" width=\"500\" height=\"623\" src=\"https:\/\/menesianosoy.org\/wp-content\/uploads\/2023\/09\/jesus-3.jpg\" alt=\"\" class=\"wp-image-4336\" srcset=\"https:\/\/menesianosoy.org\/wp-content\/uploads\/2023\/09\/jesus-3.jpg 500w, https:\/\/menesianosoy.org\/wp-content\/uploads\/2023\/09\/jesus-3-241x300.jpg 241w\" sizes=\"auto, (max-width: 500px) 85vw, 500px\" \/><\/figure>\n\n\n\n<p class=\"has-text-align-left\"><br>Jes\u00fas utiliza con frecuencia la imagen del \u201cni\u00f1o\u201d- y la de \u201cnacer de nuevo\u201d para expresar la condici\u00f3n que se requiere para \u201centrar en el reino\u201d, es decir para comprender y participar en su propio proyecto, y as\u00ed, descubrir y vivir nuestra identidad m\u00e1s profunda.<br><br>En la Palestina del siglo I, el ni\u00f1o era la imagen del quien no contaba nada; ocupaba siempre el \u00faltimo lugar, y pr\u00e1cticamente no era tenido en cuenta. Esta realidad es la que sirve de trasfondo a la imagen. El hilo conductor de las sentencias de Jes\u00fas que se unen en este texto es la referencia a los \u201cpeque\u00f1os\u201d, sean los disc\u00edpulos de \u00faltima hora, sean aquellos otros que se ha alejado.<br><br>Los disc\u00edpulos preguntan por cuestiones de jerarqu\u00eda, que son ese tipo de preguntas que le encanta a nuestro \u201cego\u201d: \u201c\u00bfQui\u00e9n es el m\u00e1s importante\u2026?\u201d Nuestro \u201cYO\u201d vive obsesionado en autoafirmarse a trav\u00e9s de cualquier medio, especialmente gracias a alg\u00fan tipo de poder sobre los dem\u00e1s, aunque sea sutil, como \u201cel poder de la llave\u201d (todos tienen que ped\u00edrmela si quieren acceder, y yo decido quien\u2026). Parece que no nos basta con \u201cser\u201d, nuestro ego necesita ser \u201calguien\u201d, sentirse \u201cespecial\u201d. Se siente incapaz de ser, ser uno mismo, no m\u00e1s. Entonces, ponemos toda nuestra energ\u00eda en \u201ctener\u201d, en \u201chacer\u201d, y en el \u201cpoder\u201d, en una lucha continua que nunca se acaba de saciar, porque siempre queremos m\u00e1s.<br><br>La iron\u00eda consiste, en que buscamos fuera esa plenitud en ese tener, hacer y poder, aquello que ya somos. La plenitud est\u00e1 en nuestro interior. Mientras no lo descubrimos, vamos de golpe en golpe, de frustraci\u00f3n en frustraci\u00f3n, a causa de nuestra ignorancia, ignorando los que somos a los ojos del buen Dios. <em>\u201cBendito seas Padres, porque has revelado estas cosas a los peque\u00f1os y sencillos\u2026\u201d<\/em><br>\u00bfC\u00f3mo son mis b\u00fasquedas de plenitud? \u00bfDesde fuera? \u00bfDesde dentro?<\/p>\n\n\n\n<h4 class=\"wp-block-heading has-text-align-left has-vivid-cyan-blue-color has-text-color\"><br><strong>M\u00e1xima<\/strong><\/h4>\n\n\n\n<p class=\"has-text-align-left\"><strong><em>En que recibe a un peque\u00f1o, recibe a Jes\u00fas<\/em><\/strong><\/p>\n\n\n\n<h4 class=\"wp-block-heading has-vivid-cyan-blue-color has-text-color\"><br><strong>Palabras de Juan Mar\u00eda<\/strong><\/h4>\n\n\n\n<p class=\"has-text-align-left\"><img decoding=\"async\" class=\"wp-image-4140\" style=\"width: 150px;\" src=\"https:\/\/menesianosoy.org\/wp-content\/uploads\/2023\/09\/Juanma.jpg\" alt=\"\"><br><em>Recordar\u00e1n que son como los \u00e1ngeles tutelares y guardianes de la inocencia de los ni\u00f1os que la Providencia les ha confiado e intentar\u00e1n inspirarles, con prudencia, un gran amor por la pureza y gran horror de lo que hiere esta virtud\u201d (R. FIC 36-37)&nbsp;<\/em><\/p>\n\n\n\n<h4 class=\"wp-block-heading\"><br><strong><em>Cu\u00eddame &#8211; Canci\u00f3n de Pedro Guerra y Jorge Drexler<\/em><\/strong><\/h4>\n\n\n\n<figure class=\"wp-block-embed is-type-video is-provider-youtube wp-block-embed-youtube wp-embed-aspect-16-9 wp-has-aspect-ratio\"><div class=\"wp-block-embed__wrapper\">\n<iframe loading=\"lazy\" title=\"CUI\u0301DAME. Letra: Jorge Drexler y Pedro Guerra. Interpreta: CANTO ALEGRE\" width=\"1140\" height=\"641\" src=\"https:\/\/www.youtube.com\/embed\/71RcRiL_2c4?feature=oembed\" frameborder=\"0\" allow=\"accelerometer; autoplay; clipboard-write; encrypted-media; gyroscope; picture-in-picture; web-share\" allowfullscreen><\/iframe>\n<\/div><\/figure>\n\n\n\n<p class=\"has-text-align-left\">Cuida de mis labios,<br>cuida de mi risa.<br>Ll\u00e9vame en tus brazos,<br>ll\u00e9vame sin prisa.<br><br>No maltrates nunca mi fragilidad.<br>Pisare la tierra que t\u00fa pisas.<br>Pisare la tierra que t\u00fa pisas.<br><br>Cuida de mis manos,<br>cuida de mis dedos,<br>dame la caricia<br>que descansa en ellos.<br><br>No maltrates nunca mi fragilidad.<br>Yo ser\u00e9 la imagen de tu espejo,<br>yo ser\u00e9 la imagen de tu espejo.<br><br>Cuida de mis sue\u00f1os,<br>cuida de mi vida.<br>Cuida a quien te quiere,<br>cuida a quien te cuida.<br><br>No maltrates nunca a mi fragilidad.<br>Yo ser\u00e9 el abrazo que te alivia,<br>yo ser\u00e9 el abrazo que te alivia.<br><br>Cuida de mis ojos,<br>cuida de mi cara.<br>Abre los caminos,<br>dame las palabras.<br><br>No maltrates nunca mi fragilidad.<br>Soy la fortaleza del ma\u00f1ana,<br>soy la fortaleza de ma\u00f1ana.<br><br>Cuida de mis sue\u00f1os,<br>cuida de mi vida<br>Cuida a quien te quiere,<br>cuida a quien te cuida.<br><br>No maltrates nunca a mi fragilidad.<br>Yo ser\u00e9 el abrazo que te alivia,<br>yo ser\u00e9 el abrazo que te alivia.<\/p>\n\n\n\n<h3 class=\"wp-block-heading has-text-align-center has-white-color has-vivid-cyan-blue-background-color has-text-color has-background\">Oraci\u00f3n por el Cap\u00edtulo General<\/h3>\n\n\n\n<figure class=\"wp-block-image size-large\"><img decoding=\"async\" src=\"https:\/\/menesianosoy.org\/wp-content\/uploads\/2023\/10\/Logo-3-1-1024x576.jpg\" alt=\"\" class=\"wp-image-4507\"\/><\/figure>\n","protected":false},"excerpt":{"rendered":"<p>Novena pidiendo la beatificaci\u00f3n de Juan Mar\u00eda y la salud de los enfermos por su intercesi\u00f3n. \u00c9xodo 23, 20-23Salmo 90 1-6. 10-11 Mateo 18, 1-5. 10 En aquel momento, se acercaron los disc\u00edpulos a Jes\u00fas y le preguntaron: \u00bfQui\u00e9n es el m\u00e1s importante en el reino de los cielos?\u00c9l llam\u00f3 a un ni\u00f1o, lo puso &hellip; <a href=\"https:\/\/menesianosoy.org\/index.php\/2023\/09\/30\/santos-angeles-custodios\/\" class=\"more-link\">Continue reading<span class=\"screen-reader-text\"> \u00abSantos \u00c1ngeles custodios\u00bb<\/span><\/a><\/p>\n","protected":false},"author":3,"featured_media":0,"comment_status":"closed","ping_status":"closed","sticky":false,"template":"","format":"standard","meta":{"_acf_changed":false,"footnotes":""},"categories":[9],"tags":[],"class_list":["post-4326","post","type-post","status-publish","format-standard","hentry","category-evangelio"],"acf":[],"_links":{"self":[{"href":"https:\/\/menesianosoy.org\/index.php\/wp-json\/wp\/v2\/posts\/4326","targetHints":{"allow":["GET"]}}],"collection":[{"href":"https:\/\/menesianosoy.org\/index.php\/wp-json\/wp\/v2\/posts"}],"about":[{"href":"https:\/\/menesianosoy.org\/index.php\/wp-json\/wp\/v2\/types\/post"}],"author":[{"embeddable":true,"href":"https:\/\/menesianosoy.org\/index.php\/wp-json\/wp\/v2\/users\/3"}],"replies":[{"embeddable":true,"href":"https:\/\/menesianosoy.org\/index.php\/wp-json\/wp\/v2\/comments?post=4326"}],"version-history":[{"count":20,"href":"https:\/\/menesianosoy.org\/index.php\/wp-json\/wp\/v2\/posts\/4326\/revisions"}],"predecessor-version":[{"id":4555,"href":"https:\/\/menesianosoy.org\/index.php\/wp-json\/wp\/v2\/posts\/4326\/revisions\/4555"}],"wp:attachment":[{"href":"https:\/\/menesianosoy.org\/index.php\/wp-json\/wp\/v2\/media?parent=4326"}],"wp:term":[{"taxonomy":"category","embeddable":true,"href":"https:\/\/menesianosoy.org\/index.php\/wp-json\/wp\/v2\/categories?post=4326"},{"taxonomy":"post_tag","embeddable":true,"href":"https:\/\/menesianosoy.org\/index.php\/wp-json\/wp\/v2\/tags?post=4326"}],"curies":[{"name":"wp","href":"https:\/\/api.w.org\/{rel}","templated":true}]}}