{"id":4414,"date":"2023-10-01T10:08:43","date_gmt":"2023-10-01T13:08:43","guid":{"rendered":"https:\/\/menesianosoy.org\/?p=4414"},"modified":"2023-10-04T08:03:51","modified_gmt":"2023-10-04T11:03:51","slug":"san-francisco-de-asis","status":"publish","type":"post","link":"https:\/\/menesianosoy.org\/index.php\/2023\/10\/01\/san-francisco-de-asis\/","title":{"rendered":"San Francisco de As\u00eds"},"content":{"rendered":"\n<p class=\"has-text-align-left\"><em>Nehem\u00edas 2, 1-8<br>Salmo 136, 1-6<\/em><\/p>\n\n\n\n<h4 class=\"wp-block-heading has-text-align-left has-vivid-cyan-blue-color has-text-color\"><br><strong>Evangelio:<\/strong> <strong>Lucas 9, 57-62<\/strong><\/h4>\n\n\n\n<p class=\"has-text-align-left\"><strong>Mientras iban caminando, alguien le dijo a Jes\u00fas: \u00a1Te seguir\u00e9 adonde vayas!<\/strong><br><strong>Jes\u00fas le respondi\u00f3: Los zorros tienen sus cuevas y las aves del cielo sus nidos, pero el Hijo del hombre no tiene d\u00f3nde reclinar la cabeza.<\/strong><br><strong>Y dijo a otro: S\u00edgueme.<br>\u00c9l respondi\u00f3: Perm\u00edteme que vaya primero a enterrar a mi padre.<\/strong><br><strong>Pero Jes\u00fas le respondi\u00f3: Deja que los muertos entierren a sus muertos; t\u00fa ve a anunciar el Reino de Dios.<\/strong><br><strong>Otro le dijo: Te seguir\u00e9, Se\u00f1or, pero perm\u00edteme antes despedirme de los m\u00edos.<\/strong><br><strong>Jes\u00fas le respondi\u00f3: El que ha puesto la mano en el arado y mira hacia atr\u00e1s, no sirve para el Reino de Dios.<\/strong><\/p>\n\n\n\n<figure class=\"wp-block-image size-full\"><img loading=\"lazy\" decoding=\"async\" width=\"500\" height=\"418\" src=\"https:\/\/menesianosoy.org\/wp-content\/uploads\/2023\/10\/2090d1766f8babd9560b3eaace0b9db4.jpg\" alt=\"\" class=\"wp-image-4423\" srcset=\"https:\/\/menesianosoy.org\/wp-content\/uploads\/2023\/10\/2090d1766f8babd9560b3eaace0b9db4.jpg 500w, https:\/\/menesianosoy.org\/wp-content\/uploads\/2023\/10\/2090d1766f8babd9560b3eaace0b9db4-300x251.jpg 300w\" sizes=\"auto, (max-width: 500px) 85vw, 500px\" \/><\/figure>\n\n\n\n<p class=\"has-text-align-left\"><br>Jerusal\u00e9n es la meta final, donde Jes\u00fas, en su \u00faltima Pascua, debe morir y resucitar, y as\u00ed llevar a cumplimiento su misi\u00f3n de salvaci\u00f3n. Desde ese momento, despu\u00e9s de esa \u201cfirme decisi\u00f3n\u201d, Jes\u00fas se dirige a la meta, y tambi\u00e9n a las personas que encuentra y que le piden seguirle les dice claramente cu\u00e1les son las condiciones: no tener una morada estable; saberse desprender de los afectos humanos; no ceder a la nostalgia del pasado.<br>Pero Jes\u00fas dice tambi\u00e9n a sus disc\u00edpulos, encargados de precederlo en el camino hacia Jerusal\u00e9n para anunciar su paso, que no impongan nada: si no hallan disponibilidad para acogerlo, que se prosiga, que se siga adelante. Jes\u00fas no impone nunca, es humilde, Jes\u00fas invita. Si quieres, ven. La humildad de Jes\u00fas es as\u00ed. \u00c9l invita siempre, no impone. (Papa Francisco, 30 de junio de 2013)<br><br>En este evangelio se nos presenta un Cristo exigente: <em>\u00abquien pone la mano en el arado y mira hacia atr\u00e1s no es digno de M\u00ed\u00bb.<\/em> Son duras las palabras de la elecci\u00f3n de Dios, por lo que comprenden, pero al mismo tiempo donan una paz y una felicidad inmensas dentro del alma, porque se sabe que ha sido Dios mismo quien ha llamado. No todos aceptan el llamado con generosidad, sino que al sentir el peso muchos lo dejan. Dejemos que Dios nos hable en el coraz\u00f3n y si \u00e9l nos llama digamos con sinceridad y generosidad que queremos seguirlo, aun sabiendo las dificultades que all\u00ed encontraremos. Pidamos tambi\u00e9n en una visita o despu\u00e9s de la comuni\u00f3n por las vocaciones para que mande obreros fieles a su mies.<\/p>\n\n\n\n<h4 class=\"wp-block-heading has-text-align-left has-vivid-cyan-blue-color has-text-color\"><br><strong>M\u00e1xima<\/strong><\/h4>\n\n\n\n<p><strong><em>Seguir a Jes\u00fas no es f\u00e1cil<\/em><\/strong><\/p>\n\n\n\n<h4 class=\"wp-block-heading has-text-align-left has-vivid-cyan-blue-color has-text-color\"><br><strong>Palabras de Juan Mar\u00eda<\/strong><\/h4>\n\n\n\n<p class=\"has-text-align-left\"><img decoding=\"async\" class=\"wp-image-4140\" style=\"width: 150px;\" src=\"https:\/\/menesianosoy.org\/wp-content\/uploads\/2023\/09\/Juanma.jpg\" alt=\"\"><br><em>Me das mucha pena cuando te preocupas tanto por ti mismo; Me gustar\u00eda verte m\u00e1s resignado a la santa voluntad de Dios, y con m\u00e1s ganas de parecerte a Jesucristo crucificado: no tendr\u00e1s la paz del alma, y no saborear\u00e1s la alegr\u00eda en tu coraz\u00f3n, a menos que tengas esta santa decisi\u00f3n de abandono a Dios y renuncia de ti mismo. (Al H. Ambrosio, 09-02-1837)<\/em>&nbsp;&nbsp;<\/p>\n\n\n\n<h4 class=\"wp-block-heading has-vivid-cyan-blue-color has-text-color\"><br><strong>Canci\u00f3n<\/strong><\/h4>\n\n\n\n<p class=\"has-text-align-left\"><strong><em>Al lado de Jes\u00fas \u2013 primera fe<\/em><\/strong><\/p>\n\n\n\n<figure class=\"wp-block-embed is-type-video is-provider-youtube wp-block-embed-youtube wp-embed-aspect-16-9 wp-has-aspect-ratio\"><div class=\"wp-block-embed__wrapper\">\n<iframe loading=\"lazy\" title=\"Primera Fe - Al lado de Jes\u00fas (Video Lyric Oficial)\" width=\"1140\" height=\"641\" src=\"https:\/\/www.youtube.com\/embed\/EOaexeUO-R4?feature=oembed\" frameborder=\"0\" allow=\"accelerometer; autoplay; clipboard-write; encrypted-media; gyroscope; picture-in-picture; web-share\" allowfullscreen><\/iframe>\n<\/div><\/figure>\n\n\n\n<p class=\"has-text-align-left\">Cristo es luz para tu caminar,<br>est\u00e1 dispuesto a atender tu ansiedad.<br>Te da amor, te da paz<br>y te da fuerzas al luchar.<br>Es puerto seguro para descansar,<br>es el buen pastor que da seguridad.<br><br>Siempre es tu amigo fiel,<br>es manantial para tu sed.<br>No hay nada que temer<br>si vas al lado de Jes\u00fas.<br>El cambiar\u00e1 tu actitud.<br>\u00c9l es vida, es la luz.<br>Mira siempre hacia la cruz.<br>Camina al lado de Jes\u00fas.<br><br>Es la soluci\u00f3n para tu malestar,<br>es el remedio que puede sanar,<br>el bello tesoro que puedes hallar.<br>Camina al lado de Jes\u00fas.<br><br>Le da sabor a tu amargo vivir,<br>es la raz\u00f3n de poder sonre\u00edr,<br>con \u00e9l t\u00fa puedes ser feliz.<br>Camina al lado de Jes\u00fas.<br>Es puerto seguro para descansar.<br>Es el buen pastor que da seguridad.<\/p>\n\n\n\n<h4 class=\"wp-block-heading has-text-align-center has-white-color has-vivid-cyan-blue-background-color has-text-color has-background\">Oraci\u00f3n por el Cap\u00edtulo General<\/h4>\n\n\n\n<figure class=\"wp-block-image size-large\"><img decoding=\"async\" src=\"https:\/\/menesianosoy.org\/wp-content\/uploads\/2023\/10\/Logo-3-3-1024x576.jpg\" alt=\"\" class=\"wp-image-4518\"\/><\/figure>\n","protected":false},"excerpt":{"rendered":"<p>Nehem\u00edas 2, 1-8Salmo 136, 1-6 Evangelio: Lucas 9, 57-62 Mientras iban caminando, alguien le dijo a Jes\u00fas: \u00a1Te seguir\u00e9 adonde vayas!Jes\u00fas le respondi\u00f3: Los zorros tienen sus cuevas y las aves del cielo sus nidos, pero el Hijo del hombre no tiene d\u00f3nde reclinar la cabeza.Y dijo a otro: S\u00edgueme.\u00c9l respondi\u00f3: Perm\u00edteme que vaya primero &hellip; <a href=\"https:\/\/menesianosoy.org\/index.php\/2023\/10\/01\/san-francisco-de-asis\/\" class=\"more-link\">Continue reading<span class=\"screen-reader-text\"> \u00abSan Francisco de As\u00eds\u00bb<\/span><\/a><\/p>\n","protected":false},"author":3,"featured_media":0,"comment_status":"closed","ping_status":"closed","sticky":false,"template":"","format":"standard","meta":{"_acf_changed":false,"footnotes":""},"categories":[9],"tags":[],"class_list":["post-4414","post","type-post","status-publish","format-standard","hentry","category-evangelio"],"acf":[],"_links":{"self":[{"href":"https:\/\/menesianosoy.org\/index.php\/wp-json\/wp\/v2\/posts\/4414","targetHints":{"allow":["GET"]}}],"collection":[{"href":"https:\/\/menesianosoy.org\/index.php\/wp-json\/wp\/v2\/posts"}],"about":[{"href":"https:\/\/menesianosoy.org\/index.php\/wp-json\/wp\/v2\/types\/post"}],"author":[{"embeddable":true,"href":"https:\/\/menesianosoy.org\/index.php\/wp-json\/wp\/v2\/users\/3"}],"replies":[{"embeddable":true,"href":"https:\/\/menesianosoy.org\/index.php\/wp-json\/wp\/v2\/comments?post=4414"}],"version-history":[{"count":10,"href":"https:\/\/menesianosoy.org\/index.php\/wp-json\/wp\/v2\/posts\/4414\/revisions"}],"predecessor-version":[{"id":4559,"href":"https:\/\/menesianosoy.org\/index.php\/wp-json\/wp\/v2\/posts\/4414\/revisions\/4559"}],"wp:attachment":[{"href":"https:\/\/menesianosoy.org\/index.php\/wp-json\/wp\/v2\/media?parent=4414"}],"wp:term":[{"taxonomy":"category","embeddable":true,"href":"https:\/\/menesianosoy.org\/index.php\/wp-json\/wp\/v2\/categories?post=4414"},{"taxonomy":"post_tag","embeddable":true,"href":"https:\/\/menesianosoy.org\/index.php\/wp-json\/wp\/v2\/tags?post=4414"}],"curies":[{"name":"wp","href":"https:\/\/api.w.org\/{rel}","templated":true}]}}