{"id":4489,"date":"2023-10-01T16:19:22","date_gmt":"2023-10-01T19:19:22","guid":{"rendered":"https:\/\/menesianosoy.org\/?p=4489"},"modified":"2023-10-06T06:18:46","modified_gmt":"2023-10-06T09:18:46","slug":"san-bruno-beata-maria-rosa-durocher-2","status":"publish","type":"post","link":"https:\/\/menesianosoy.org\/index.php\/2023\/10\/01\/san-bruno-beata-maria-rosa-durocher-2\/","title":{"rendered":"San Bruno \u2013 Beata Mar\u00eda Rosa Durocher"},"content":{"rendered":"\n<h4 class=\"wp-block-heading has-vivid-cyan-blue-color has-text-color\"><br><strong>Oraci\u00f3n<\/strong><\/h4>\n\n\n\n<p class=\"has-text-align-left\"><strong><em>Se\u00f1or, que has dicho:<br>Dejen que los ni\u00f1os vengan a M\u00ed.<br>T\u00fa me has inspirado el deseo<br>de dedicar mi vida<br>a los ni\u00f1os y j\u00f3venes<br>para llevarlos a Ti.<br>D\u00edgnate bendecir mi vocaci\u00f3n,<br>as\u00edsteme en mis trabajos de hoy,<br>derrama sobre m\u00ed,<br>sobre todos mis hermanos<br>y sobre todos los que trabajamos<br>en esta obra educativa,<br>el esp\u00edritu de fortaleza,<br>de caridad y de humildad,<br>para que nada nos aparte<br>de tu servicio.<\/em><\/strong><br><strong><em>Haz que hoy cumpla con celo<br>el ministerio educativo<br>al que nos has consagrado.<br>Hazme perseverar hasta el fin<br>para alcanzar as\u00ed<br>la salvaci\u00f3n que nos<br>has prometido. Am\u00e9n<\/em><\/strong><\/p>\n\n\n\n<h4 class=\"wp-block-heading has-vivid-cyan-blue-color has-text-color\"><br><strong>Intenciones<\/strong><\/h4>\n\n\n\n<ul class=\"wp-block-list\">\n<li>Por el S\u00ednodo que se desarrolla en el Vaticano, buscando una Iglesia sinodal de comuni\u00f3n, participaci\u00f3n y misi\u00f3n.<\/li>\n\n\n\n<li>Por la familia menesiana del colegio San Pablo de Luj\u00e1n de Cuyo.<\/li>\n\n\n\n<li>Por la comunidad de Riimenze (Sud\u00e1n) y la de Velingara (Senegal).<\/li>\n\n\n\n<li>Por las vocaciones y las casas de formaci\u00f3n de Indonesia.<\/li>\n\n\n\n<li>Por las intenciones de la Novena.<\/li>\n<\/ul>\n\n\n\n<h4 class=\"wp-block-heading has-text-align-left has-vivid-cyan-blue-color has-text-color\"><br><strong>Constituciones 146 a<\/strong><\/h4>\n\n\n\n<p class=\"has-text-align-left\">El Consejo General estudia con fe y realismo las cuestiones que ata\u00f1en a la Congregaci\u00f3n, sobre todo, a las personas y a las obras. Establece las orientaciones Generales y, en el marco de las Constituciones, toma las decisiones que aseguren la buena marcha y la unidad del Instituto.<\/p>\n\n\n\n<h4 class=\"wp-block-heading has-vivid-cyan-blue-color has-text-color\"><br><strong>Al Hno. Andr\u00e9 Labousse, 24 de mayo de 1824<\/strong><\/h4>\n\n\n\n<p class=\"has-text-align-left\">S\u00e9 lo que debes y quieres ser, un verdadero religioso, y entonces gustar\u00e1s en el fondo del alma los consuelos, la paz y las alegr\u00edas celestiales.<br><\/p>\n\n\n\n<h4 class=\"wp-block-heading has-vivid-cyan-blue-color has-text-color\"><strong>Difunto <\/strong><\/h4>\n\n\n\n<p class=\"has-text-align-left\">1994: Andr\u00e9 Fontaine (\u00c9mery-Marie)<\/p>\n\n\n\n<p class=\"has-vivid-cyan-blue-background-color has-background\"><\/p>\n\n\n\n<h6 class=\"wp-block-heading has-text-align-left has-small-font-size\"><em><strong>EULALIA DUROCHER (1811-1849) fue una religiosa canadiense fundadora de la Congregaci\u00f3n de Hermanas de los Santos Nombres de Jes\u00fas y de Mar\u00eda. Siendo joven no pudo entrar a la vida religiosa por su fr\u00e1gil salud. Por eso se consagr\u00f3 como laica y se dedic\u00f3 a las obras de caridad. Ayudaba a su hermano que era p\u00e1rroco y acog\u00eda a sacerdotes y seminaristas. El obispo la envi\u00f3 a Longueuil paras fundar una comunidad dedicada a la educaci\u00f3n de los j\u00f3venes. En 1844, junto cos dos compa\u00f1eras, hizo su profesi\u00f3n religiosa. A la edad de 38 a\u00f1os, en 1949, falleci\u00f3. Fue beatificada por Juan Pablo II en 1982.<\/strong><\/em><\/h6>\n","protected":false},"excerpt":{"rendered":"<p>Oraci\u00f3n Se\u00f1or, que has dicho:Dejen que los ni\u00f1os vengan a M\u00ed.T\u00fa me has inspirado el deseode dedicar mi vidaa los ni\u00f1os y j\u00f3venespara llevarlos a Ti.D\u00edgnate bendecir mi vocaci\u00f3n,as\u00edsteme en mis trabajos de hoy,derrama sobre m\u00ed,sobre todos mis hermanosy sobre todos los que trabajamosen esta obra educativa,el esp\u00edritu de fortaleza,de caridad y de humildad,para que &hellip; <a href=\"https:\/\/menesianosoy.org\/index.php\/2023\/10\/01\/san-bruno-beata-maria-rosa-durocher-2\/\" class=\"more-link\">Continue reading<span class=\"screen-reader-text\"> \u00abSan Bruno \u2013 Beata Mar\u00eda Rosa Durocher\u00bb<\/span><\/a><\/p>\n","protected":false},"author":3,"featured_media":0,"comment_status":"closed","ping_status":"closed","sticky":false,"template":"","format":"standard","meta":{"_acf_changed":false,"footnotes":""},"categories":[3],"tags":[],"class_list":["post-4489","post","type-post","status-publish","format-standard","hentry","category-calendario"],"acf":[],"_links":{"self":[{"href":"https:\/\/menesianosoy.org\/index.php\/wp-json\/wp\/v2\/posts\/4489","targetHints":{"allow":["GET"]}}],"collection":[{"href":"https:\/\/menesianosoy.org\/index.php\/wp-json\/wp\/v2\/posts"}],"about":[{"href":"https:\/\/menesianosoy.org\/index.php\/wp-json\/wp\/v2\/types\/post"}],"author":[{"embeddable":true,"href":"https:\/\/menesianosoy.org\/index.php\/wp-json\/wp\/v2\/users\/3"}],"replies":[{"embeddable":true,"href":"https:\/\/menesianosoy.org\/index.php\/wp-json\/wp\/v2\/comments?post=4489"}],"version-history":[{"count":21,"href":"https:\/\/menesianosoy.org\/index.php\/wp-json\/wp\/v2\/posts\/4489\/revisions"}],"predecessor-version":[{"id":4609,"href":"https:\/\/menesianosoy.org\/index.php\/wp-json\/wp\/v2\/posts\/4489\/revisions\/4609"}],"wp:attachment":[{"href":"https:\/\/menesianosoy.org\/index.php\/wp-json\/wp\/v2\/media?parent=4489"}],"wp:term":[{"taxonomy":"category","embeddable":true,"href":"https:\/\/menesianosoy.org\/index.php\/wp-json\/wp\/v2\/categories?post=4489"},{"taxonomy":"post_tag","embeddable":true,"href":"https:\/\/menesianosoy.org\/index.php\/wp-json\/wp\/v2\/tags?post=4489"}],"curies":[{"name":"wp","href":"https:\/\/api.w.org\/{rel}","templated":true}]}}