{"id":4947,"date":"2023-10-11T09:19:30","date_gmt":"2023-10-11T12:19:30","guid":{"rendered":"https:\/\/menesianosoy.org\/?p=4947"},"modified":"2023-10-11T16:46:16","modified_gmt":"2023-10-11T19:46:16","slug":"san-calixto-papa-2","status":"publish","type":"post","link":"https:\/\/menesianosoy.org\/index.php\/2023\/10\/11\/san-calixto-papa-2\/","title":{"rendered":"San Calixto, papa"},"content":{"rendered":"\n<h4 class=\"wp-block-heading has-vivid-cyan-blue-color has-text-color\"><strong>Intenciones<\/strong><\/h4>\n\n\n\n<ul class=\"wp-block-list\">\n<li>Por los Hnos. Escol\u00e1sticos de la Congregaci\u00f3n<\/li>\n\n\n\n<li>Por la familia menesiana del Dionisio D\u00edaz de Maldonado y la comunidad de Kitovu (Uganda).<\/li>\n\n\n\n<li>Por el Cap\u00edtulo General<\/li>\n<\/ul>\n\n\n\n<p class=\"has-text-align-left has-vivid-cyan-blue-color has-text-color\"><br><strong>Directorio 6 c<\/strong><\/p>\n\n\n\n<p class=\"has-text-align-left\">La dimensi\u00f3n comunitaria de su vida y de su apostolado ayuda al Hermano en su camino personal hacia Dios. Es tambi\u00e9n garant\u00eda de verdadera libertad y de autenticidad en las opciones apost\u00f3licas.<\/p>\n\n\n\n<h4 class=\"wp-block-heading has-vivid-cyan-blue-color has-text-color\"><br><strong>A los sacerdotes de Saint-M\u00e9en. Serm\u00f3n  sobre la perfecci\u00f3n<\/strong><\/h4>\n\n\n\n<p>\u00a1Oh! \u00a1Qu\u00e9 hermosa es nuestra vocaci\u00f3n! \u00a1Qu\u00e9 alegr\u00eda para nosotros estar, de alguna manera, obligados a obrar a\u00fan mejor al d\u00eda siguiente, que el d\u00eda anterior!<\/p>\n\n\n\n<h4 class=\"wp-block-heading has-vivid-cyan-blue-color has-text-color\"><br><strong>Difuntos<\/strong><\/h4>\n\n\n\n<p>2000: Narciso Angulo (Cipriano). Naci\u00f3 en Comuni\u00f3n (\u00c1lava) el 30 de octubre de 1930. Trabaj\u00f3 en Argentina y Uruguay desde el a\u00f1o 1962 hasta el a\u00f1o 1999. Muri\u00f3 en Madrid.<br><br>2008: Ildefonso Garc\u00eda (Aureliano). Naci\u00f3 en Valtierra Albacastro (Burgos) el 24 de enero de 1920. Trabaj\u00f3 en Argentina y Uruguay desde el a\u00f1o 1950 hasta el a\u00f1o 1986. Muri\u00f3 en Bilbao.<\/p>\n\n\n\n<figure class=\"wp-block-image size-full\"><img loading=\"lazy\" decoding=\"async\" width=\"119\" height=\"162\" src=\"https:\/\/menesianosoy.org\/wp-content\/uploads\/2023\/10\/Aureliano.png\" alt=\"\" class=\"wp-image-4953\"\/><\/figure>\n\n\n\n<h5 class=\"wp-block-heading has-vivid-purple-color has-text-color\">H. Aureliano<\/h5>\n\n\n\n<figure class=\"wp-block-image size-full\"><img loading=\"lazy\" decoding=\"async\" width=\"159\" height=\"219\" src=\"https:\/\/menesianosoy.org\/wp-content\/uploads\/2023\/10\/Cipriano.png\" alt=\"\" class=\"wp-image-4954\"\/><\/figure>\n\n\n\n<h5 class=\"wp-block-heading has-vivid-purple-color has-text-color\">H. Cipriano<\/h5>\n\n\n\n<p><\/p>\n","protected":false},"excerpt":{"rendered":"<p>Intenciones Directorio 6 c La dimensi\u00f3n comunitaria de su vida y de su apostolado ayuda al Hermano en su camino personal hacia Dios. Es tambi\u00e9n garant\u00eda de verdadera libertad y de autenticidad en las opciones apost\u00f3licas. A los sacerdotes de Saint-M\u00e9en. Serm\u00f3n sobre la perfecci\u00f3n \u00a1Oh! \u00a1Qu\u00e9 hermosa es nuestra vocaci\u00f3n! \u00a1Qu\u00e9 alegr\u00eda para nosotros &hellip; <a href=\"https:\/\/menesianosoy.org\/index.php\/2023\/10\/11\/san-calixto-papa-2\/\" class=\"more-link\">Continue reading<span class=\"screen-reader-text\"> \u00abSan Calixto, papa\u00bb<\/span><\/a><\/p>\n","protected":false},"author":3,"featured_media":0,"comment_status":"closed","ping_status":"closed","sticky":false,"template":"","format":"standard","meta":{"_acf_changed":false,"footnotes":""},"categories":[3],"tags":[],"class_list":["post-4947","post","type-post","status-publish","format-standard","hentry","category-calendario"],"acf":[],"_links":{"self":[{"href":"https:\/\/menesianosoy.org\/index.php\/wp-json\/wp\/v2\/posts\/4947","targetHints":{"allow":["GET"]}}],"collection":[{"href":"https:\/\/menesianosoy.org\/index.php\/wp-json\/wp\/v2\/posts"}],"about":[{"href":"https:\/\/menesianosoy.org\/index.php\/wp-json\/wp\/v2\/types\/post"}],"author":[{"embeddable":true,"href":"https:\/\/menesianosoy.org\/index.php\/wp-json\/wp\/v2\/users\/3"}],"replies":[{"embeddable":true,"href":"https:\/\/menesianosoy.org\/index.php\/wp-json\/wp\/v2\/comments?post=4947"}],"version-history":[{"count":15,"href":"https:\/\/menesianosoy.org\/index.php\/wp-json\/wp\/v2\/posts\/4947\/revisions"}],"predecessor-version":[{"id":4968,"href":"https:\/\/menesianosoy.org\/index.php\/wp-json\/wp\/v2\/posts\/4947\/revisions\/4968"}],"wp:attachment":[{"href":"https:\/\/menesianosoy.org\/index.php\/wp-json\/wp\/v2\/media?parent=4947"}],"wp:term":[{"taxonomy":"category","embeddable":true,"href":"https:\/\/menesianosoy.org\/index.php\/wp-json\/wp\/v2\/categories?post=4947"},{"taxonomy":"post_tag","embeddable":true,"href":"https:\/\/menesianosoy.org\/index.php\/wp-json\/wp\/v2\/tags?post=4947"}],"curies":[{"name":"wp","href":"https:\/\/api.w.org\/{rel}","templated":true}]}}