{"id":5020,"date":"2023-10-12T09:19:32","date_gmt":"2023-10-12T12:19:32","guid":{"rendered":"https:\/\/menesianosoy.org\/?p=5020"},"modified":"2023-10-14T16:04:06","modified_gmt":"2023-10-14T19:04:06","slug":"domingo-28o-del-tiempo-durante-el-ano","status":"publish","type":"post","link":"https:\/\/menesianosoy.org\/index.php\/2023\/10\/12\/domingo-28o-del-tiempo-durante-el-ano\/","title":{"rendered":"Domingo 28\u00ba del tiempo durante el a\u00f1o"},"content":{"rendered":"\n<p class=\"has-text-align-left\"><em>Isa\u00edas 25, 6-10\u00aa<br>Salmo 22, 1-6<br>Filipenses 4, 12-14.19-20<\/em><\/p>\n\n\n\n<h4 class=\"wp-block-heading has-vivid-cyan-blue-color has-text-color\"><strong>Evangelio: Mateo 22, 1-14<\/strong><\/h4>\n\n\n\n<p class=\"has-text-align-left\"><strong><em>Jes\u00fas les habl\u00f3 otra vez en par\u00e1bolas, diciendo: <br>El Reino de los Cielos se parece a un rey que celebraba las bodas de su hijo. Envi\u00f3 entonces a sus servidores para avisar a los invitados, pero estos se negaron a ir.<br>De nuevo envi\u00f3 a otros servidores con el encargo de decir a los invitados: \u00abMi banquete est\u00e1 preparado; ya han sido matados mis terneros y mis mejores animales, y todo est\u00e1 a punto: Vengan a las bodas\u00bb. Pero ellos no tuvieron en cuenta la invitaci\u00f3n, y se fueron, uno a su campo, otro a su negocio; y los dem\u00e1s se apoderaron de los servidores, los maltrataron y los mataron.<br>Al enterarse, el rey se indign\u00f3 y envi\u00f3 a sus tropas para que acabaran con aquellos homicidas e incendiaran su ciudad. <br>Luego dijo a sus servidores: \u00abEl banquete nupcial est\u00e1 preparado, pero los invitados no eran dignos de \u00e9l. Salgan a los cruces de los caminos e inviten a todos los que encuentren\u00bb. <br>Los servidores salieron a los caminos y reunieron a todos los que encontraron, buenos y malos, y la sala nupcial se llen\u00f3 de convidados.<br>Cuando el rey entr\u00f3 para ver a los comensales, encontr\u00f3 a un hombre que no ten\u00eda el traje de fiesta. \u00abAmigo, le dijo, \u00bfc\u00f3mo has entrado aqu\u00ed sin el traje de fiesta?\u00bb. El otro permaneci\u00f3 en silencio.<br>Entonces el rey dijo a los guardias: \u00abAtenlo de pies y manos, y arr\u00f3jenlo afuera, a las tinieblas. All\u00ed habr\u00e1 llanto y rechinar de dientes\u00bb. Porque muchos son llamados, pero pocos son elegidos.<\/em><\/strong><\/p>\n\n\n\n<figure class=\"wp-block-image size-full\"><img loading=\"lazy\" decoding=\"async\" width=\"500\" height=\"236\" src=\"https:\/\/menesianosoy.org\/wp-content\/uploads\/2023\/10\/R-3.jpg\" alt=\"\" class=\"wp-image-5109\" srcset=\"https:\/\/menesianosoy.org\/wp-content\/uploads\/2023\/10\/R-3.jpg 500w, https:\/\/menesianosoy.org\/wp-content\/uploads\/2023\/10\/R-3-300x142.jpg 300w\" sizes=\"auto, (max-width: 500px) 85vw, 500px\" \/><\/figure>\n\n\n\n<h4 class=\"wp-block-heading has-vivid-cyan-blue-color has-text-color\"><br><strong>Palabra y realidad<\/strong><\/h4>\n\n\n\n<p class=\"has-text-align-left\">La misma situaci\u00f3n y el mismo esquema que el texto anterior (los vi\u00f1adores homicidas). El texto anterior presenta la imagen de la vi\u00f1a, hoy la del banquete.<br><br>Es un relato pol\u00e9mico que es dirigido a los referentes jud\u00edos (los sumos sacerdotes y los fariseos) por haber rechazado la salvaci\u00f3n que Dios les ofrece por medio de Jes\u00fas. Mateo se dirige a una comunidad que ten\u00eda que superar el trauma de la separaci\u00f3n de la religi\u00f3n jud\u00eda, y el peligro de repetir los mismos errores. Insiste en el tema de la universalidad, que tantos dolores de cabeza, les trajo a las primeras comunidades.<br><br>La primera lectura es una joyita. El profeta tiene que hablar a un pueblo que atraviesa la peor crisis de su historia. Lo hace con una visi\u00f3n de futuro muy l\u00facida. Usa un lenguaje simb\u00f3lico. La prueba est\u00e1 en que no solo habla de manjares exquisitos y vinos generosos, sino de quitar el velo (luto) de todos los pueblos, de alejar el oprobio y enjugar las l\u00e1grimas de todos los rostros, de aniquilar la muerte para siempre. En el AT, el banquete designa los tiempos mesi\u00e1nicos. Para Jes\u00fas significa el Reino de Dios. Es una met\u00e1fora para indicar que Dios llama a saciar todos los anhelos del ser humano.<br><br>Los primeros invitados (referentes religiosos de Israel) se negaron a participar de la boda. Pero el rey renueva la invitaci\u00f3n enviando a otros siervos, casi suplic\u00e1ndoles que se dignen participar: \u2018Miren, est\u00e1 todo a punto, vengan\u2019 (Mt, 22, 4). Pero, hacen caso omiso al detalle y se fueron cada uno a sus cosas e incluso a algunos los maltrataron y a otros los mataron. La reacci\u00f3n airada del rey no se hizo esperar.<br><br>Pero la novedad es que habr\u00e1 banquete a pesar de todo. Los invitados no se dignaron participar. Entonces, por tercera vez, dice a sus siervos que salgan, y en esta oportunidad que inviten a los que encuentren en los cruces de los caminos (forasteros y gente de mala reputaci\u00f3n, que no pertenecen a la ciudad, est\u00e1n fuera, tampoco son propiamente campesinos), a los que habitan las fronteras. \u00bfQu\u00e9 est\u00e1 diciendo Jes\u00fas? \u00bfSer\u00e1 as\u00ed el reino de Dios? \u00bfUna mesa abierta a todos sin condiciones: hombres y mujeres; puros e impuros; buenos y malos? \u00bfUna fiesta donde Dios se ver\u00e1 ro\u00addeado de gente que habita los cruces de caminos?<br><br>El mensaje es incre\u00edble, \u00a1Dios es as\u00ed! No quiere quedarse solo en medio de una \u2018sala vac\u00eda\u2019, aunque preparada para una gran fiesta. Su gozo es compartir con otros la misma mesa. Dios me invita a su mesa, no en el m\u00e1s all\u00e1.<br><br>Los primeros no quisieron. Es la hora de los pobres y despreciados, los indesea\u00adbles y pecadores. Es lo que hizo Jes\u00fas: compartir la mesa con los que la so\u00adciedad desprecia y margina. Y nuestra responsabilidad es hacer de la vida, aqu\u00ed y ahora, una fiesta para todos.<br><br>Nada m\u00e1s f\u00e1cil que decirse menesiano, que \u2018tengo la camiseta puesta\u2019, pero nada m\u00e1s dif\u00edcil que entrar en la din\u00e1mica relacional que implica vivir el seguimiento de Jes\u00fas al estilo de JMLM y GD. No basta pertenecer nominalmente a una comunidad educativa. Hay que vivir los valores y las actitudes que el carisma implica: el absoluto del Dios S\u00f3lo, la Providencia, la centralidad del alumnos, la pedagog\u00eda de los lazos y del \u00e1ngel, la comuni\u00f3n por sobre toda diferencia, la preferencia por los que habitan las fronteras, etc. El que se pone fuera de este encuadre, se queda fuera.&nbsp;<br><br>Dios llama a todos, hoy como ayer. La respuesta es de cada uno. El banquete es el mismo para todos, pero unos valoran m\u00e1s sus fincas y sus negocios y no les interesa. Todo el evangelio es una invitaci\u00f3n; si no respondemos que s\u00ed ya hemos dicho no. La par\u00e1bola de los dos hermanos, nos recordaba hace unos domingos, que solo es v\u00e1lida la respuesta de las obras.<br><br>Al entrar a la sala el rey nota que uno de los comensales no tiene el traje de bodas. La tradici\u00f3n dice que en este estilo de fiestas el anfitri\u00f3n entregaba a cada uno un traje de bodas (t\u00fanica). No vestirlo es haberse rehusado al gesto de hospitalidad y acogida, pero pretender ser parte de la fiesta. Ante la pregunta amiga del rey, el comensal guarda silencio. La consecuencia es obvia. Estamos invitados y s\u00f3lo tenemos que acoger, recibir, re-vestirnos, dejarnos\u2026 Negarnos, es decir no a la gratuidad del amor. Es otra manera de ponernos fuera de la fiesta.&nbsp;<\/p>\n\n\n\n<h4 class=\"wp-block-heading has-text-align-left has-vivid-cyan-blue-color has-text-color\"><br><strong>Lectura de los Lazos<\/strong><\/h4>\n\n\n\n<p class=\"has-text-align-left\">El Padre y nosotros: <br>Dios es relaci\u00f3n, es comuni\u00f3n, es Trinidad y ese es el estilo de relaciones que el Padre quiere tejer con nosotros. El Padre nos invita a la fiesta. No tenemos que llevar nada, s\u00f3lo ir, dignarnos a participar y celebrar con \u00e9l y los dem\u00e1s hermanos y hermanas con el traje que \u00e9l mismo nos proporciona. Nos invita, no obliga; aguarda la presencia de todos y cada uno. Ojal\u00e1 sea para nosotros la invitaci\u00f3n primera, pues es la m\u00e1s importante.&nbsp;&nbsp;&nbsp;<\/p>\n\n\n\n<h4 class=\"wp-block-heading has-text-align-left has-vivid-cyan-blue-color has-text-color\"><br><strong><em>El cielo para ti &#8211; Athenas<\/em><\/strong><\/h4>\n\n\n\n<figure class=\"wp-block-embed is-type-video is-provider-youtube wp-block-embed-youtube wp-embed-aspect-16-9 wp-has-aspect-ratio\"><div class=\"wp-block-embed__wrapper\">\n<iframe loading=\"lazy\" title=\"Athenas - El cielo para Ti (Videoclip Oficial de la Pel\u00edcula &quot;Coraz\u00f3n Ardiente&quot;) - M\u00daSICA CAT\u00d3LICA\" width=\"1140\" height=\"641\" src=\"https:\/\/www.youtube.com\/embed\/xgB8U0irJtQ?feature=oembed\" frameborder=\"0\" allow=\"accelerometer; autoplay; clipboard-write; encrypted-media; gyroscope; picture-in-picture; web-share\" allowfullscreen><\/iframe>\n<\/div><\/figure>\n\n\n\n<p class=\"has-text-align-left\">Aqu\u00ed est\u00e1 mi coraz\u00f3n,<br>ardiendo est\u00e1 en amor por ti.<br>Puedes vivir en m\u00ed<br>y yo vivir\u00e9 en ti.<br><br>No te pongo condici\u00f3n.<br>Misericordia encontrar\u00e1s.<br>Por ti yo ya pagu\u00e9<br>cuando en la cruz venc\u00ed.<br><br>Yo te amo, te anhelo.<br>Ac\u00e9rcate a m\u00ed, te quiero bendecir.<br>Yo te amo, te prometo<br>que mi coraz\u00f3n ser\u00e1 el Cielo para ti.<br><br>\u00bfQu\u00e9 es lo que esperas?<br>No dudes m\u00e1s.<br>Mi alegr\u00eda te quiero dar.<br>Puedes confiar en mi<br>sagrado coraz\u00f3n.<br><br>Mi coraz\u00f3n ardiendo est\u00e1.<br>Desborda perd\u00f3n, consuelo y paz.<br>Conf\u00eda en mi amor y lo ver\u00e1s.<br>Ya nada ser\u00e1 igual.<\/p>\n\n\n\n<h4 class=\"wp-block-heading has-text-align-center has-white-color has-vivid-cyan-blue-background-color has-text-color has-background\"><strong>Oraci\u00f3n por el Cap\u00edtulo General<\/strong><\/h4>\n\n\n\n<figure class=\"wp-block-image size-full\"><img decoding=\"async\" src=\"https:\/\/menesianosoy.org\/wp-content\/uploads\/2023\/10\/oracion-y-logo-1-4.jpg\" alt=\"\" class=\"wp-image-5039\"\/><\/figure>\n","protected":false},"excerpt":{"rendered":"<p>Isa\u00edas 25, 6-10\u00aaSalmo 22, 1-6Filipenses 4, 12-14.19-20 Evangelio: Mateo 22, 1-14 Jes\u00fas les habl\u00f3 otra vez en par\u00e1bolas, diciendo: El Reino de los Cielos se parece a un rey que celebraba las bodas de su hijo. Envi\u00f3 entonces a sus servidores para avisar a los invitados, pero estos se negaron a ir.De nuevo envi\u00f3 a &hellip; <a href=\"https:\/\/menesianosoy.org\/index.php\/2023\/10\/12\/domingo-28o-del-tiempo-durante-el-ano\/\" class=\"more-link\">Continue reading<span class=\"screen-reader-text\"> \u00abDomingo 28\u00ba del tiempo durante el a\u00f1o\u00bb<\/span><\/a><\/p>\n","protected":false},"author":3,"featured_media":0,"comment_status":"closed","ping_status":"closed","sticky":false,"template":"","format":"standard","meta":{"_acf_changed":false,"footnotes":""},"categories":[9],"tags":[],"class_list":["post-5020","post","type-post","status-publish","format-standard","hentry","category-evangelio"],"acf":[],"_links":{"self":[{"href":"https:\/\/menesianosoy.org\/index.php\/wp-json\/wp\/v2\/posts\/5020","targetHints":{"allow":["GET"]}}],"collection":[{"href":"https:\/\/menesianosoy.org\/index.php\/wp-json\/wp\/v2\/posts"}],"about":[{"href":"https:\/\/menesianosoy.org\/index.php\/wp-json\/wp\/v2\/types\/post"}],"author":[{"embeddable":true,"href":"https:\/\/menesianosoy.org\/index.php\/wp-json\/wp\/v2\/users\/3"}],"replies":[{"embeddable":true,"href":"https:\/\/menesianosoy.org\/index.php\/wp-json\/wp\/v2\/comments?post=5020"}],"version-history":[{"count":16,"href":"https:\/\/menesianosoy.org\/index.php\/wp-json\/wp\/v2\/posts\/5020\/revisions"}],"predecessor-version":[{"id":5110,"href":"https:\/\/menesianosoy.org\/index.php\/wp-json\/wp\/v2\/posts\/5020\/revisions\/5110"}],"wp:attachment":[{"href":"https:\/\/menesianosoy.org\/index.php\/wp-json\/wp\/v2\/media?parent=5020"}],"wp:term":[{"taxonomy":"category","embeddable":true,"href":"https:\/\/menesianosoy.org\/index.php\/wp-json\/wp\/v2\/categories?post=5020"},{"taxonomy":"post_tag","embeddable":true,"href":"https:\/\/menesianosoy.org\/index.php\/wp-json\/wp\/v2\/tags?post=5020"}],"curies":[{"name":"wp","href":"https:\/\/api.w.org\/{rel}","templated":true}]}}