{"id":5565,"date":"2023-10-21T18:34:56","date_gmt":"2023-10-21T21:34:56","guid":{"rendered":"https:\/\/menesianosoy.org\/?p=5565"},"modified":"2023-10-25T09:25:27","modified_gmt":"2023-10-25T12:25:27","slug":"beato-jose-gregorio-hernandez-2","status":"publish","type":"post","link":"https:\/\/menesianosoy.org\/index.php\/2023\/10\/21\/beato-jose-gregorio-hernandez-2\/","title":{"rendered":"Beato Jos\u00e9 Gregorio Hern\u00e1ndez"},"content":{"rendered":"\n<h4 class=\"wp-block-heading has-text-align-left has-vivid-cyan-blue-color has-text-color\"><br><strong><em>Oraci\u00f3n<\/em><\/strong><\/h4>\n\n\n\n<p class=\"has-text-align-left\"><em>Padre bueno,<br>te doy gracias por la vida,<br>regalo de tu amor.<br>Haz que la comparta con todos:<br>con mis hermanos,<br>con mi familia,<br>con mis amigos,<br>tejiendo lazos como lo hizo Jes\u00fas.<br>Env\u00edame tu Esp\u00edritu Santo<br>para descubrir lo que quieres de m\u00ed.<br>Hazme cada d\u00eda m\u00e1s parecido a tu Hijo:<br>que sus sentimientos<br>sean mis sentimientos,<br>que sus pensamientos<br>sean mis pensamientos,<br>que su proyecto sea mi proyecto,<br>que ame como \u00c9l am\u00f3.<br>Como a Mar\u00eda, Padre Bueno,<br>conc\u00e9denos a todos<br>un coraz\u00f3n d\u00f3cil a tu Palabra.<br>Am\u00e9n<\/em><\/p>\n\n\n\n<h4 class=\"wp-block-heading has-text-align-left has-vivid-cyan-blue-color has-text-color\"><br><strong><em>Intenciones<\/em><\/strong><\/h4>\n\n\n\n<ul class=\"wp-block-list\">\n<li>Por la reuni\u00f3n del Consejo y del Equipo de Misi\u00f3n en Uruguay.<\/li>\n\n\n\n<li>Por las vocaciones menesianas en nuestro distrito y por la casa de formaci\u00f3n de El Alto.<\/li>\n\n\n\n<li>Por la familia menesiana del colegio Teodelina de Villa G. G\u00e1lvez.<\/li>\n\n\n\n<li>Por las vocaciones y los formadores de Costa de Marfil.<\/li>\n\n\n\n<li>Por el pr\u00f3ximo Cap\u00edtulo general y el S\u00ednodo.<\/li>\n\n\n\n<li>Por la paz en el mundo.<\/li>\n<\/ul>\n\n\n\n<h4 class=\"wp-block-heading has-text-align-left has-vivid-cyan-blue-color has-text-color\"><br><strong><em>Directorio 84 c<\/em><\/strong><\/h4>\n\n\n\n<p class=\"has-text-align-left\">Cuando por imposibilidad la Comunidad se vea privada de la misa, se invita a los Hermanos a celebrar una liturgia de la Palabra con comuni\u00f3n sacramental.<\/p>\n\n\n\n<h4 class=\"wp-block-heading has-vivid-cyan-blue-color has-text-color\"><br><strong><em>Memorial p\u00e1g. 5<\/em><\/strong><\/h4>\n\n\n\n<p class=\"has-text-align-left\">Cuando entra en el coraz\u00f3n, la verdad produce en primer lugar desasosiego; cuando reina en el fondo del alma, es entonces cuando la paz de Dios viene a vivir con ella.<\/p>\n\n\n\n<h4 class=\"wp-block-heading has-text-align-left has-vivid-cyan-blue-color has-text-color\"><br><strong><em>Difuntos<\/em><\/strong><\/h4>\n\n\n\n<p class=\"has-text-align-left\">2017: <strong><em>Wenceslao Molina<\/em><\/strong>. Mendocino de origen, hizo su primera profesi\u00f3n en el a\u00f1o 1988. Trabaj\u00f3 en Argentina y Uruguay hasta su muerte en Luj\u00e1n de Cuyo.<br><br>1995: Guy Parrot (Omer)<br>1996: Emmanuel Moal (Dizier)<\/p>\n\n\n\n<h5 class=\"wp-block-heading has-text-align-left has-black-color has-text-color\"><br><strong><em>Hno. Wences<\/em><\/strong><\/h5>\n\n\n\n<figure class=\"wp-block-image size-full\"><img decoding=\"async\" src=\"https:\/\/menesianosoy.org\/wp-content\/uploads\/2023\/10\/Wenceslao.jpg\" alt=\"\" class=\"wp-image-5566\"\/><\/figure>\n\n\n\n<p class=\"has-vivid-cyan-blue-background-color has-background\"><\/p>\n\n\n\n<h5 class=\"wp-block-heading has-text-align-left has-small-font-size\">Beato JOS\u00c9 GREGORIO HERN\u00c1NDEZ (1864-1919) Fue un m\u00e9dico, cient\u00edfico, profesor, fil\u00e1ntropo de vocaci\u00f3n cat\u00f3lica, y franciscano seglar venezolano,\u200b declarado beato por la Iglesia cat\u00f3lica. Estudi\u00f3 en Caracas donde se recibi\u00f3 de doctor. Le ofrecieron quedarse en la capital, pero prefiri\u00f3 volver a su peque\u00f1o pueblo, para ofrecer sus conocimientos de medicina a la poblaci\u00f3n del lugar. En 1889, por recomendaci\u00f3n del presidente del pa\u00eds, recibi\u00f3 una beca para perfeccionarse en Francia. Al regresar le dieron varias c\u00e1tedras en la Universidad Central de Venezuela en donde trabaj\u00f3 hasta su muerte. Fue beatificado en el a\u00f1o 2020 por el papa Francisco.<\/h5>\n","protected":false},"excerpt":{"rendered":"<p>Oraci\u00f3n Padre bueno,te doy gracias por la vida,regalo de tu amor.Haz que la comparta con todos:con mis hermanos,con mi familia,con mis amigos,tejiendo lazos como lo hizo Jes\u00fas.Env\u00edame tu Esp\u00edritu Santopara descubrir lo que quieres de m\u00ed.Hazme cada d\u00eda m\u00e1s parecido a tu Hijo:que sus sentimientossean mis sentimientos,que sus pensamientossean mis pensamientos,que su proyecto sea mi &hellip; <a href=\"https:\/\/menesianosoy.org\/index.php\/2023\/10\/21\/beato-jose-gregorio-hernandez-2\/\" class=\"more-link\">Continue reading<span class=\"screen-reader-text\"> \u00abBeato Jos\u00e9 Gregorio Hern\u00e1ndez\u00bb<\/span><\/a><\/p>\n","protected":false},"author":3,"featured_media":0,"comment_status":"closed","ping_status":"closed","sticky":false,"template":"","format":"standard","meta":{"_acf_changed":false,"footnotes":""},"categories":[3],"tags":[],"class_list":["post-5565","post","type-post","status-publish","format-standard","hentry","category-calendario"],"acf":[],"_links":{"self":[{"href":"https:\/\/menesianosoy.org\/index.php\/wp-json\/wp\/v2\/posts\/5565","targetHints":{"allow":["GET"]}}],"collection":[{"href":"https:\/\/menesianosoy.org\/index.php\/wp-json\/wp\/v2\/posts"}],"about":[{"href":"https:\/\/menesianosoy.org\/index.php\/wp-json\/wp\/v2\/types\/post"}],"author":[{"embeddable":true,"href":"https:\/\/menesianosoy.org\/index.php\/wp-json\/wp\/v2\/users\/3"}],"replies":[{"embeddable":true,"href":"https:\/\/menesianosoy.org\/index.php\/wp-json\/wp\/v2\/comments?post=5565"}],"version-history":[{"count":7,"href":"https:\/\/menesianosoy.org\/index.php\/wp-json\/wp\/v2\/posts\/5565\/revisions"}],"predecessor-version":[{"id":5808,"href":"https:\/\/menesianosoy.org\/index.php\/wp-json\/wp\/v2\/posts\/5565\/revisions\/5808"}],"wp:attachment":[{"href":"https:\/\/menesianosoy.org\/index.php\/wp-json\/wp\/v2\/media?parent=5565"}],"wp:term":[{"taxonomy":"category","embeddable":true,"href":"https:\/\/menesianosoy.org\/index.php\/wp-json\/wp\/v2\/categories?post=5565"},{"taxonomy":"post_tag","embeddable":true,"href":"https:\/\/menesianosoy.org\/index.php\/wp-json\/wp\/v2\/tags?post=5565"}],"curies":[{"name":"wp","href":"https:\/\/api.w.org\/{rel}","templated":true}]}}