{"id":5580,"date":"2023-10-22T10:31:33","date_gmt":"2023-10-22T13:31:33","guid":{"rendered":"https:\/\/menesianosoy.org\/?p=5580"},"modified":"2023-10-25T09:20:36","modified_gmt":"2023-10-25T12:20:36","slug":"pedro-ortiz-de-zarate-y-juan-antonio-solinas","status":"publish","type":"post","link":"https:\/\/menesianosoy.org\/index.php\/2023\/10\/22\/pedro-ortiz-de-zarate-y-juan-antonio-solinas\/","title":{"rendered":"Pedro Ortiz de Z\u00e1rate y Juan Antonio Solinas"},"content":{"rendered":"\n<p class=\"has-text-align-left\"><em>Romanos 7, 18-25<br>Salmo 118, 66.68.76-77. 93-94<\/em><\/p>\n\n\n\n<h4 class=\"wp-block-heading has-text-align-left has-vivid-cyan-blue-color has-text-color\"><strong>Evangelio: Lucas 12, 54-59<\/strong><\/h4>\n\n\n\n<p class=\"has-text-align-left\"><em style=\"\"><b>Jes\u00fas dijo a la multitud: Cuando ven que una nube se levanta en occidente, ustedes dicen en seguida que va a llover, y as\u00ed sucede.<br>Y cuando sopla viento del sur, dicen que har\u00e1 calor, y as\u00ed sucede.<br>\u00a1Hip\u00f3critas! Ustedes saben discernir el aspecto de la tierra y del cielo. <\/b><\/em><strong><em>\u00bfC\u00f3mo entonces no saben discernir el tiempo presente?<br>\u00bfPor qu\u00e9 no juzgan ustedes mismos lo que es justo?<\/em><\/strong><br><br><strong><em>Cuando vas con tu adversario a presentarte ante el magistrado, trata de llegar a un acuerdo con \u00e9l en el camino, no sea que el adversario te lleve ante el juez, y el juez te entregue al guardia, y este te ponga en la c\u00e1rcel. Te aseguro que no saldr\u00e1s de all\u00ed hasta que hayas pagado el \u00faltimo centavo.<\/em><\/strong><\/p>\n\n\n\n<div class=\"wp-block-cover is-light\"><span aria-hidden=\"true\" class=\"wp-block-cover__background has-background-dim\"><\/span><img loading=\"lazy\" decoding=\"async\" width=\"500\" height=\"312\" class=\"wp-block-cover__image-background wp-image-5588\" alt=\"\" src=\"https:\/\/menesianosoy.org\/wp-content\/uploads\/2023\/10\/phones_1_1.jpg\" data-object-fit=\"cover\" srcset=\"https:\/\/menesianosoy.org\/wp-content\/uploads\/2023\/10\/phones_1_1.jpg 500w, https:\/\/menesianosoy.org\/wp-content\/uploads\/2023\/10\/phones_1_1-300x187.jpg 300w\" sizes=\"auto, (max-width: 500px) 85vw, 500px\" \/><div class=\"wp-block-cover__inner-container is-layout-flow wp-block-cover-is-layout-flow\">\n<p class=\"has-text-align-center has-large-font-size\"><\/p>\n\n\n\n<p><\/p>\n\n\n\n<p><\/p>\n\n\n\n<p><\/p>\n\n\n\n<p><\/p>\n\n\n\n<h4 class=\"wp-block-heading has-text-align-left has-white-color has-text-color\">Distra\u00eddos<\/h4>\n<\/div><\/div>\n\n\n\n<p class=\"has-text-align-left\"><br>La lectura de los signos de la naturaleza es una experiencia universal: Decimos que va a hacer calor, pronosticamos la lluvia o la nieve, o por el comportamiento de algunos insectos afirmamos que cambiar\u00e1 el clima. Y eso que hoy estamos muy mediados por la tecnolog\u00eda. En tiempos de Jes\u00fas todo era a base de observaci\u00f3n personal. Jes\u00fas les reconoce a sus compatriotas esta habilidad.<br><br>Pero parece que eran ciegos para interpretar otro tipo de manifestaciones, presentes en sus vidas, pero que pasaban desapercibidas: El Hijo de Dios est\u00e1 entre ellos y no lo ven. El Reino est\u00e1 llegando y no se enteran. Dios les est\u00e1 pidiendo un cambio de vida y su pedido no tiene eco alguno. Jes\u00fas se cansa de ense\u00f1arles sobre la necesidad del amor, la reconciliaci\u00f3n, la b\u00fasqueda de la justicia, pero son temas que no parecen preocupar demasiado a los contempor\u00e1neos del Se\u00f1or.<br><br>Dios sigue hablando hoy. Seamos buenos en el arte de escuchar su mensaje, meditarlo y ponerlo en pr\u00e1ctica. Pidamos la luz del Esp\u00edritu para que no dejemos pasar los signos que nos hablan del querer de Dios.<\/p>\n\n\n\n<h4 class=\"wp-block-heading has-text-align-left has-vivid-cyan-blue-color has-text-color\"><br><strong>M\u00e1xima<\/strong><\/h4>\n\n\n\n<p><strong><em>Dios se manifiesta entre nosotros<\/em><\/strong><\/p>\n\n\n\n<h4 class=\"wp-block-heading has-vivid-cyan-blue-color has-text-color\"><br><strong>Palabras de Juan Mar\u00eda<\/strong><\/h4>\n\n\n\n<p class=\"has-text-align-left\"><img decoding=\"async\" class=\"wp-image-618\" style=\"width: 150px;\" src=\"https:\/\/menesianosoy.org\/wp-content\/uploads\/2023\/08\/j.png\" alt=\"\"><br><em>Tengan cuidado con confundir la voz de Dios con la de sus deseos; y a fin de discernir la una de la otra, recen mucho y som\u00e9tanse al juicio de aqu\u00e9llos que tienen la gracia para distinguir las impresiones que vienen del cielo, de las impresiones que son producidas por el esp\u00edritu de mentira que se transforma, a menudo, en \u00e1ngel de luz para seducirlos\u201d (S VII p.2286)<\/em><\/p>\n\n\n\n<h4 class=\"wp-block-heading has-vivid-cyan-blue-color has-text-color\"><br><strong><em>Dame tus ojos &#8211; Marcela Gandara<\/em><\/strong><\/h4>\n\n\n\n<figure class=\"wp-block-embed is-type-video is-provider-youtube wp-block-embed-youtube wp-embed-aspect-16-9 wp-has-aspect-ratio\"><div class=\"wp-block-embed__wrapper\">\n<iframe loading=\"lazy\" title=\"Marcela Gandara- Dame tus ojos \/ Letra\" width=\"1140\" height=\"641\" src=\"https:\/\/www.youtube.com\/embed\/SPasPtPq5cc?feature=oembed\" frameborder=\"0\" allow=\"accelerometer; autoplay; clipboard-write; encrypted-media; gyroscope; picture-in-picture; web-share\" allowfullscreen><\/iframe>\n<\/div><\/figure>\n\n\n\n<p class=\"has-text-align-left\">Dame tus ojos, quiero ver.<br>Dame tus palabras, quiero hablar.<br>Dame tu parecer.<br>Dame tus pies, yo quiero ir.<br>Dame tus deseos para sentir.<br>Dame tu parecer.<br>Dame lo que necesito<br>para ser como T\u00fa.<br><br>Dame tu voz, dame tu aliento,<br>toma mi tiempo es para ti<br>Dame el camino que debo seguir.<br>Dame tus sue\u00f1os, tus anhelos,<br>tus pensamientos, tu sentir.<br>Dame tu vida para vivir.<br><br>D\u00e9jame ver lo que T\u00fa ves.<br>Dame de tu gracia, tu poder.<br>Dame tu coraz\u00f3n.<br>D\u00e9jame ver en tu interior<br>para ser cambiado por tu amor.<br>Dame tu coraz\u00f3n.<br><br>Dame lo que necesito<br>para ser como T\u00fa.<br><br>Dame tus ojos, quiero ver.<br>Dame tu parecer.<\/p>\n\n\n\n<p class=\"has-vivid-purple-background-color has-background\"><\/p>\n\n\n\n<figure class=\"wp-block-image size-full\"><img decoding=\"async\" src=\"https:\/\/menesianosoy.org\/wp-content\/uploads\/2023\/10\/Oracion-p-el-capitulo-2.jpg\" alt=\"\" class=\"wp-image-5667\"\/><\/figure>\n","protected":false},"excerpt":{"rendered":"<p>Romanos 7, 18-25Salmo 118, 66.68.76-77. 93-94 Evangelio: Lucas 12, 54-59 Jes\u00fas dijo a la multitud: Cuando ven que una nube se levanta en occidente, ustedes dicen en seguida que va a llover, y as\u00ed sucede.Y cuando sopla viento del sur, dicen que har\u00e1 calor, y as\u00ed sucede.\u00a1Hip\u00f3critas! Ustedes saben discernir el aspecto de la tierra &hellip; <a href=\"https:\/\/menesianosoy.org\/index.php\/2023\/10\/22\/pedro-ortiz-de-zarate-y-juan-antonio-solinas\/\" class=\"more-link\">Continue reading<span class=\"screen-reader-text\"> \u00abPedro Ortiz de Z\u00e1rate y Juan Antonio Solinas\u00bb<\/span><\/a><\/p>\n","protected":false},"author":3,"featured_media":0,"comment_status":"closed","ping_status":"closed","sticky":false,"template":"","format":"standard","meta":{"_acf_changed":false,"footnotes":""},"categories":[9],"tags":[],"class_list":["post-5580","post","type-post","status-publish","format-standard","hentry","category-evangelio"],"acf":[],"_links":{"self":[{"href":"https:\/\/menesianosoy.org\/index.php\/wp-json\/wp\/v2\/posts\/5580","targetHints":{"allow":["GET"]}}],"collection":[{"href":"https:\/\/menesianosoy.org\/index.php\/wp-json\/wp\/v2\/posts"}],"about":[{"href":"https:\/\/menesianosoy.org\/index.php\/wp-json\/wp\/v2\/types\/post"}],"author":[{"embeddable":true,"href":"https:\/\/menesianosoy.org\/index.php\/wp-json\/wp\/v2\/users\/3"}],"replies":[{"embeddable":true,"href":"https:\/\/menesianosoy.org\/index.php\/wp-json\/wp\/v2\/comments?post=5580"}],"version-history":[{"count":13,"href":"https:\/\/menesianosoy.org\/index.php\/wp-json\/wp\/v2\/posts\/5580\/revisions"}],"predecessor-version":[{"id":5668,"href":"https:\/\/menesianosoy.org\/index.php\/wp-json\/wp\/v2\/posts\/5580\/revisions\/5668"}],"wp:attachment":[{"href":"https:\/\/menesianosoy.org\/index.php\/wp-json\/wp\/v2\/media?parent=5580"}],"wp:term":[{"taxonomy":"category","embeddable":true,"href":"https:\/\/menesianosoy.org\/index.php\/wp-json\/wp\/v2\/categories?post=5580"},{"taxonomy":"post_tag","embeddable":true,"href":"https:\/\/menesianosoy.org\/index.php\/wp-json\/wp\/v2\/tags?post=5580"}],"curies":[{"name":"wp","href":"https:\/\/api.w.org\/{rel}","templated":true}]}}