{"id":5592,"date":"2023-10-22T10:45:28","date_gmt":"2023-10-22T13:45:28","guid":{"rendered":"https:\/\/menesianosoy.org\/?p=5592"},"modified":"2023-10-25T09:25:48","modified_gmt":"2023-10-25T12:25:48","slug":"pedro-ortiz-de-zarate-y-juan-antonio-solinas-2","status":"publish","type":"post","link":"https:\/\/menesianosoy.org\/index.php\/2023\/10\/22\/pedro-ortiz-de-zarate-y-juan-antonio-solinas-2\/","title":{"rendered":"Pedro Ortiz de Z\u00e1rate y Juan Antonio Solinas"},"content":{"rendered":"\n<h4 class=\"wp-block-heading has-vivid-cyan-blue-color has-text-color\"><strong><em>Oraci\u00f3n<\/em><\/strong><\/h4>\n\n\n\n<p class=\"has-text-align-left\"><em><strong>Se\u00f1or, haz que escuche<br>los llamados que vienen de los hombres.<br>Se\u00f1or, haz que escuche<br>los gritos de los ni\u00f1os y j\u00f3venes&nbsp;<br>que vienen de la vida y de la historia&nbsp;<br>que van tejiendo a nuestro lado.<br>Se\u00f1or, haz que vea&nbsp;todo con ojos nuevos,&nbsp;<br>con coraz\u00f3n de entra\u00f1able misericordia.<br>Se\u00f1or haz que vea&nbsp;<br>y que avive mi pasi\u00f3n por los ni\u00f1os,&nbsp;<br>por los j\u00f3venes y por todos&nbsp;<br>los que est\u00e1n sedientos&nbsp;<br>de presencia y cercan\u00eda.<br>Se\u00f1or haz que vea&nbsp;<br>y que como Juan Mar\u00eda&nbsp;<br>tenga los ojos bien abiertos&nbsp;<br>para ir a la frontera, al extremo,&nbsp;<br>donde nadie alcanza,&nbsp;<br>porque desde all\u00ed llegan&nbsp;<br>las voces m\u00e1s apremiantes&nbsp;<br>de los hombres que nos convocan&nbsp;<br>y provocan.<\/strong><\/em><\/p>\n\n\n\n<h4 class=\"wp-block-heading has-text-align-left has-vivid-cyan-blue-color has-text-color\"><br><strong><em>Intenciones<\/em><\/strong><\/h4>\n\n\n\n<ul class=\"wp-block-list\">\n<li>Por la reuni\u00f3n del Consejo y del Equipo de Misi\u00f3n.<\/li>\n\n\n\n<li>Por la familia menesiana del colegio Cardenal Copello de Buenos Aires.<\/li>\n\n\n\n<li>Por la comunidad de Rubaga (Uganda).<\/li>\n\n\n\n<li>Por el cumplea\u00f1os del H. Edesio Guti\u00e9rrez, de la comunidad de Madrid.<\/li>\n\n\n\n<li>Por la paz en el mundo.<\/li>\n\n\n\n<li>Por el pr\u00f3ximo Cap\u00edtulo General.<\/li>\n<\/ul>\n\n\n\n<h4 class=\"wp-block-heading has-text-align-left has-vivid-cyan-blue-color has-text-color\"><br><strong><em>Directorio 84 d<\/em><\/strong><\/h4>\n\n\n\n<p class=\"has-text-align-left\">Las visitas personales al Sant\u00edsimo Sacramento son una prueba de gratitud, una se\u00f1al de amor y un homenaje de la adoraci\u00f3n que le es debida.<\/p>\n\n\n\n<h4 class=\"wp-block-heading has-text-align-left has-vivid-cyan-blue-color has-text-color\"><br><em><strong>Instrucciones a los Hermanos de Guadalupe, 26 de noviembre 1837<\/strong><\/em><\/h4>\n\n\n\n<p class=\"has-text-align-left\">Los Hermanos, profundamente convencidos de la grandeza y de la santidad de su misi\u00f3n, no descuidar\u00e1n nada para realizarla, y cualquier sacrifico, incluso el de la propia vida, no les parecer\u00e1 doloroso en su cumplimiento.<\/p>\n\n\n\n<h4 class=\"wp-block-heading has-vivid-cyan-blue-color has-text-color\"><br><strong><em>Difuntos<\/em><\/strong><\/h4>\n\n\n\n<p class=\"has-text-align-left\">1954: Basile Ferland<br>1964: Dacien Le May<\/p>\n\n\n\n<p class=\"has-vivid-purple-background-color has-background\"><\/p>\n\n\n\n<h5 class=\"wp-block-heading has-text-align-left has-small-font-size\">El juje\u00f1o Pedro Ort\u00edz de Z\u00e1rate (1622-1683) y el italiano Juan Antonio Solinas (1643-1683) fueron masacrados por ind\u00edgenas mocov\u00edes y tobas el 27 de octubre de 1683 en el Valle del Zenta, cerca de la localidad de Or\u00e1n, donde evangelizaban la regi\u00f3n del chaco salte\u00f1o argentino. Junto a ellos encontraron la muerte 18 laicos de los que no se conservaron sus nombres. El padre Solinas era oriundo de Cerde\u00f1a. Entr\u00f3 con los Jesuitas a los 20 a\u00f1os y fue enviado como misionero a Am\u00e9rica del Sur, para evangelizar los pueblos originarios de la regi\u00f3n chaque\u00f1a. Pedro Ortiz pertenec\u00eda a una rica familia de Jujuy. Se cas\u00f3, tuvo 2 hijos y ocup\u00f3 cargos importantes en la provincia. Cuando muri\u00f3 su esposa, entr\u00f3 al seminario de C\u00f3rdoba. Ordenado, fue a evangelizar al Chaco, donde encontr\u00f3 la muerte. Los dos fueron beatificados el 2 de julio del 2022.<\/h5>\n","protected":false},"excerpt":{"rendered":"<p>Oraci\u00f3n Se\u00f1or, haz que escuchelos llamados que vienen de los hombres.Se\u00f1or, haz que escuchelos gritos de los ni\u00f1os y j\u00f3venes&nbsp;que vienen de la vida y de la historia&nbsp;que van tejiendo a nuestro lado.Se\u00f1or, haz que vea&nbsp;todo con ojos nuevos,&nbsp;con coraz\u00f3n de entra\u00f1able misericordia.Se\u00f1or haz que vea&nbsp;y que avive mi pasi\u00f3n por los ni\u00f1os,&nbsp;por los j\u00f3venes &hellip; <a href=\"https:\/\/menesianosoy.org\/index.php\/2023\/10\/22\/pedro-ortiz-de-zarate-y-juan-antonio-solinas-2\/\" class=\"more-link\">Continue reading<span class=\"screen-reader-text\"> \u00abPedro Ortiz de Z\u00e1rate y Juan Antonio Solinas\u00bb<\/span><\/a><\/p>\n","protected":false},"author":3,"featured_media":0,"comment_status":"closed","ping_status":"closed","sticky":false,"template":"","format":"standard","meta":{"_acf_changed":false,"footnotes":""},"categories":[3],"tags":[],"class_list":["post-5592","post","type-post","status-publish","format-standard","hentry","category-calendario"],"acf":[],"_links":{"self":[{"href":"https:\/\/menesianosoy.org\/index.php\/wp-json\/wp\/v2\/posts\/5592","targetHints":{"allow":["GET"]}}],"collection":[{"href":"https:\/\/menesianosoy.org\/index.php\/wp-json\/wp\/v2\/posts"}],"about":[{"href":"https:\/\/menesianosoy.org\/index.php\/wp-json\/wp\/v2\/types\/post"}],"author":[{"embeddable":true,"href":"https:\/\/menesianosoy.org\/index.php\/wp-json\/wp\/v2\/users\/3"}],"replies":[{"embeddable":true,"href":"https:\/\/menesianosoy.org\/index.php\/wp-json\/wp\/v2\/comments?post=5592"}],"version-history":[{"count":10,"href":"https:\/\/menesianosoy.org\/index.php\/wp-json\/wp\/v2\/posts\/5592\/revisions"}],"predecessor-version":[{"id":5807,"href":"https:\/\/menesianosoy.org\/index.php\/wp-json\/wp\/v2\/posts\/5592\/revisions\/5807"}],"wp:attachment":[{"href":"https:\/\/menesianosoy.org\/index.php\/wp-json\/wp\/v2\/media?parent=5592"}],"wp:term":[{"taxonomy":"category","embeddable":true,"href":"https:\/\/menesianosoy.org\/index.php\/wp-json\/wp\/v2\/categories?post=5592"},{"taxonomy":"post_tag","embeddable":true,"href":"https:\/\/menesianosoy.org\/index.php\/wp-json\/wp\/v2\/tags?post=5592"}],"curies":[{"name":"wp","href":"https:\/\/api.w.org\/{rel}","templated":true}]}}