{"id":5834,"date":"2023-10-30T15:54:37","date_gmt":"2023-10-30T18:54:37","guid":{"rendered":"https:\/\/menesianosoy.org\/?p=5834"},"modified":"2023-10-31T21:54:20","modified_gmt":"2023-11-01T00:54:20","slug":"fiesta-de-todos-los-santos","status":"publish","type":"post","link":"https:\/\/menesianosoy.org\/index.php\/2023\/10\/30\/fiesta-de-todos-los-santos\/","title":{"rendered":"Fiesta de Todos los Santos"},"content":{"rendered":"\n<p class=\"has-text-align-left\"><strong><em>Mes de NOVIEMBRE:<\/em><\/strong><\/p>\n\n\n\n<h5 class=\"wp-block-heading has-vivid-purple-color has-text-color\"><strong><em>Consagrado a las almas del purgatorio<\/em><\/strong><\/h5>\n\n\n\n<p class=\"has-text-align-left\"><strong><em>Oremos por el Papa, para que en el ejercicio de su misi\u00f3n siga acompa\u00f1ando en la fe a la grey que le ha sido encomendada, con la ayuda del Esp\u00edritu Santo.<\/em><\/strong><\/p>\n\n\n\n<h5 class=\"wp-block-heading has-text-align-left has-vivid-red-color has-text-color\"><strong><em>Seguimos pidiendo por nuestros enfermos y por la beatificaci\u00f3n de Juan Mar\u00eda<\/em><\/strong><\/h5>\n\n\n\n<h3 class=\"wp-block-heading has-text-align-left has-vivid-purple-color has-text-color\"><br><strong><em>Fiesta de Todos los Santos<\/em><\/strong><br><img loading=\"lazy\" decoding=\"async\" width=\"300\" height=\"225\" class=\"wp-image-5888\" style=\"width: 300px;\" src=\"https:\/\/menesianosoy.org\/wp-content\/uploads\/2023\/10\/R-8.jpg\" alt=\"\" srcset=\"https:\/\/menesianosoy.org\/wp-content\/uploads\/2023\/10\/R-8.jpg 500w, https:\/\/menesianosoy.org\/wp-content\/uploads\/2023\/10\/R-8-300x225.jpg 300w\" sizes=\"auto, (max-width: 300px) 85vw, 300px\" \/><\/h3>\n\n\n\n<h4 class=\"wp-block-heading has-text-align-left has-luminous-vivid-orange-color has-text-color\"><br><strong><em>Lecturas del d\u00eda<\/em><\/strong>:<\/h4>\n\n\n\n<p><em>Apocalipsis 7, 2-4. 9-14<br>Salmo 23, 1-6<br>1\u00aa Juan 3, 1-3<\/em><\/p>\n\n\n\n<h4 class=\"wp-block-heading has-text-align-left has-vivid-cyan-blue-color has-text-color\"><br><strong>Evangelio: Mateo 4, 25-5,12<\/strong><\/h4>\n\n\n\n<p class=\"has-text-align-left\"><strong><em>Al ver a la multitud, Jes\u00fas subi\u00f3 a la monta\u00f1a, se sent\u00f3, y sus disc\u00edpulos se acercaron a \u00e9l.<br>Entonces tom\u00f3 la palabra y comenz\u00f3 a ense\u00f1arles, diciendo:<br>Felices los que tienen alma de pobres, porque a ellos les pertenece el Reino de los Cielos.<br>Felices los pacientes, porque recibir\u00e1n la tierra en herencia.<br>Felices los afligidos, porque ser\u00e1n consolados.<br>Felices los que tienen hambre y sed de justicia, porque ser\u00e1n saciados.<br>Felices los misericordiosos, porque obtendr\u00e1n misericordia.<br>Felices los que tienen el coraz\u00f3n puro, porque ver\u00e1n a Dios.<br>Felices los que trabajan por la paz, porque ser\u00e1n llamados hijos de Dios.<br>Felices los que son perseguidos por practicar la justicia, porque a ellos les pertenece el Reino de los Cielos.<br>Felices ustedes, cuando sean insultados y perseguidos, y cuando se los calumnie en toda forma a causa de m\u00ed.<br>Al\u00e9grense y regoc\u00edjense entonces, porque ustedes tendr\u00e1n una gran recompensa en el cielo; de la misma manera persiguieron a los profetas que los precedieron.<\/em><\/strong><\/p>\n\n\n\n<figure class=\"wp-block-image size-full\"><img loading=\"lazy\" decoding=\"async\" width=\"500\" height=\"620\" src=\"https:\/\/menesianosoy.org\/wp-content\/uploads\/2023\/10\/felices.jpg\" alt=\"\" class=\"wp-image-5872\" srcset=\"https:\/\/menesianosoy.org\/wp-content\/uploads\/2023\/10\/felices.jpg 500w, https:\/\/menesianosoy.org\/wp-content\/uploads\/2023\/10\/felices-242x300.jpg 242w\" sizes=\"auto, (max-width: 500px) 85vw, 500px\" \/><\/figure>\n\n\n\n<p class=\"has-text-align-left\"><br>La fiesta de todos los santos que celebramos, es una instancia propicia para traer a la memoria y pasar por el coraz\u00f3n, los nombres y la vida de tantos hermanos y hermanas, en los que hemos visto la santidad de Dios.<br><br>La Plegaria Eucar\u00edstica II nos recuerda: \u00abSanto eres en verdad, Se\u00f1or, fuente de toda santidad\u201d. Ser santo es habernos dejado llenar de esa propiedad de Dios. El Papa Francisco nos dice: \u00abMuchas veces tenemos la tentaci\u00f3n de pensar que la santidad est\u00e1 reservada s\u00f3lo a quienes tienen la posibilidad de tomar distancia de las ocupaciones ordinarias, para dedicar mucho tiempo a la oraci\u00f3n. No es as\u00ed. Todos estamos llamados a ser santos viviendo con amor y ofreciendo el propio testimonio en las ocupaciones de cada d\u00eda, all\u00ed donde cada uno se encuentra\u00bb. Esta fiesta es tambi\u00e9n una oportunidad para renovar nuestra esperanza frente al momento que vivimos. Una esperanza que es paciente pero no resignada. Una esperanza que nos renueva desde lo medular de nuestra fe en el Dios de la vida. Esa esperanza que vemos en la santidad cotidiana. Me gusta ver la santidad en el pueblo de Dios paciente: a los padres que cr\u00edan con tanto amor a sus hijos, en esos hombres y mujeres que trabajan para llevar el pan a su casa, en los enfermos, en las personas ancianas que siguen sonriendo. En esta constancia para seguir adelante d\u00eda a d\u00eda, veo la santidad de Iglesia militante.<br>Esa es muchas veces \u201cla santidad de la puerta de al lado\u201d, de aquellos que viven cerca de nosotros y son un reflejo de la presencia de Dios, o, para usar otra expresi\u00f3n, \u201cla clase media de la santidad\u201d. Esta vivencia peregrina que se encamina al encuentro con nuestros hermanos y hermanas santos, que hoy celebramos, y que ya comparten plenamente la vida plena con Dios. (Fray Edgardo C\u00e9sar Quintana O.P.)<\/p>\n\n\n\n<h4 class=\"wp-block-heading has-vivid-cyan-blue-color has-text-color\"><br><strong>M\u00e1xima<\/strong><\/h4>\n\n\n\n<p><strong><em>Felices los que siguen a Jes\u00fas<\/em><\/strong><\/p>\n\n\n\n<h4 class=\"wp-block-heading has-vivid-cyan-blue-color has-text-color\"><br><strong>Palabras de Juan Mar\u00eda<\/strong><\/h4>\n\n\n\n<p class=\"has-text-align-left\"><img decoding=\"async\" class=\"wp-image-618\" style=\"width: 150px;\" src=\"https:\/\/menesianosoy.org\/wp-content\/uploads\/2023\/08\/j.png\" alt=\"\"><br><em>S\u00ed, querido hijo, tienes raz\u00f3n cuando dices que tu bienestar es objeto de todos mis trabajos y de todos mis deseos; pero sobre todo no olvides, que tu dicha est\u00e1 en la eternidad. \u00a1Seamos santos, mi querido Ferdinand, seamos santos! (Al H. Ferdinand Tourtier, 01-02-1842)<\/em><\/p>\n\n\n\n<h4 class=\"wp-block-heading has-vivid-cyan-blue-color has-text-color\"><br><strong><em>Felices &#8211; Pablo Coloma<\/em><\/strong><\/h4>\n\n\n\n<figure class=\"wp-block-embed is-type-video is-provider-youtube wp-block-embed-youtube wp-embed-aspect-16-9 wp-has-aspect-ratio\"><div class=\"wp-block-embed__wrapper\">\n<iframe loading=\"lazy\" title=\"Felices - Pablo Coloma\" width=\"1140\" height=\"641\" src=\"https:\/\/www.youtube.com\/embed\/xPmP_GkUi9s?feature=oembed\" frameborder=\"0\" allow=\"accelerometer; autoplay; clipboard-write; encrypted-media; gyroscope; picture-in-picture; web-share\" allowfullscreen><\/iframe>\n<\/div><\/figure>\n\n\n\n<p class=\"has-text-align-left\">Felices aquellos, los de puro coraz\u00f3n,<br>los que en cada ma\u00f1ana te sonr\u00eden con pasi\u00f3n<br>y te dicen, mir\u00e1ndote con gozo:<br>\u00abTenga usted un d\u00eda hermoso<br>m\u00e1s amable, m\u00e1s dichoso\u00bb.<br><br>Felices los de limpio mirar,<br>que no saben de envidias,<br>los de nunca condenar,<br>los que nunca te cargan de tristeza<br>ni te enrostran tu pobreza,<br>que conocen tu belleza.<br><br>Felices los que nunca descansan<br>en la lucha por la paz,<br>una paz verdadera, de justicia y libertad;<br>los que entregan su vida sin medida<br>por un mundo sin heridas,<br>sean felices cada d\u00eda.<br><br>Felices los que buscan verdad,<br>los que luchan por dar<br>a cada hombre dignidad;<br>los que al miedo salvaje dan derrota,<br>dan su sangre gota a gota<br>y en la tierra son semilla que brota.<br><br>Felices los que dicen: \u00abhermano\u00bb<br>con nobleza y sin doblez;<br>los que saben que el barro<br>se ha pegado a nuestros pies;<br>que conocen la pena m\u00e1s profunda,<br>la alegr\u00eda donde abunda<br>y la entrega m\u00e1s fecunda.<br><br>Felices los que olvidan tu error<br>y te saben distinto<br>y te abrazan sin rencor,<br>porque ven que tu coraz\u00f3n palpita,<br>que en tu alma siempre habita<br>alg\u00fan sue\u00f1o que se agita.<br><br>Felices los que saben sufrir junto<br>a tu lado en el dolor<br>y te dan una mano<br>que te aprieta con calor;<br>los que nunca se r\u00eden de tu llanto,<br>porque s\u00f3lo un nuevo canto<br>es su alegr\u00eda y su encanto.<br><br>Felices<br>los de gran coraz\u00f3n,<br>que comparten la vida,<br>regalando un nuevo don;<br>Y te dan de su pan<br>y te dan de beber<br>y a su mesa te sientan<br>y te llaman hermano.<\/p>\n\n\n\n<h3 class=\"wp-block-heading has-text-align-center has-white-color has-vivid-cyan-blue-background-color has-text-color has-background\">Oraci\u00f3n por el Cap\u00edtulo General<\/h3>\n\n\n\n<figure class=\"wp-block-image size-full\"><img decoding=\"async\" src=\"https:\/\/menesianosoy.org\/wp-content\/uploads\/2023\/10\/Logo-3-copia-2.jpg\" alt=\"\" class=\"wp-image-5895\"\/><\/figure>\n","protected":false},"excerpt":{"rendered":"<p>Mes de NOVIEMBRE: Consagrado a las almas del purgatorio Oremos por el Papa, para que en el ejercicio de su misi\u00f3n siga acompa\u00f1ando en la fe a la grey que le ha sido encomendada, con la ayuda del Esp\u00edritu Santo. Seguimos pidiendo por nuestros enfermos y por la beatificaci\u00f3n de Juan Mar\u00eda Fiesta de Todos &hellip; <a href=\"https:\/\/menesianosoy.org\/index.php\/2023\/10\/30\/fiesta-de-todos-los-santos\/\" class=\"more-link\">Continue reading<span class=\"screen-reader-text\"> \u00abFiesta de Todos los Santos\u00bb<\/span><\/a><\/p>\n","protected":false},"author":3,"featured_media":0,"comment_status":"closed","ping_status":"closed","sticky":false,"template":"","format":"standard","meta":{"_acf_changed":false,"footnotes":""},"categories":[9],"tags":[],"class_list":["post-5834","post","type-post","status-publish","format-standard","hentry","category-evangelio"],"acf":[],"_links":{"self":[{"href":"https:\/\/menesianosoy.org\/index.php\/wp-json\/wp\/v2\/posts\/5834","targetHints":{"allow":["GET"]}}],"collection":[{"href":"https:\/\/menesianosoy.org\/index.php\/wp-json\/wp\/v2\/posts"}],"about":[{"href":"https:\/\/menesianosoy.org\/index.php\/wp-json\/wp\/v2\/types\/post"}],"author":[{"embeddable":true,"href":"https:\/\/menesianosoy.org\/index.php\/wp-json\/wp\/v2\/users\/3"}],"replies":[{"embeddable":true,"href":"https:\/\/menesianosoy.org\/index.php\/wp-json\/wp\/v2\/comments?post=5834"}],"version-history":[{"count":19,"href":"https:\/\/menesianosoy.org\/index.php\/wp-json\/wp\/v2\/posts\/5834\/revisions"}],"predecessor-version":[{"id":5977,"href":"https:\/\/menesianosoy.org\/index.php\/wp-json\/wp\/v2\/posts\/5834\/revisions\/5977"}],"wp:attachment":[{"href":"https:\/\/menesianosoy.org\/index.php\/wp-json\/wp\/v2\/media?parent=5834"}],"wp:term":[{"taxonomy":"category","embeddable":true,"href":"https:\/\/menesianosoy.org\/index.php\/wp-json\/wp\/v2\/categories?post=5834"},{"taxonomy":"post_tag","embeddable":true,"href":"https:\/\/menesianosoy.org\/index.php\/wp-json\/wp\/v2\/tags?post=5834"}],"curies":[{"name":"wp","href":"https:\/\/api.w.org\/{rel}","templated":true}]}}