{"id":5876,"date":"2023-10-30T17:00:30","date_gmt":"2023-10-30T20:00:30","guid":{"rendered":"https:\/\/menesianosoy.org\/?p=5876"},"modified":"2023-10-30T17:08:49","modified_gmt":"2023-10-30T20:08:49","slug":"fiesta-de-todos-los-santos-3","status":"publish","type":"post","link":"https:\/\/menesianosoy.org\/index.php\/2023\/10\/30\/fiesta-de-todos-los-santos-3\/","title":{"rendered":"Fiesta de Todos los difuntos"},"content":{"rendered":"\n<h4 class=\"wp-block-heading has-text-align-left has-vivid-cyan-blue-color has-text-color\"><br><strong><em>Oraci\u00f3n<\/em><\/strong><\/h4>\n\n\n\n<p class=\"has-text-align-left\"><strong><em>Padre bueno,<br>te doy gracias por la vida,<br>regalo de tu amor.<br>Haz que la comparta con todos:<br>con mis hermanos,<br>con mi familia,<br>con mis amigos,<br>tejiendo lazos como lo hizo Jes\u00fas.<br>Env\u00edame tu Esp\u00edritu Santo<br>para descubrir lo que quieres de m\u00ed.<br>Hazme cada d\u00eda m\u00e1s parecido a tu Hijo:<br>que sus sentimientos<br>sean mis sentimientos,<br>que sus pensamientos<br>sean mis pensamientos,<br>que su proyecto sea mi proyecto,<br>que ame como \u00c9l am\u00f3.<br>Como a Mar\u00eda, Padre Bueno,<br>conc\u00e9denos a todos<br>un coraz\u00f3n d\u00f3cil a tu Palabra.<br>Am\u00e9n<\/em><\/strong><\/p>\n\n\n\n<h4 class=\"wp-block-heading has-text-align-left has-vivid-cyan-blue-color has-text-color\"><br><strong><em>Intenciones<\/em><\/strong><\/h4>\n\n\n\n<p class=\"has-text-align-left\">Por las vocaciones en nuestro Distrito, los formando y los formadores.<br>Por la familia menesiana que vive la misi\u00f3n en\u00a0 El Alto.<br>Por la comunidad de Zamora (Espa\u00f1a) y la comunidad de Bukuumi (Uganda).<br>Por el pr\u00f3ximo Cap\u00edtulo General.<\/p>\n\n\n\n<h4 class=\"wp-block-heading has-text-align-left has-vivid-cyan-blue-color has-text-color\"><br><strong><em>Constituciones 41<\/em><\/strong><\/h4>\n\n\n\n<p class=\"has-text-align-left\">En su oraci\u00f3n comunitaria de cada d\u00eda, los Hermanos encomiendan al Se\u00f1or a los cohermanos, familiares y bienhechores difuntos. Ofrecen fielmente los sufragios prescritos por esta intenci\u00f3n.<\/p>\n\n\n\n<h4 class=\"wp-block-heading has-text-align-left has-vivid-cyan-blue-color has-text-color\"><br><strong><em>Al Hno. Paul Guyot, 9 de abril de 1847<\/em><\/strong><\/h4>\n\n\n\n<p class=\"has-text-align-left\">Estate preparado. Y en lugar de que el pensamiento de la muerte te entristezca, al\u00e9grate con el profeta viendo que se acerca el fin de tus miserias, y el momento en que vas a la casa del Se\u00f1or, para alabarlo, bendecirlo y amarlo eterna y totalmente.<\/p>\n\n\n\n<h4 class=\"wp-block-heading has-text-align-left has-vivid-cyan-blue-color has-text-color\"><br><strong><em>Difuntos<\/em><\/strong><\/h4>\n\n\n\n<p class=\"has-text-align-left\">1980: L\u00e9on-Paul Paquette (Ferdinand-L\u00e9on)<br>1988: Marcel Sauv\u00e9 (B\u00e9nigne)<br>2007: Paul-Emile Lalanne (S\u00e9bastien-Eug\u00e9ne)<br>2009: Jean-Marie Le M\u00e9tayer (Beno\u00eet-Eug\u00e8ne)<\/p>\n","protected":false},"excerpt":{"rendered":"<p>Oraci\u00f3n Padre bueno,te doy gracias por la vida,regalo de tu amor.Haz que la comparta con todos:con mis hermanos,con mi familia,con mis amigos,tejiendo lazos como lo hizo Jes\u00fas.Env\u00edame tu Esp\u00edritu Santopara descubrir lo que quieres de m\u00ed.Hazme cada d\u00eda m\u00e1s parecido a tu Hijo:que sus sentimientossean mis sentimientos,que sus pensamientossean mis pensamientos,que su proyecto sea mi &hellip; <a href=\"https:\/\/menesianosoy.org\/index.php\/2023\/10\/30\/fiesta-de-todos-los-santos-3\/\" class=\"more-link\">Continue reading<span class=\"screen-reader-text\"> \u00abFiesta de Todos los difuntos\u00bb<\/span><\/a><\/p>\n","protected":false},"author":3,"featured_media":0,"comment_status":"closed","ping_status":"closed","sticky":false,"template":"","format":"standard","meta":{"_acf_changed":false,"footnotes":""},"categories":[3],"tags":[],"class_list":["post-5876","post","type-post","status-publish","format-standard","hentry","category-calendario"],"acf":[],"_links":{"self":[{"href":"https:\/\/menesianosoy.org\/index.php\/wp-json\/wp\/v2\/posts\/5876","targetHints":{"allow":["GET"]}}],"collection":[{"href":"https:\/\/menesianosoy.org\/index.php\/wp-json\/wp\/v2\/posts"}],"about":[{"href":"https:\/\/menesianosoy.org\/index.php\/wp-json\/wp\/v2\/types\/post"}],"author":[{"embeddable":true,"href":"https:\/\/menesianosoy.org\/index.php\/wp-json\/wp\/v2\/users\/3"}],"replies":[{"embeddable":true,"href":"https:\/\/menesianosoy.org\/index.php\/wp-json\/wp\/v2\/comments?post=5876"}],"version-history":[{"count":6,"href":"https:\/\/menesianosoy.org\/index.php\/wp-json\/wp\/v2\/posts\/5876\/revisions"}],"predecessor-version":[{"id":5884,"href":"https:\/\/menesianosoy.org\/index.php\/wp-json\/wp\/v2\/posts\/5876\/revisions\/5884"}],"wp:attachment":[{"href":"https:\/\/menesianosoy.org\/index.php\/wp-json\/wp\/v2\/media?parent=5876"}],"wp:term":[{"taxonomy":"category","embeddable":true,"href":"https:\/\/menesianosoy.org\/index.php\/wp-json\/wp\/v2\/categories?post=5876"},{"taxonomy":"post_tag","embeddable":true,"href":"https:\/\/menesianosoy.org\/index.php\/wp-json\/wp\/v2\/tags?post=5876"}],"curies":[{"name":"wp","href":"https:\/\/api.w.org\/{rel}","templated":true}]}}