{"id":5944,"date":"2023-10-31T16:35:19","date_gmt":"2023-10-31T19:35:19","guid":{"rendered":"https:\/\/menesianosoy.org\/?p=5944"},"modified":"2023-11-03T06:13:13","modified_gmt":"2023-11-03T09:13:13","slug":"san-martin-de-porres-2","status":"publish","type":"post","link":"https:\/\/menesianosoy.org\/index.php\/2023\/10\/31\/san-martin-de-porres-2\/","title":{"rendered":"San Mart\u00edn de Porres"},"content":{"rendered":"\n<h5 class=\"wp-block-heading has-text-align-left\"><em>1804 &#8211; El Padre Fundador es nombrado Vicario de Saint Malo<br>1828 &#8211; El Noviciado de Josselin se traslad\u00f3 a Plo\u00ebrmel<\/em><\/h5>\n\n\n\n<h4 class=\"wp-block-heading has-text-align-left has-vivid-cyan-blue-color has-text-color\"><br><strong><em>Oraci\u00f3n<\/em><\/strong><\/h4>\n\n\n\n<p class=\"has-text-align-left\">Se\u00f1or, que has dicho:<br>Dejen que los ni\u00f1os vengan a M\u00ed.<br>T\u00fa me has inspirado el deseo<br>de dedicar mi vida<br>a los ni\u00f1os y j\u00f3venes<br>para llevarlos a Ti.<br>D\u00edgnate bendecir mi vocaci\u00f3n,<br>as\u00edsteme en mis trabajos de hoy,<br>derrama sobre m\u00ed,<br>sobre todos mis hermanos<br>y sobre todos los que trabajamos<br>en esta obra educativa,<br>el esp\u00edritu de fortaleza,<br>de caridad y de humildad,<br>para que nada nos aparte<br>de tu servicio.<br>Haz que hoy cumpla con celo<br>el ministerio educativo<br>al que nos has consagrado.<br>Hazme perseverar hasta el fin<br>para alcanzar as\u00ed<br>la salvaci\u00f3n que nos<br>has prometido. Am\u00e9n<\/p>\n\n\n\n<h4 class=\"wp-block-heading has-vivid-cyan-blue-color has-text-color\"><br><strong><em>Intenciones<\/em><\/strong><\/h4>\n\n\n\n<ul class=\"wp-block-list\">\n<li>Por la familia menesiana del colegio Sagrado Coraz\u00f3n de Llay-Llay.<\/li>\n\n\n\n<li>Por la comunidad de Portugalete (Espa\u00f1a) y la de Kisubi (Uganda).<\/li>\n\n\n\n<li>Por las vocaciones y los formadores de Hait\u00ed.<\/li>\n\n\n\n<li>Por el Cap\u00edtulo General.<\/li>\n\n\n\n<li>Por la paz en el mundo.<\/li>\n<\/ul>\n\n\n\n<h4 class=\"wp-block-heading has-text-align-left has-vivid-cyan-blue-color has-text-color\"><br><strong><em>Directorio 99 a<\/em><\/strong><\/h4>\n\n\n\n<p class=\"has-text-align-left\">La vida com\u00fan lleva consigo inevitables molestias que el Hermano acepta con gusto para que los dem\u00e1s sean m\u00e1s felices. Con este fin se esfuerza en comprenderles o dialogar con ellos, en aceptar un aumento ocasional de trabajo o dar muestras de buen humor para con todos.<\/p>\n\n\n\n<h4 class=\"wp-block-heading has-text-align-left has-vivid-cyan-blue-color has-text-color\"><br><strong><em>Al Hno. Euthyme Moy, 19 de junio de 1846<\/em><\/strong><\/h4>\n\n\n\n<p class=\"has-text-align-left\">Desde que marchaste (como misionero) hemos perdido varios Hermanos: su muerte ha sido tan santa como su vida, y mantengo la dulce confianza de que no han dejado este mundo sino para ir a recibir en el otro la recompensa de sus virtudes.<\/p>\n\n\n\n<h4 class=\"wp-block-heading has-text-align-left has-vivid-cyan-blue-color has-text-color\"><br><strong><em>Difunto<\/em><\/strong><\/h4>\n\n\n\n<p class=\"has-text-align-left\">1992: No\u00ebl Guay (\u00c9mery-Joseph)<\/p>\n\n\n\n<p class=\"has-vivid-purple-background-color has-background\"><\/p>\n\n\n\n<h5 class=\"wp-block-heading has-text-align-left has-small-font-size\">MARTIN DE PORRES VEL\u00c1ZQUEZ (1579-1639) fue un fraile dominico peruano. Fue el primer santo mulato de Am\u00e9rica.\u200b Es conocido tambi\u00e9n como el santo de la escoba por ser representado con una escoba en la mano como s\u00edmbolo de su humildad. Entr\u00f3 a la orden bajo la categor\u00eda de \u00abdonado\u00bb, es decir, como terciario por ser hijo ileg\u00edtimo (recib\u00eda alojamiento y se ocupaba en muchos trabajos como criado). As\u00ed vivi\u00f3 nueve a\u00f1os, practicando los oficios m\u00e1s humildes. Fue admitido como hermano de la orden en 1603. Persever\u00f3 en su vocaci\u00f3n a pesar de la oposici\u00f3n de su padre, y en 1606 se convirti\u00f3 en fraile profesando los votos de pobreza, castidad y obediencia. De todas las virtudes que pose\u00eda Mart\u00edn, sobresal\u00eda la humildad; siempre puso a los dem\u00e1s por delante de sus propias necesidades. Fue confidente de san Juan Mac\u00edas, fraile dominico, con el cual forj\u00f3 una entra\u00f1able amistad. Se sabe que tambi\u00e9n conoci\u00f3 a santa Rosa de Lima. La personalidad carism\u00e1tica de Mart\u00edn hizo que fuera buscado por personas de todos los estratos sociales, altos dignatarios de la Iglesia y del Gobierno, gente sencilla, ricos y pobres, todos ten\u00edan en Mart\u00edn alivio a sus necesidades espirituales, f\u00edsicas o materiales. Su entera disposici\u00f3n y su ayuda incondicional al pr\u00f3jimo propici\u00f3 que fuera visto como un hombre santo. Fue canonizado por Juan XXIII en 1962.<\/h5>\n","protected":false},"excerpt":{"rendered":"<p>1804 &#8211; El Padre Fundador es nombrado Vicario de Saint Malo1828 &#8211; El Noviciado de Josselin se traslad\u00f3 a Plo\u00ebrmel Oraci\u00f3n Se\u00f1or, que has dicho:Dejen que los ni\u00f1os vengan a M\u00ed.T\u00fa me has inspirado el deseode dedicar mi vidaa los ni\u00f1os y j\u00f3venespara llevarlos a Ti.D\u00edgnate bendecir mi vocaci\u00f3n,as\u00edsteme en mis trabajos de hoy,derrama sobre &hellip; <a href=\"https:\/\/menesianosoy.org\/index.php\/2023\/10\/31\/san-martin-de-porres-2\/\" class=\"more-link\">Continue reading<span class=\"screen-reader-text\"> \u00abSan Mart\u00edn de Porres\u00bb<\/span><\/a><\/p>\n","protected":false},"author":3,"featured_media":0,"comment_status":"closed","ping_status":"closed","sticky":false,"template":"","format":"standard","meta":{"_acf_changed":false,"footnotes":""},"categories":[3],"tags":[],"class_list":["post-5944","post","type-post","status-publish","format-standard","hentry","category-calendario"],"acf":[],"_links":{"self":[{"href":"https:\/\/menesianosoy.org\/index.php\/wp-json\/wp\/v2\/posts\/5944","targetHints":{"allow":["GET"]}}],"collection":[{"href":"https:\/\/menesianosoy.org\/index.php\/wp-json\/wp\/v2\/posts"}],"about":[{"href":"https:\/\/menesianosoy.org\/index.php\/wp-json\/wp\/v2\/types\/post"}],"author":[{"embeddable":true,"href":"https:\/\/menesianosoy.org\/index.php\/wp-json\/wp\/v2\/users\/3"}],"replies":[{"embeddable":true,"href":"https:\/\/menesianosoy.org\/index.php\/wp-json\/wp\/v2\/comments?post=5944"}],"version-history":[{"count":14,"href":"https:\/\/menesianosoy.org\/index.php\/wp-json\/wp\/v2\/posts\/5944\/revisions"}],"predecessor-version":[{"id":6061,"href":"https:\/\/menesianosoy.org\/index.php\/wp-json\/wp\/v2\/posts\/5944\/revisions\/6061"}],"wp:attachment":[{"href":"https:\/\/menesianosoy.org\/index.php\/wp-json\/wp\/v2\/media?parent=5944"}],"wp:term":[{"taxonomy":"category","embeddable":true,"href":"https:\/\/menesianosoy.org\/index.php\/wp-json\/wp\/v2\/categories?post=5944"},{"taxonomy":"post_tag","embeddable":true,"href":"https:\/\/menesianosoy.org\/index.php\/wp-json\/wp\/v2\/tags?post=5944"}],"curies":[{"name":"wp","href":"https:\/\/api.w.org\/{rel}","templated":true}]}}