{"id":6085,"date":"2023-11-05T10:38:02","date_gmt":"2023-11-05T13:38:02","guid":{"rendered":"https:\/\/menesianosoy.org\/?p=6085"},"modified":"2023-11-05T20:31:39","modified_gmt":"2023-11-05T23:31:39","slug":"lunes-de-la-31a-semana-del-tiempo-ordinario-2","status":"publish","type":"post","link":"https:\/\/menesianosoy.org\/index.php\/2023\/11\/05\/lunes-de-la-31a-semana-del-tiempo-ordinario-2\/","title":{"rendered":"Lunes de la 31\u00aa semana del tiempo ordinario"},"content":{"rendered":"\n<h4 class=\"wp-block-heading has-text-align-left has-vivid-cyan-blue-color has-text-color\"><br><strong>Oraci\u00f3n<\/strong><\/h4>\n\n\n\n<p class=\"has-text-align-left\"><em>Se\u00f1or,<br>que puedas encontrar en nosotros<br>todas las perfecciones de tu Hijo,<br>que seamos,<br>en la medida que lo permita<br>la debilidad humana,<br>revestidos de Jesucristo,<br>que sigamos a Cristo<br>en todos sus caminos,<br>que juzguemos todas las cosas<br>como \u00e9l las juzga,<br>que amemos lo que \u00e9l ama,<br>que despreciemos lo que \u00e9l desprecia.<br>En una palabra,<br>que todos nuestros pensamientos<br>sean conformes a sus pensamientos<br>y que seamos su imagen viva. Am\u00e9n<br>(Juan Mar\u00eda)<\/em><\/p>\n\n\n\n<h4 class=\"wp-block-heading has-vivid-cyan-blue-color has-text-color\"><br><strong><em>Intenciones<\/em><\/strong><\/h4>\n\n\n\n<ul class=\"wp-block-list\">\n<li>Por la familia menesiana del colegio San Pablo de Luj\u00e1n de Cuyo.<\/li>\n\n\n\n<li>Por la comunidad de Vannes (Francia) y la  de Nkozi (Uganda)<\/li>\n\n\n\n<li>Por el Cap\u00edtulo General.<\/li>\n\n\n\n<li>Por la paz en el mundo.<\/li>\n\n\n\n<li>Por las vocaciones en Filipinas.<\/li>\n<\/ul>\n\n\n\n<h4 class=\"wp-block-heading has-text-align-left has-vivid-cyan-blue-color has-text-color\"><br><strong>Directorio 43 b<\/strong><\/h4>\n\n\n\n<p class=\"has-text-align-left\">Dios es quien da al hombre la posesi\u00f3n temporal del mundo. El Hermano busca la manera de servirse de los bienes de este mundo, con dependencia de los Superiores y en uni\u00f3n con la Comunidad, sin poner en ellos su coraz\u00f3n.<\/p>\n\n\n\n<h4 class=\"wp-block-heading has-vivid-cyan-blue-color has-text-color\"><br><strong>Al Hno. Ambrosio Le Haiget, 9 de abril de 1845<\/strong><\/h4>\n\n\n\n<p class=\"has-text-align-left\">\u00a1Cu\u00e1ntos protectores tenemos junto a Dios! \u00a1Cu\u00e1ntos santos interceden por nosotros! \u00a1Ojal\u00e1 aumentemos un d\u00eda su n\u00famero!<\/p>\n\n\n\n<h4 class=\"wp-block-heading has-vivid-cyan-blue-color has-text-color\"><br><strong>Difuntos<\/strong> <\/h4>\n\n\n\n<p class=\"has-text-align-left\">1985: Jos\u00e9 Mart\u00ednez de Aramayona (Benigno Jos\u00e9). Naci\u00f3 en Santurde (Alava) en 1909. Muri\u00f3 en Nanclares.<br><br>1951: H. Gustave-Marie H\u00e9mery, Superior General (1946-1951)<br>1953: Natalis-Joseph (Savatte), asistente (1927-1946)<br>1963: F\u00e9licien-Yves Boulic<br>1969: \u00c9douard Hamon (Albin-Marie)<br><\/p>\n","protected":false},"excerpt":{"rendered":"<p>Oraci\u00f3n Se\u00f1or,que puedas encontrar en nosotrostodas las perfecciones de tu Hijo,que seamos,en la medida que lo permitala debilidad humana,revestidos de Jesucristo,que sigamos a Cristoen todos sus caminos,que juzguemos todas las cosascomo \u00e9l las juzga,que amemos lo que \u00e9l ama,que despreciemos lo que \u00e9l desprecia.En una palabra,que todos nuestros pensamientossean conformes a sus pensamientosy que seamos &hellip; <a href=\"https:\/\/menesianosoy.org\/index.php\/2023\/11\/05\/lunes-de-la-31a-semana-del-tiempo-ordinario-2\/\" class=\"more-link\">Continue reading<span class=\"screen-reader-text\"> \u00abLunes de la 31\u00aa semana del tiempo ordinario\u00bb<\/span><\/a><\/p>\n","protected":false},"author":3,"featured_media":0,"comment_status":"closed","ping_status":"closed","sticky":false,"template":"","format":"standard","meta":{"_acf_changed":false,"footnotes":""},"categories":[3],"tags":[],"class_list":["post-6085","post","type-post","status-publish","format-standard","hentry","category-calendario"],"acf":[],"_links":{"self":[{"href":"https:\/\/menesianosoy.org\/index.php\/wp-json\/wp\/v2\/posts\/6085","targetHints":{"allow":["GET"]}}],"collection":[{"href":"https:\/\/menesianosoy.org\/index.php\/wp-json\/wp\/v2\/posts"}],"about":[{"href":"https:\/\/menesianosoy.org\/index.php\/wp-json\/wp\/v2\/types\/post"}],"author":[{"embeddable":true,"href":"https:\/\/menesianosoy.org\/index.php\/wp-json\/wp\/v2\/users\/3"}],"replies":[{"embeddable":true,"href":"https:\/\/menesianosoy.org\/index.php\/wp-json\/wp\/v2\/comments?post=6085"}],"version-history":[{"count":14,"href":"https:\/\/menesianosoy.org\/index.php\/wp-json\/wp\/v2\/posts\/6085\/revisions"}],"predecessor-version":[{"id":6268,"href":"https:\/\/menesianosoy.org\/index.php\/wp-json\/wp\/v2\/posts\/6085\/revisions\/6268"}],"wp:attachment":[{"href":"https:\/\/menesianosoy.org\/index.php\/wp-json\/wp\/v2\/media?parent=6085"}],"wp:term":[{"taxonomy":"category","embeddable":true,"href":"https:\/\/menesianosoy.org\/index.php\/wp-json\/wp\/v2\/categories?post=6085"},{"taxonomy":"post_tag","embeddable":true,"href":"https:\/\/menesianosoy.org\/index.php\/wp-json\/wp\/v2\/tags?post=6085"}],"curies":[{"name":"wp","href":"https:\/\/api.w.org\/{rel}","templated":true}]}}