{"id":617,"date":"2023-08-09T11:09:35","date_gmt":"2023-08-09T14:09:35","guid":{"rendered":"https:\/\/menesianosoy.org\/?p=617"},"modified":"2026-04-13T12:57:50","modified_gmt":"2026-04-13T15:57:50","slug":"novena-de-oracion-por-la-beatificacion-de-juan-maria","status":"publish","type":"post","link":"https:\/\/menesianosoy.org\/index.php\/2023\/08\/09\/novena-de-oracion-por-la-beatificacion-de-juan-maria\/","title":{"rendered":"Novena de oraci\u00f3n por la beatificaci\u00f3n de Juan Mar\u00eda"},"content":{"rendered":"\n<figure class=\"wp-block-image size-full\"><img loading=\"lazy\" decoding=\"async\" width=\"330\" height=\"363\" src=\"https:\/\/menesianosoy.org\/wp-content\/uploads\/2025\/03\/JMLM.png\" alt=\"\" class=\"wp-image-21587\" srcset=\"https:\/\/menesianosoy.org\/wp-content\/uploads\/2025\/03\/JMLM.png 330w, https:\/\/menesianosoy.org\/wp-content\/uploads\/2025\/03\/JMLM-273x300.png 273w\" sizes=\"auto, (max-width: 330px) 85vw, 330px\" \/><\/figure>\n\n\n\n<p class=\"has-text-align-left has-vivid-cyan-blue-color has-text-color\"><strong>Intenciones para la Novena<\/strong><\/p>\n\n\n\n<p><strong><em>1.- Por la curaci\u00f3n de las personas que se encomiendan al Se\u00f1or por la intercesi\u00f3n de Juan Mar\u00eda de la Mennais, y en general, por todas las personas enfermas en nuestros pa\u00edses respectivos.<\/em><\/strong><\/p>\n\n\n\n<p><em><strong>2.- Para que crezca una aut\u00e9ntica devoci\u00f3n al P. Juan Mar\u00eda.<\/strong><\/em><\/p>\n\n\n\n<h4 class=\"wp-block-heading has-text-align-left has-vivid-red-color has-text-color has-link-color wp-elements-71cd0413aa8a9ac941fb2580e2d940a0\"><br><strong>Pedimos por las siguientes personas de nuestro Distrito:<\/strong><\/h4>\n\n\n\n<h2 class=\"wp-block-heading has-vivid-cyan-blue-color has-text-color\">Argentina<\/h2>\n\n\n\n<p class=\"has-text-align-left\">Jimena Orsich<br>Ciro Abdala<br>Alejandro Vallejos<br><strong>Octavio Mart\u00ednez Vald\u00e9s<\/strong><br>Cintia Croceta<br>Pablo David Noble<br>Walter Cantero<br>Carlos G\u00f3mez<br>Viveca Arra<br>Silvana Norkett<br>Mat\u00edas Altamirano<br>Leandro D&#8217;Arrisso<br>Ameli Scollo<br>Gabriela Caruso<br>Meredit Peletay Correa<br>Valentino Scarpa<br>Jos\u00e9 Daniel D&#8217;Alleva<br>Rodrigo Valdivia<br>Arnobio S\u00e1nchez<br>H. Luis Aldecoa<br>Tom\u00e1s Bourguet<br>Luciana In\u00e9s Miralpeix<br>Norma Mercedes Oberti<br>Alejandra Bigetti<br>Juan Jos\u00e9 Racca<\/p>\n\n\n\n<h2 class=\"wp-block-heading has-vivid-green-cyan-color has-text-color\"><br>Bolivia<\/h2>\n\n\n\n<p class=\"has-text-align-left\">Dolly Cuellar<br>Janeth Esp\u00ednola<br>H. Casimiro Meriel<br>Ra\u00fal Tarupallo<br>Selmita Tejerina<br>Jos\u00e9 Luis Cortez<br>Ana Mar\u00eda P\u00e9rez<br>Mari Lucita P\u00e9rez<br>Mery Diez&nbsp; de Estenssoro<br>Claudio Guaji Jare<\/p>\n\n\n\n<h2 class=\"wp-block-heading has-vivid-red-color has-text-color\"><br>Chile<\/h2>\n\n\n\n<p class=\"has-text-align-left\">Raquel Guerra<br>Jimena Far\u00edas Vel\u00e1zquez<br>Ram\u00f3n Far\u00edas Vel\u00e1zquez<br>Pamela Garc\u00eda<br>Alejandra P\u00e9rez Guti\u00e9rrez<\/p>\n\n\n\n<h2 class=\"wp-block-heading has-vivid-cyan-blue-color has-text-color\"><br>Uruguay<\/h2>\n\n\n\n<p class=\"has-text-align-left\">Norma Lima<br>Jos\u00e9 Luis Draper<br>Juan Ignacio Barcia<br>Iker Lasa<br>Carmela Tato de 7 a\u00f1os<br>Luzmila Rocha Turbey de 7 a\u00f1os<br>Tiziano Machado: Beb\u00e9<br>Fernando Abadie<\/p>\n\n\n\n<h2 class=\"wp-block-heading has-vivid-red-color has-text-color has-link-color wp-elements-8405cb60a0fd080590b3a94697d2e80a\"><br><strong>Espa\u00f1a<\/strong><\/h2>\n\n\n\n<p class=\"has-text-align-left\">Carlos de la Fuente<br>H. Alberto Pardo<\/p>\n\n\n\n<h4 class=\"wp-block-heading has-text-align-center has-white-color has-vivid-purple-background-color has-text-color has-background has-link-color wp-elements-e3aa5f8a8e5190477165f4e3093f92e9\">NOTICIAS DE LA POSTULACI\u00d3N<\/h4>\n\n\n\n<p class=\"has-text-align-left\">El 15 de enero, el Postulador de los Hermanos de la Instrucci\u00f3n Cristiana y las Hijas de la Providencia present\u00f3 la petici\u00f3n al Dicasterio para las Causas de los Santos. La causa de beatificaci\u00f3n de nuestro Padre de la Mennais es larga: iniciada en 1899 con la investigaci\u00f3n diocesana en Vannes (Breta\u00f1a), presentada oficialmente en Roma en 1911 ante la Congregaci\u00f3n de Ritos (que tambi\u00e9n tramitaba las causas de los santos), continu\u00f3 a trav\u00e9s de las dem\u00e1s etapas: aprobaci\u00f3n de sus escritos, su reputaci\u00f3n de santidad, una nueva exhumaci\u00f3n y la validez del proceso. Super\u00f3 importantes obst\u00e1culos en el \u00e1mbito hist\u00f3rico del examen para el reconocimiento del car\u00e1cter heroico de sus virtudes, que fue reconocido en 1966 por el Papa Pablo VI.<br><br>En 2016, la Postulaci\u00f3n present\u00f3 a la Comisi\u00f3n M\u00e9dica del Dicasterio para las Causas de los Santos la supuesta curaci\u00f3n inexplicable del ni\u00f1o <strong>Enzo Carollo<\/strong>. Fue considerada explicable por votaci\u00f3n de 5 a 2. En 2022, se present\u00f3 la curaci\u00f3n de la peque\u00f1a <strong>Josette Poulain<\/strong> en 1956, quien se cur\u00f3 de un hematoma epidural. Si bien reconoci\u00f3 el caso como excepcional, la Comisi\u00f3n M\u00e9dica emiti\u00f3 un dictamen suspensivo, ante la ausencia de pruebas diagn\u00f3sticas m\u00e1s avanzadas. <br><br>Actualmente, la Postulaci\u00f3n ha retomado el caso de <strong>Enzo Carollo<\/strong>. El expediente ha sido sometido al estudio de varios m\u00e9dicos de gran prestigio, quienes aportaron su pericia. El 5 de enero de 2026, la Postulaci\u00f3n present\u00f3 el expediente de 2016, junto con esta documentaci\u00f3n adicional, al Dicasterio. El Subsecretario, P. Turek, encomend\u00f3 el estudio de este expediente a dos m\u00e9dicos. Si al menos uno de los dos m\u00e9dicos declara la posibilidad de la naturaleza inexplicable de la curaci\u00f3n, el asunto pasar\u00e1 al dictamen decisivo de la Comisi\u00f3n M\u00e9dica (Consulta M\u00e9dica). Finalmente, si esta emite una opini\u00f3n favorable (al menos 5 de 7), el asunto pasar\u00e1 a la Comisi\u00f3n Teol\u00f3gica, compuesta por te\u00f3logos y obispos, para confirmar que la curaci\u00f3n se obtuvo por intercesi\u00f3n del Venerable, candidato a la beatificaci\u00f3n (en nuestro caso: el Padre de la Mennais).<\/p>\n\n\n\n<figure class=\"wp-block-image size-full is-resized\"><img loading=\"lazy\" decoding=\"async\" width=\"144\" height=\"146\" src=\"https:\/\/menesianosoy.org\/wp-content\/uploads\/2023\/08\/Enzo-Carollo.png\" alt=\"\" class=\"wp-image-34387\" style=\"width:181px;height:auto\"\/><\/figure>\n\n\n\n<p class=\"has-text-align-left\">Por ahora, nuestra parte es la de las v\u00edrgenes prudentes, que preparan sus l\u00e1mparas para recibir al novio que viene. Nuestra tarea ser\u00e1:<\/p>\n\n\n\n<ul class=\"wp-block-list\">\n<li><strong>ORAR, c<\/strong>omo lo han hecho y siguen haciendo muchas generaciones desde hace mucho tiempo. No duden en actualizar la Novena, adapt\u00e1ndola a la situaci\u00f3n local: necesidades, celebraciones, vocaciones, testimonios\u2026<\/li>\n\n\n\n<li><strong>MIRAR,<\/strong> incrementar nuestra devoci\u00f3n filial al Padre, encomend\u00e1ndole las necesidades de la Iglesia, del mundo y de nuestro Instituto. Registrar y dar a conocer los favores recibidos.<\/li>\n\n\n\n<li><strong>AGRANDAR <\/strong>la devoci\u00f3n al Padre para toda la Familia Menesiana; dar a conocer al Padre y a sus hijos en su santidad; distribuir im\u00e1genes y oraciones; destacar lugares y fechas menesianas en cada Provincia.<\/li>\n<\/ul>\n\n\n\n<h4 class=\"wp-block-heading has-text-align-center has-white-color has-vivid-purple-background-color has-text-color has-background\"><strong>INTENCIONES <\/strong><\/h4>\n\n\n\n<ul class=\"wp-block-list\">\n<li>Por la beatificaci\u00f3n del padre de la Mennais, fuente de un nuevo impulso y fervientes vocaciones.<\/li>\n\n\n\n<li>Ofrecemos una oraci\u00f3n especial de acci\u00f3n de gracias por la <strong>provincia de Uganda<\/strong>, que celebra su <strong>centenario<\/strong> y se prepara para nuevos desaf\u00edos apost\u00f3licos.<\/li>\n\n\n\n<li>Oremos por las necesidades de las <strong>provincias de la FIC que atraviesan dificultades:<\/strong> Hait\u00ed, Congo, Sud\u00e1n del Sur, Tanzania, y por la nueva misi\u00f3n en Timor Oriental.<\/li>\n\n\n\n<li>Por los pacientes recomendados, en particular: la <strong>Sra. Anne-Lyse<\/strong>, directora de la escuela \u201cLa Providence\u201d en St-Brieuc, fundada por el Padre de la Mennais en 1820. Tambi\u00e9n por el Hermano <strong>George Kamanda<\/strong> de Uganda\u2026<\/li>\n\n\n\n<li>A\u00f1adamos a los pacientes recomendados por los organizadores locales.<\/li>\n<\/ul>\n\n\n\n<ul class=\"wp-block-list\"><\/ul>\n\n\n\n<h4 class=\"wp-block-heading has-text-align-left has-text-color has-link-color wp-elements-08827550144421bd90b35f3b8a13e946\" style=\"color:#390f61\"><br><strong>Favores atribuidos a la intercesi\u00f3n del Padre de la Mennais<\/strong><\/h4>\n\n\n\n<p class=\"has-text-align-left\"><em>\u201cEl padre de la Mennais es igualmente un intercesor para cada persona ante Dios en circunstancias distintas a las de la recuperaci\u00f3n de la salud; y los favores que de ello se derivan son de los m\u00e1s numerosos y, a menudo, tambi\u00e9n de los m\u00e1s particulares.<\/em><br><br><em>Durante uno de sus viajes a Estados Unidos, el Ho. Charles-Jules Poitras se encontr\u00f3 sin poder regresar a Uganda por un tiempo indefinido, ya que todas las compa\u00f1\u00edas de transporte mar\u00edtimo y a\u00e9reo se vieron afectadas por la movilizaci\u00f3n. Entonces rez\u00f3 una novena al Padre: el \u00faltimo d\u00eda de la novena, recibi\u00f3 la oferta de un billete de avi\u00f3n para regresar a su misi\u00f3n en \u00c1frica.<\/em><br><br><em>En cuanto a Uganda, cabe mencionar tambi\u00e9n la conversi\u00f3n de un anciano. Su nieto, antiguo alumno de la escuela de Kitovu, lo hab\u00eda recomendado al padre de la Mennais, por sugerencia de su antiguo maestro, el Hno. Eug\u00e8ne-Marie.<\/em><br><br><em>En Inglaterra, hace unos a\u00f1os, tras una novena al Padre, el Hno. Cyprius recibi\u00f3 justo a tiempo, por correo especial, un pasaporte que, muchos intentos con el c\u00f3nsul estadounidense y el secretario de Estado, no hab\u00edan logrado obtener para \u00e9l.<\/em><br><br><em>En cuanto a los \u00e9xitos obtenidos en los ex\u00e1menes por candidatos que previamente se hab\u00edan puesto bajo la tutela del Fundador, existen tantos ejemplos notables que basta con mencionarlos brevemente y agradecer a este buen Padre. La costumbre entre nuestros candidatos de encomendarse a \u00e9l se remonta a mucho tiempo atr\u00e1s. En el n\u00famero de octubre de 1921 de L&#8217;\u00c9cho des Missions, el Hermano Ren\u00e9-Maurice relat\u00f3 c\u00f3mo tres candidatos al diploma avanzado, habi\u00e9ndose encomendado al Padre, lograron aprobar este dif\u00edcil examen en circunstancias verdaderamente excepcionales. (Jean-Charles Bertrand, Colecci\u00f3n de Favores, p. 107)<\/em><\/p>\n\n\n\n<h4 class=\"wp-block-heading has-text-align-left has-vivid-red-color has-text-color has-link-color wp-elements-6c80c0a8957b67949c0749e2c076d1e1\"><br><strong>Una invitaci\u00f3n<\/strong><\/h4>\n\n\n\n<p class=\"has-text-align-left\">Invitamos a los Hermanos ancianos o enfermos, especialmente a los que se encuentran en residencias de ancianos, a intensificar sus oraciones y a ofrecer sus dificultades por el bien de la Iglesia, por la paz en el mundo y tambi\u00e9n por nuestros Institutos Menesianos. En particular, les confiamos la causa de beatificaci\u00f3n del Padre de la Mennais, porque es un don que viene de Dios y podemos obtenerlo mediante su gracia.<\/p>\n\n\n\n<h4 class=\"wp-block-heading has-text-align-left has-vivid-red-color has-text-color has-link-color wp-elements-2f4e974b44d4639c54f3ed9959c3ee9b\"><strong>Una propuesta: <\/strong><\/h4>\n\n\n\n<p class=\"has-text-align-left\">Recitar (adem\u00e1s de la Novena) cada mes\/ o cada semana\/ o cada d\u00eda un ROSARIO por la BEATIFICACI\u00d3N del Padre de la Mennais.<\/p>\n\n\n\n<h4 class=\"wp-block-heading has-text-align-left has-text-color\" style=\"color:#104f74\"><br><strong>Oraci\u00f3n por la beatificaci\u00f3n<\/strong><\/h4>\n\n\n\n<figure class=\"wp-block-image size-full\"><img loading=\"lazy\" decoding=\"async\" width=\"450\" height=\"381\" src=\"https:\/\/menesianosoy.org\/wp-content\/uploads\/2024\/09\/ppp.png\" alt=\"\" class=\"wp-image-16112\" srcset=\"https:\/\/menesianosoy.org\/wp-content\/uploads\/2024\/09\/ppp.png 450w, https:\/\/menesianosoy.org\/wp-content\/uploads\/2024\/09\/ppp-300x254.png 300w\" sizes=\"auto, (max-width: 450px) 85vw, 450px\" \/><\/figure>\n\n\n\n<p class=\"has-text-align-left\"><img decoding=\"async\" class=\"wp-image-4140\" style=\"width: 150px;\" src=\"https:\/\/menesianosoy.org\/wp-content\/uploads\/2023\/09\/Juanma.jpg\" alt=\"\"><br><strong>Oh Dios, nuestro Padre,<br>T\u00fa has dado a Juan Mar\u00eda de la Mennais<br>un coraz\u00f3n generoso y un celo inquebrantable<br>para dar a conocer y hacer amar<br>a tu Hijo Jes\u00fas y su Evangelio.<br>Haz que sigamos su ejemplo.<br>Conc\u00e9denos que seamos capaces<br>de construir comunidades unidas y fraternas.<br>Ay\u00fadanos a que propongamos su Evangelio<br>a los j\u00f3venes de nuestro tiempo.<br>Para gloria de tu nombre<br>haz que la santidad de<br>Juan Mar\u00eda de la Mennais<br>sea reconocida y proclamada por la Iglesia.<br>D\u00edgnate concedernos por su intercesi\u00f3n<br>la curaci\u00f3n de las personas<br>encomendadas a Ti.<br>Por Jesucristo, Nuestro Se\u00f1or.<br>Am\u00e9n<br>Se\u00f1or Jes\u00fas,<br>glorifica a tu Siervo,<br>el venerable Juan Mar\u00eda de la Mennais<\/strong><\/p>\n\n\n\n<h4 class=\"wp-block-heading has-text-align-left has-vivid-red-color has-text-color has-link-color wp-elements-b485e971b8128ca1461a9bb89bd34ef5\"><br><em><strong>Para m\u00e1s informaci\u00f3n visitar la p\u00e1gina de la Congregaci\u00f3n<\/strong><\/em><\/h4>\n","protected":false},"excerpt":{"rendered":"<p>Intenciones para la Novena 1.- Por la curaci\u00f3n de las personas que se encomiendan al Se\u00f1or por la intercesi\u00f3n de Juan Mar\u00eda de la Mennais, y en general, por todas las personas enfermas en nuestros pa\u00edses respectivos. 2.- Para que crezca una aut\u00e9ntica devoci\u00f3n al P. Juan Mar\u00eda. Pedimos por las siguientes personas de nuestro &hellip; <a href=\"https:\/\/menesianosoy.org\/index.php\/2023\/08\/09\/novena-de-oracion-por-la-beatificacion-de-juan-maria\/\" class=\"more-link\">Continue reading<span class=\"screen-reader-text\"> \u00abNovena de oraci\u00f3n por la beatificaci\u00f3n de Juan Mar\u00eda\u00bb<\/span><\/a><\/p>\n","protected":false},"author":3,"featured_media":0,"comment_status":"closed","ping_status":"closed","sticky":false,"template":"","format":"standard","meta":{"_acf_changed":false,"footnotes":""},"categories":[17],"tags":[],"class_list":["post-617","post","type-post","status-publish","format-standard","hentry","category-novena"],"acf":[],"_links":{"self":[{"href":"https:\/\/menesianosoy.org\/index.php\/wp-json\/wp\/v2\/posts\/617","targetHints":{"allow":["GET"]}}],"collection":[{"href":"https:\/\/menesianosoy.org\/index.php\/wp-json\/wp\/v2\/posts"}],"about":[{"href":"https:\/\/menesianosoy.org\/index.php\/wp-json\/wp\/v2\/types\/post"}],"author":[{"embeddable":true,"href":"https:\/\/menesianosoy.org\/index.php\/wp-json\/wp\/v2\/users\/3"}],"replies":[{"embeddable":true,"href":"https:\/\/menesianosoy.org\/index.php\/wp-json\/wp\/v2\/comments?post=617"}],"version-history":[{"count":302,"href":"https:\/\/menesianosoy.org\/index.php\/wp-json\/wp\/v2\/posts\/617\/revisions"}],"predecessor-version":[{"id":34394,"href":"https:\/\/menesianosoy.org\/index.php\/wp-json\/wp\/v2\/posts\/617\/revisions\/34394"}],"wp:attachment":[{"href":"https:\/\/menesianosoy.org\/index.php\/wp-json\/wp\/v2\/media?parent=617"}],"wp:term":[{"taxonomy":"category","embeddable":true,"href":"https:\/\/menesianosoy.org\/index.php\/wp-json\/wp\/v2\/categories?post=617"},{"taxonomy":"post_tag","embeddable":true,"href":"https:\/\/menesianosoy.org\/index.php\/wp-json\/wp\/v2\/tags?post=617"}],"curies":[{"name":"wp","href":"https:\/\/api.w.org\/{rel}","templated":true}]}}