{"id":6358,"date":"2023-11-09T11:06:48","date_gmt":"2023-11-09T14:06:48","guid":{"rendered":"https:\/\/menesianosoy.org\/?p=6358"},"modified":"2025-11-27T17:23:22","modified_gmt":"2025-11-27T20:23:22","slug":"caridad","status":"publish","type":"post","link":"https:\/\/menesianosoy.org\/index.php\/2023\/11\/09\/caridad\/","title":{"rendered":"Caridad"},"content":{"rendered":"\n<p class=\"has-text-align-left\">Quiero que los Hermanos est\u00e9n llenos de indulgencia y de caridad para con sus hermanos, y que les disculpen en vez de acusarles. Esto no impide los buenos consejos que pueden darse entre ellos. Pero \u00bfcu\u00e1ntos esp\u00edritus falsos y envidiosos no juzgan mal las acciones de los dem\u00e1s? Ven una paja en el ojo de su hermano y no ven la viga que hay en el suyo. Alimenta tu coraz\u00f3n, si puedo hablar as\u00ed, de sencillez, de dulzura, de humildad, de caridad y de alegr\u00eda, y todo ir\u00e1 bien.<\/p>\n\n\n\n<h4 class=\"wp-block-heading has-text-align-left has-vivid-red-color has-text-color\"><br><strong><em>Ofrecimiento<\/em><\/strong><\/h4>\n\n\n\n<p class=\"has-text-align-left\"><strong><em>Se\u00f1or Jes\u00fas, al comenzar el d\u00eda,<br>te ofrecemos nuestra vida entera.<br>Que el amor fraterno reine <br>entre todos los que formamos la comunidad.<br>Que cada uno se siente feliz con la alegr\u00eda de los dem\u00e1s<br>y sufra con sus penas.<br>Que todos nos prestemos ayuda mutua<br>para ir a Dios y realizar su obra cada d\u00eda.<br>Que no existan jam\u00e1s entre nosotros<br>ni contiendas ni rivalidades,<br>ni secretas envidias, ni palabras duras.<br>Aparta de nosotros, Se\u00f1or, todo lo que hiere,<br>todo lo que divide, todo lo que altera la caridad.<br>Haz, Se\u00f1or, que hoy y siempre<br>intentemos ayudarnos unos a otros a ser santos.<br>Que todos vivamos hoy con dulzura,<br>paciencia, humildad y fidelidad a tu Palabra. <br>Am\u00e9n<\/em><\/strong><\/p>\n\n\n\n<h4 class=\"wp-block-heading has-text-align-left has-vivid-cyan-blue-color has-text-color\"><br><strong><em>Himno a la caridad<\/em><\/strong><\/h4>\n\n\n\n<figure class=\"wp-block-embed is-type-video is-provider-youtube wp-block-embed-youtube wp-embed-aspect-4-3 wp-has-aspect-ratio\"><div class=\"wp-block-embed__wrapper\">\n<iframe loading=\"lazy\" title=\"Himno a la caridad - camino neocatecumenal\" width=\"1140\" height=\"855\" src=\"https:\/\/www.youtube.com\/embed\/y8__lkmCv_E?feature=oembed\" frameborder=\"0\" allow=\"accelerometer; autoplay; clipboard-write; encrypted-media; gyroscope; picture-in-picture; web-share\" referrerpolicy=\"strict-origin-when-cross-origin\" allowfullscreen><\/iframe>\n<\/div><\/figure>\n\n\n\n<p class=\"has-text-align-left\">Aunque hablara las lenguas de los \u00e1ngeles,<br>si no tengo amor, nada.<br>Aunque tuviera el don de profec\u00eda<br>y conociera todos los misterios,<br>aunque tuviera plenitud de fe<br>y pudiera trasladar monta\u00f1as,<br>si no tengo amor, nada.<br>Aunque repartiera todos mis bienes a los pobres<br>y entregara mi cuerpo a las llamas,<br>si no tengo amor, nada.<br><br>Porque el amor, el amor, el amor<br>es paciente, es servicial,<br>no es envidioso,<br>no se jacta, no se engr\u00ede,<br>es decoroso,<br>no busca lo suyo, no se irrita,<br>no toma en cuenta el mal,<br>no toma en cuenta el mal,<br>no se alegra de la injusticia,<br>se alegra con la verdad.<br><br>Todo lo cree, todo lo excusa,&nbsp;&nbsp;&nbsp;<br>todo lo espera&nbsp;<br>soporta todo, soporta todo. (bis)&nbsp;&nbsp;&nbsp;&nbsp;<br>Porque el amor, el amor,<br>porque el amor es Dios,<br>es Dios, es Dios.<\/p>\n\n\n\n<h4 class=\"wp-block-heading has-text-align-left has-vivid-red-color has-text-color\"><br><strong><em>Salmodia<\/em><\/strong><\/h4>\n\n\n\n<p class=\"has-text-align-left\"><em>Ant\u00edfona 1:<\/em><br><em>Mientras permanezcamos unidos, seremos fuertes y dichosos; s\u00ed, esta uni\u00f3n santa ser\u00e1 el encanto, la gracia y la fuerza de nuestra sociedad.<\/em><\/p>\n\n\n\n<p class=\"has-text-align-left\"><em><strong>Salmo 132<\/strong><br><strong>Felicidad de la concordia fraterna<\/strong><\/em><\/p>\n\n\n\n<p class=\"has-text-align-left\">Vean qu\u00e9 dulzura, qu\u00e9 delicia,&nbsp;<br>convivir los hermanos unidos.&nbsp;<br><br>Es ung\u00fcento precioso en la cabeza,&nbsp;<br>que va bajando por la barba,&nbsp;<br>que baja por la barba de Aar\u00f3n,&nbsp;<br>hasta la franja de su ornamento.&nbsp;<br><br>Es roc\u00edo del Herm\u00f3n, que va bajando&nbsp;<br>sobre el monte Sion.&nbsp;<br>Porque all\u00ed manda el Se\u00f1or la bendici\u00f3n:&nbsp;<br>la vida para siempre.<br><br>Gloria al Padre, y al Hijo, y al Esp\u00edritu Santo.<br>Como era en el principio, ahora y siempre, por los siglos de los siglos. Am\u00e9n.<br><\/p>\n\n\n\n<p class=\"has-text-align-left\"><em>Ant\u00edfona 1<\/em>:<br><em>Mientras permanezcamos unidos, seremos fuertes y dichosos; s\u00ed, esta uni\u00f3n santa ser\u00e1 el encanto, la gracia y la fuerza de nuestra sociedad.<\/em><\/p>\n\n\n\n<h2 class=\"wp-block-heading has-white-color has-text-color\">.<\/h2>\n\n\n\n<p class=\"has-text-align-left\"><em>Ant\u00edfona 2:<\/em><br><em>Como \u00c9l, nos ofrecemos a Dios, nos colocamos en el altar como hostia, para ser consumidos por el fuego de la caridad.<\/em><\/p>\n\n\n\n<p><em><strong>Salmo 77<\/strong><br><strong>Escucha, pueblo m\u00edo, mi ense\u00f1anza<\/strong><\/em><\/p>\n\n\n\n<p class=\"has-text-align-left\">Escucha, pueblo m\u00edo, mi ense\u00f1anza,&nbsp;<br>inclina el o\u00eddo a las palabras de mi boca:&nbsp;<br>que voy a abrir mi boca a las sentencias,&nbsp;<br>para que broten los enigmas del pasado.&nbsp;<br><br>Lo que o\u00edmos y aprendimos,&nbsp;<br>lo que nuestros padres nos contaron,&nbsp;<br>no lo ocultaremos a sus hijos,&nbsp;<br>lo contaremos a la futura generaci\u00f3n:&nbsp;<br><br>las alabanzas del Se\u00f1or, su poder,&nbsp;<br>las maravillas que realiz\u00f3;&nbsp;<br>porque \u00e9l estableci\u00f3 una norma para Jacob,&nbsp;<br>dio una ley a Israel.&nbsp;<br><br>\u00c9l mand\u00f3 a nuestros padres&nbsp;<br>que lo ense\u00f1aran a sus hijos,&nbsp;<br>para que lo supiera la generaci\u00f3n siguiente,&nbsp;<br>los hijos que nacieran despu\u00e9s.&nbsp;<br><br>Que surjan y lo cuenten a sus hijos,&nbsp;<br>para que pongan en Dios su confianza&nbsp;<br>y no olviden las acciones de Dios,&nbsp;<br>sino que guarden sus mandamientos;&nbsp;<br><br>para que no imiten a sus padres,&nbsp;<br>generaci\u00f3n rebelde y pertinaz;&nbsp;<br>generaci\u00f3n de coraz\u00f3n inconstante,&nbsp;<br>de esp\u00edritu infiel a Dios.&nbsp;<br><br>Los arqueros de la tribu de Efra\u00edn&nbsp;<br>volvieron la espalda en la batalla;&nbsp;<br>no guardaron la alianza de Dios,&nbsp;<br>se negaron a seguir su ley,&nbsp;<br><br>echando en olvido sus acciones,&nbsp;<br>las maravillas que les hab\u00eda mostrado,&nbsp;<br>cuando hizo portentos a vista de sus padres,&nbsp;<br>en el pa\u00eds de Egipto, en el campo de So\u00e1n:&nbsp;<br><br>hendi\u00f3 el mar para darles paso,&nbsp;<br>sujetando las aguas como muros;&nbsp;<br>los guiaba de d\u00eda con una nube,&nbsp;<br>la noche con el resplandor del fuego;&nbsp;<br><br>hendi\u00f3 la roca en el desierto,&nbsp;<br>y les dio a beber raudales de agua;&nbsp;<br>sac\u00f3 arroyos de la pe\u00f1a,&nbsp;<br>hizo correr las aguas como r\u00edos.&nbsp;<br><br>Pero ellos volvieron a pecar contra \u00e9l,&nbsp;<br>y en el desierto se rebelaron contra el Alt\u00edsimo:&nbsp;<br>tentaron a Dios en sus corazones,&nbsp;<br>pidiendo una comida a su gusto;&nbsp;<br><br>hablaron contra Dios: \u00ab\u00bfpodr\u00e1 Dios&nbsp;<br>preparar una mesa en el desierto?&nbsp;<br>El hiri\u00f3 la roca, brot\u00f3 agua&nbsp;<br>y desbordaron los torrentes;&nbsp;<br>pero \u00bfpodr\u00e1 tambi\u00e9n darnos pan,&nbsp;<br>proveer de carne a su pueblo?\u00bb&nbsp;<br><br>Lo oy\u00f3 el Se\u00f1or, y se indign\u00f3;&nbsp;<br>un fuego se encendi\u00f3 contra Jacob,&nbsp;<br>herv\u00eda su c\u00f3lera contra Israel,&nbsp;<br>porque no ten\u00edan fe en Dios&nbsp;<br>ni confiaban en su auxilio.&nbsp;<br><br>Pero dio orden a las altas nubes,&nbsp;<br>abri\u00f3 las compuertas del cielo:&nbsp;<br>hizo llover sobre ellos man\u00e1,&nbsp;<br>les dio un trigo celeste;&nbsp;<br>y el hombre comi\u00f3 pan de \u00e1ngeles,&nbsp;<br>les mand\u00f3 provisiones hasta la hartura.&nbsp;<br><br>Hizo soplar desde el cielo el levante,&nbsp;<br>y dirigi\u00f3 con su fuerza el viento sur;&nbsp;<br>hizo llover carne como una polvareda,&nbsp;<br>y vol\u00e1tiles como arena del mar;&nbsp;<br>los hizo caer en mitad del campamento,&nbsp;<br>alrededor de sus tiendas.&nbsp;<br><br>Ellos comieron y se hartaron,&nbsp;<br>as\u00ed satisfizo su avidez;&nbsp;<br>pero, con la avidez reci\u00e9n saciada,&nbsp;<br>con la comida a\u00fan en la boca,&nbsp;<br>la ira de Dios hirvi\u00f3 contra ellos:&nbsp;<br>mat\u00f3 a los m\u00e1s robustos,&nbsp;<br>dobleg\u00f3 a la flor de Israel.&nbsp;<br><br>Y, con todo, volvieron a pecar,&nbsp;<br>y no dieron fe a sus milagros:&nbsp;<br>entonces consumi\u00f3 sus d\u00edas en un soplo,&nbsp;<br>sus a\u00f1os en un momento.<br><br>Lo adulaban con sus bocas,&nbsp;<br>pero sus lenguas ment\u00edan:&nbsp;<br>su coraz\u00f3n no era sincero con \u00e9l,&nbsp;<br>ni eran fieles a su alianza.&nbsp;<br><br>\u00c9l, en cambio, sent\u00eda l\u00e1stima,&nbsp;<br>perdonaba la culpa y no los destru\u00eda:&nbsp;<br>una y otra vez reprimi\u00f3 su c\u00f3lera,&nbsp;<br>y no despertaba todo su furor;&nbsp;<br>acord\u00e1ndose de que eran de carne,&nbsp;<br>un aliento fugaz que no torna.<\/p>\n\n\n\n<p class=\"has-text-align-left\">Gloria al Padre, y al Hijo, y al Esp\u00edritu Santo.<br>Como era en el principio, ahora y siempre, por los siglos de los siglos. Am\u00e9n.<\/p>\n\n\n\n<h5 class=\"wp-block-heading has-small-font-size\">Sugerencia: Dedicar unos minutos a hacer memoria de la historia de amor de Dios para conmigo, c\u00f3mo su amor y su misericordia se manifiestan en mi vida.<\/h5>\n\n\n\n<p class=\"has-text-align-left\"><em>Ant\u00edfona 2:<\/em><br><em>Como \u00c9l, nos ofrecemos a Dios, nos colocamos en el altar como hostia, para ser consumidos por el fuego de la caridad.<\/em><\/p>\n\n\n\n<h4 class=\"wp-block-heading has-text-align-left has-vivid-red-color has-text-color\"><br><strong>Palabras de Juan Mar\u00eda de la Mennais<\/strong><\/h4>\n\n\n\n<p class=\"has-text-align-left\"><img decoding=\"async\" class=\"wp-image-4140\" style=\"width: 150px;\" src=\"https:\/\/menesianosoy.org\/wp-content\/uploads\/2023\/09\/Juanma.jpg\" alt=\"\"><br><em>Los m\u00e1s peque\u00f1os roces de car\u00e1cter, si puedo expresarme as\u00ed, al repetirse a todas las horas, causan enseguida desgarramientos. Es necesario, pues, que el aceite de la caridad alivie y cure estas llagas, en apariencia, peque\u00f1as pero en realidad muy peligrosas, puesto que se envenenan en seguida.<br>Am\u00e9monos como hermanos, con las entra\u00f1as de Cristo, sigamos el consejo del ap\u00f3stol: que nada altere nuestra paz, nuestra uni\u00f3n, esta uni\u00f3n santa que no ser\u00e1 rota por la muerte, ser\u00e1 eterna como Dios mismo<\/em>.<\/p>\n\n\n\n<h4 class=\"wp-block-heading has-text-align-left has-vivid-red-color has-text-color\"><br><strong>C\u00e1ntico evang\u00e9lico<\/strong><\/h4>\n\n\n\n<p class=\"has-text-align-left\"><em>Ant\u00edfona:<\/em><br><em>Para cumplir fielmente su misi\u00f3n, los Hermanos vivir\u00e1n en uni\u00f3n perfecta, as\u00ed como tambi\u00e9n en sincera caridad.<\/em><\/p>\n\n\n\n<figure class=\"wp-block-embed is-type-video is-provider-youtube wp-block-embed-youtube wp-embed-aspect-16-9 wp-has-aspect-ratio\"><div class=\"wp-block-embed__wrapper\">\n<iframe loading=\"lazy\" title=\"BENEDICTUS  - Camino neocatecumenal\" width=\"1140\" height=\"641\" src=\"https:\/\/www.youtube.com\/embed\/ssLCmKP-miE?feature=oembed\" frameborder=\"0\" allow=\"accelerometer; autoplay; clipboard-write; encrypted-media; gyroscope; picture-in-picture; web-share\" referrerpolicy=\"strict-origin-when-cross-origin\" allowfullscreen><\/iframe>\n<\/div><\/figure>\n\n\n\n<p class=\"has-text-align-left\">Bendito sea el Se\u00f1or,<br>Dios de Israel,<br>porque ha visitado y redimido a su pueblo,<br>suscit\u00e1ndonos una fuerza de salvaci\u00f3n<br>en la casa de David, su siervo.<br><br>Seg\u00fan lo hab\u00eda predicho desde antiguo<br>por la boca de sus santos profetas.<br>Es la salvaci\u00f3n que nos libra de nuestros enemigos<br>y de la mano de todos los que nos odian;<br>realizando as\u00ed la misericordia <br>que tuvo con nuestros padres,<br>recordando su santa alianza<br>y el juramento que hizo a nuestro padre Abraham.<br>Para concedernos que, libres de todo temor,<br>arrancados de la mano de nuestros enemigos,<br>le sirvamos en santidad y justicia,<br>en su presencia, todos los d\u00edas de nuestra vida.<br><br>Bendito sea el Se\u00f1or,<br>Dios de Israel,<br>porque ha visitado y redimido a su pueblo,<br>suscit\u00e1ndonos una fuerza de salvaci\u00f3n<br>en la casa de David, su siervo.<br><br>Y a ti ni\u00f1o, te llamar\u00e1n profeta del Alt\u00edsimo,<br>porque ir\u00e1s delante del Se\u00f1or<br>a preparar sus caminos,<br>anunciando a su pueblo la salvaci\u00f3n<br>el perd\u00f3n de todos sus pecados.<br>Por la entra\u00f1able misericordia de nuestro Dios,<br>nos visitar\u00e1 el sol que nace de lo alto,<br>para iluminar a los que viven en tinieblas,<br>y en sombras de muerte,<br>para guiar nuestros pasos<br>por el camino de la paz.<br><br>Bendito sea el Se\u00f1or,<br>Dios de Israel,<br>porque ha visitado y redimido a su pueblo,<br>suscit\u00e1ndonos una fuerza de salvaci\u00f3n<br>en la casa de David, su siervo.<\/p>\n\n\n\n<p class=\"has-text-align-left\"><em>Ant\u00edfona:<\/em><br><em>Para cumplir fielmente su misi\u00f3n, los Hermanos vivir\u00e1n en uni\u00f3n perfecta, as\u00ed como tambi\u00e9n en sincera caridad.<\/em><\/p>\n\n\n\n<h3 class=\"wp-block-heading has-vivid-red-color has-text-color\"><br><strong>Preces<\/strong><\/h3>\n\n\n\n<p class=\"has-text-align-left\">A cada intenci\u00f3n respondemos:<\/p>\n\n\n\n<p class=\"has-text-align-left\"><strong><em>Que entre nosotros reine la caridad<\/em><\/strong><\/p>\n\n\n\n<p class=\"has-text-align-left\">-. Que estemos llenos de indulgencia y misericordia los unos para con los otros.<br>-. Que no juzguemos severamente a nadie, porque no somos qui\u00e9nes.<br>-. Que permanezcamos unidos en Jesucristo por el amor.<br>-. Que la uni\u00f3n sea el encanto, la gracia y la fuerza de nuestra comunidad.<br>-. Que estemos siempre dispuestos a servir con alegr\u00eda a nuestros hermanos.<br>-. Que consideremos a los dem\u00e1s como m\u00e1s dignos.<\/p>\n\n\n\n<h4 class=\"wp-block-heading has-text-align-left has-vivid-red-color has-text-color\"><br><strong>Padre nuestro<\/strong><\/h4>\n\n\n\n<h4 class=\"wp-block-heading has-text-align-left has-vivid-red-color has-text-color\"><br><strong>Oraci\u00f3n final<\/strong><\/h4>\n\n\n\n<p class=\"has-text-align-left\">Padre bueno, que el amor reine entre todos los miembros del Instituto y especialmente entre los de la misma comunidad, evitando las contiendas, las rivalidades, las secretas envidias, las palabras burlonas, todo lo que hiere, todo lo que divide los esp\u00edritus y altera la caridad. Por Jesucristo nuestro Se\u00f1or, am\u00e9n.<br><br><\/p>\n","protected":false},"excerpt":{"rendered":"<p>Quiero que los Hermanos est\u00e9n llenos de indulgencia y de caridad para con sus hermanos, y que les disculpen en vez de acusarles. Esto no impide los buenos consejos que pueden darse entre ellos. Pero \u00bfcu\u00e1ntos esp\u00edritus falsos y envidiosos no juzgan mal las acciones de los dem\u00e1s? Ven una paja en el ojo de &hellip; <a href=\"https:\/\/menesianosoy.org\/index.php\/2023\/11\/09\/caridad\/\" class=\"more-link\">Continue reading<span class=\"screen-reader-text\"> \u00abCaridad\u00bb<\/span><\/a><\/p>\n","protected":false},"author":3,"featured_media":6360,"comment_status":"closed","ping_status":"closed","sticky":false,"template":"","format":"standard","meta":{"_acf_changed":false,"footnotes":""},"categories":[15],"tags":[],"class_list":["post-6358","post","type-post","status-publish","format-standard","has-post-thumbnail","hentry","category-laudes"],"acf":[],"_links":{"self":[{"href":"https:\/\/menesianosoy.org\/index.php\/wp-json\/wp\/v2\/posts\/6358","targetHints":{"allow":["GET"]}}],"collection":[{"href":"https:\/\/menesianosoy.org\/index.php\/wp-json\/wp\/v2\/posts"}],"about":[{"href":"https:\/\/menesianosoy.org\/index.php\/wp-json\/wp\/v2\/types\/post"}],"author":[{"embeddable":true,"href":"https:\/\/menesianosoy.org\/index.php\/wp-json\/wp\/v2\/users\/3"}],"replies":[{"embeddable":true,"href":"https:\/\/menesianosoy.org\/index.php\/wp-json\/wp\/v2\/comments?post=6358"}],"version-history":[{"count":2,"href":"https:\/\/menesianosoy.org\/index.php\/wp-json\/wp\/v2\/posts\/6358\/revisions"}],"predecessor-version":[{"id":29793,"href":"https:\/\/menesianosoy.org\/index.php\/wp-json\/wp\/v2\/posts\/6358\/revisions\/29793"}],"wp:featuredmedia":[{"embeddable":true,"href":"https:\/\/menesianosoy.org\/index.php\/wp-json\/wp\/v2\/media\/6360"}],"wp:attachment":[{"href":"https:\/\/menesianosoy.org\/index.php\/wp-json\/wp\/v2\/media?parent=6358"}],"wp:term":[{"taxonomy":"category","embeddable":true,"href":"https:\/\/menesianosoy.org\/index.php\/wp-json\/wp\/v2\/categories?post=6358"},{"taxonomy":"post_tag","embeddable":true,"href":"https:\/\/menesianosoy.org\/index.php\/wp-json\/wp\/v2\/tags?post=6358"}],"curies":[{"name":"wp","href":"https:\/\/api.w.org\/{rel}","templated":true}]}}