{"id":6546,"date":"2023-11-12T17:42:22","date_gmt":"2023-11-12T20:42:22","guid":{"rendered":"https:\/\/menesianosoy.org\/?p=6546"},"modified":"2023-11-16T22:10:34","modified_gmt":"2023-11-17T01:10:34","slug":"santos-roque-gonzalez-alfonso-rodriguez-y-juan-castillo-2","status":"publish","type":"post","link":"https:\/\/menesianosoy.org\/index.php\/2023\/11\/12\/santos-roque-gonzalez-alfonso-rodriguez-y-juan-castillo-2\/","title":{"rendered":"Santos Roque Gonz\u00e1lez, Alfonso Rodr\u00edguez y Juan Castillo"},"content":{"rendered":"\n<h5 class=\"wp-block-heading has-text-align-left has-vivid-purple-color has-text-color has-link-color wp-elements-b91106d7c5763f0ca1d6f051d194c742\"><em>1819 &#8211; Despu\u00e9s de 5 a\u00f1os desarrollando las funciones de Vicario capitular en Saint-Brieuc, el Padre la Mennais es nombrado Vicario general de Monse\u00f1or de la Romag\u00e8re.<\/em><\/h5>\n\n\n\n<h4 class=\"wp-block-heading has-text-align-left has-vivid-cyan-blue-color has-text-color\"><br><strong><em>Oraci\u00f3n<\/em><\/strong><\/h4>\n\n\n\n<p class=\"has-text-align-left\"><strong><em>Se\u00f1or, que has dicho:<br>Dejen que los ni\u00f1os vengan a M\u00ed.<br>T\u00fa me has inspirado el deseo<br>de dedicar mi vida<br>a los ni\u00f1os y j\u00f3venes<br>para llevarlos a Ti.<br>D\u00edgnate bendecir mi vocaci\u00f3n,<br>as\u00edsteme en mis trabajos de hoy,<br>derrama sobre m\u00ed,<br>sobre todos mis hermanos<br>y sobre todos los que trabajamos<br>en esta obra educativa,<br>el esp\u00edritu de fortaleza,<br>de caridad y de humildad,<br>para que nada nos aparte<br>de tu servicio.<br>Haz que hoy cumpla con celo<br>el ministerio educativo<br>al que nos has consagrado.<br>Hazme perseverar hasta el fin<br>para alcanzar as\u00ed<br>la salvaci\u00f3n que nos<br>has prometido. Am\u00e9n<\/em><\/strong><\/p>\n\n\n\n<h4 class=\"wp-block-heading has-text-align-left has-vivid-cyan-blue-color has-text-color\"><br><strong><em>Intenciones<\/em><\/strong><\/h4>\n\n\n\n<ul class=\"wp-block-list\">\n<li>Por la familia menesiana de San Borja.<\/li>\n\n\n\n<li>Por la comunidad de Dolbeau (Canad\u00e1) y la de Lom\u00e9 (Togo).<\/li>\n\n\n\n<li>Por las vocaciones y los formadores de Tanzania.<\/li>\n\n\n\n<li>Por las misiones.<\/li>\n\n\n\n<li>Por la paz en el mundo.<\/li>\n<\/ul>\n\n\n\n<h4 class=\"wp-block-heading has-text-align-left has-vivid-cyan-blue-color has-text-color\"><br><strong><em>Directorio 57 b<\/em><\/strong><\/h4>\n\n\n\n<p class=\"has-text-align-left\">La obediencia, lejos de disminuir la dignidad de la persona, la lleva a la madurez haciendo crecer en ella la libertad de los hijos de Dios.<\/p>\n\n\n\n<h4 class=\"wp-block-heading has-text-align-left has-vivid-cyan-blue-color has-text-color\"><br><strong><em>A los sacerdotes de Saint-M\u00e9en. Serm\u00f3n sobre la perfecci\u00f3n<\/em><\/strong><\/h4>\n\n\n\n<p class=\"has-text-align-left\">\u00bfNo tienes un secreto deseo, no s\u00f3lo de ser perfecto, sino de saber que lo eres, de verte a ti mismo sin mancha y sin arruga? Dios siempre rechazar\u00e1 esta consideraci\u00f3n porque quiere que nos apoyemos, no en nuestra inocencia, sino en su misericordia.<\/p>\n\n\n\n<h4 class=\"wp-block-heading has-text-align-left has-vivid-cyan-blue-color has-text-color\"><br><strong><em>Difuntos<\/em><\/strong><\/h4>\n\n\n\n<p class=\"has-text-align-left\">2004: Valeriano Basconcillos (Mauricio). Naci\u00f3 en Llanillo (Burgos) en Muri\u00f3 en Madrid.<br><br>1978: Guillaume Carri\u00e8re (Beno\u00eet-Joseph)<br>2020: Jean Charron (Jean-Thomas)<\/p>\n\n\n\n<p class=\"has-vivid-cyan-blue-background-color has-background\"><\/p>\n\n\n\n<h5 class=\"wp-block-heading has-text-align-left has-small-font-size\">ROQUE GONZALEZ (1576-1628), ALFONSO RODRIGUEZ OLMEDO (1598-1628) y JUAN DEL CASTILLO (1595-1628) fueron sacerdotes jesuitas que realizaron misiones y crearon reducciones en una amplia zona de Paraguay y Brasil. Estando en 1628, Roque y Alfonso en el pueblo de Todos los Santos de Caar\u00f3 y Juan en la reducci\u00f3n de Nuestra Se\u00f1ora de la Asunci\u00f3n de&nbsp;Iju\u00ed, en el actual estado brasile\u00f1o de Rio Grande del Sur, fueron asesinados por orden de un cacique guaran\u00ed, que se resist\u00eda a la evangelizaci\u00f3n. Fueron canonizados por Juan Pablo II en 1988.<\/h5>\n","protected":false},"excerpt":{"rendered":"<p>1819 &#8211; Despu\u00e9s de 5 a\u00f1os desarrollando las funciones de Vicario capitular en Saint-Brieuc, el Padre la Mennais es nombrado Vicario general de Monse\u00f1or de la Romag\u00e8re. Oraci\u00f3n Se\u00f1or, que has dicho:Dejen que los ni\u00f1os vengan a M\u00ed.T\u00fa me has inspirado el deseode dedicar mi vidaa los ni\u00f1os y j\u00f3venespara llevarlos a Ti.D\u00edgnate bendecir mi &hellip; <a href=\"https:\/\/menesianosoy.org\/index.php\/2023\/11\/12\/santos-roque-gonzalez-alfonso-rodriguez-y-juan-castillo-2\/\" class=\"more-link\">Continue reading<span class=\"screen-reader-text\"> \u00abSantos Roque Gonz\u00e1lez, Alfonso Rodr\u00edguez y Juan Castillo\u00bb<\/span><\/a><\/p>\n","protected":false},"author":3,"featured_media":0,"comment_status":"closed","ping_status":"closed","sticky":false,"template":"","format":"standard","meta":{"_acf_changed":false,"footnotes":""},"categories":[3],"tags":[],"class_list":["post-6546","post","type-post","status-publish","format-standard","hentry","category-calendario"],"acf":[],"_links":{"self":[{"href":"https:\/\/menesianosoy.org\/index.php\/wp-json\/wp\/v2\/posts\/6546","targetHints":{"allow":["GET"]}}],"collection":[{"href":"https:\/\/menesianosoy.org\/index.php\/wp-json\/wp\/v2\/posts"}],"about":[{"href":"https:\/\/menesianosoy.org\/index.php\/wp-json\/wp\/v2\/types\/post"}],"author":[{"embeddable":true,"href":"https:\/\/menesianosoy.org\/index.php\/wp-json\/wp\/v2\/users\/3"}],"replies":[{"embeddable":true,"href":"https:\/\/menesianosoy.org\/index.php\/wp-json\/wp\/v2\/comments?post=6546"}],"version-history":[{"count":7,"href":"https:\/\/menesianosoy.org\/index.php\/wp-json\/wp\/v2\/posts\/6546\/revisions"}],"predecessor-version":[{"id":6580,"href":"https:\/\/menesianosoy.org\/index.php\/wp-json\/wp\/v2\/posts\/6546\/revisions\/6580"}],"wp:attachment":[{"href":"https:\/\/menesianosoy.org\/index.php\/wp-json\/wp\/v2\/media?parent=6546"}],"wp:term":[{"taxonomy":"category","embeddable":true,"href":"https:\/\/menesianosoy.org\/index.php\/wp-json\/wp\/v2\/categories?post=6546"},{"taxonomy":"post_tag","embeddable":true,"href":"https:\/\/menesianosoy.org\/index.php\/wp-json\/wp\/v2\/tags?post=6546"}],"curies":[{"name":"wp","href":"https:\/\/api.w.org\/{rel}","templated":true}]}}