{"id":6791,"date":"2023-11-19T11:25:54","date_gmt":"2023-11-19T14:25:54","guid":{"rendered":"https:\/\/menesianosoy.org\/?p=6791"},"modified":"2023-11-23T07:53:59","modified_gmt":"2023-11-23T10:53:59","slug":"beato-miguel-agustin-pro-san-clemente-i-2","status":"publish","type":"post","link":"https:\/\/menesianosoy.org\/index.php\/2023\/11\/19\/beato-miguel-agustin-pro-san-clemente-i-2\/","title":{"rendered":"Beato Miguel Agust\u00edn Pro &#8211; San Clemente I"},"content":{"rendered":"\n<h5 class=\"wp-block-heading has-text-align-left has-vivid-purple-color has-text-color has-link-color wp-elements-35fe06f866d270547c56373b2f030649\"><em>1903 &#8211; En Vitr\u00e9, el comandante Henri de Sonis, rehusa participar en la expulsi\u00f3n de los Hermanos de La Guerche y presenta su dimisi\u00f3n.<\/em><\/h5>\n\n\n\n<h4 class=\"wp-block-heading has-vivid-cyan-blue-color has-text-color has-link-color wp-elements-a6f5eaa99d909bfd6e57780c4f7f6880\"><br><strong><em>Oraci\u00f3n<\/em><\/strong><\/h4>\n\n\n\n<p class=\"has-text-align-left\"><strong><em>Padre bueno,<br>te doy gracias por la vida,<br>regalo de tu amor.<br>Haz que la comparta con todos:<br>con mis hermanos,<br>con mi familia,<br>con mis amigos,<br>tejiendo lazos como lo hizo Jes\u00fas.<br>Env\u00edame tu Esp\u00edritu Santo<br>para descubrir lo que quieres de m\u00ed.<br>Hazme cada d\u00eda m\u00e1s parecido a tu Hijo:<br>que sus sentimientos<br>sean mis sentimientos,<br>que sus pensamientos<br>sean mis pensamientos,<br>que su proyecto sea mi proyecto,<br>que ame como \u00c9l am\u00f3.<br>Como a Mar\u00eda, Padre Bueno,<br>conc\u00e9denos a todos<br>un coraz\u00f3n d\u00f3cil a tu Palabra.<br>Am\u00e9n<\/em><\/strong><\/p>\n\n\n\n<h4 class=\"wp-block-heading has-text-align-left has-vivid-cyan-blue-color has-text-color has-link-color wp-elements-564a444a1f0ca783c9e89e5254ecd0b3\"><br><strong><em>Intenciones<\/em><\/strong><\/h4>\n\n\n\n<ul class=\"wp-block-list\">\n<li>Por las vocaciones menesianas en nuestro Distrito y la casa de formaci\u00f3n de El Alto.<\/li>\n\n\n\n<li>Por la comunidad educativa de La Escuelita de Luj\u00e1n de Cuyo.<\/li>\n\n\n\n<li>Por la comunidad de Zamora (Espa\u00f1a) y la de Shawinigan en Qu\u00e9bec (Canad\u00e1).<\/li>\n\n\n\n<li>Por el Cap\u00edtulo General.<\/li>\n<\/ul>\n\n\n\n<h4 class=\"wp-block-heading has-text-align-left has-vivid-cyan-blue-color has-text-color has-link-color wp-elements-2bd63c9fabc400963a670ee08b6f9f6c\"><br><strong><em>Directorio 110 b<\/em><\/strong><\/h4>\n\n\n\n<p class=\"has-text-align-left\">Habiendo centrado su vida en el Reino de Dios ya presente en nuestra historia y sin embargo dedicado a la construcci\u00f3n de la ciudad terrena, el Hermano hace resaltar la transcendencia de las realidades humanas, en su tarea educativa.<\/p>\n\n\n\n<h4 class=\"wp-block-heading has-text-align-left has-vivid-cyan-blue-color has-text-color has-link-color wp-elements-18a0e62486ea7ff3c4187dc99584906a\"><br><strong><em>A la Srta. H\u00e9l\u00e8ne de Lucini\u00e8re, 27 marzo de 1848<\/em><\/strong><\/h4>\n\n\n\n<p class=\"has-text-align-left\">Amo tanto a esta buena Providencia, que quiero dejarme devorar por ella; en la vida y en la muerte, la bendecir\u00e9.<\/p>\n\n\n\n<h4 class=\"wp-block-heading has-text-align-left has-vivid-cyan-blue-color has-text-color has-link-color wp-elements-388e9b22edf388f9d915f1259eebbf73\"><br><strong><em>Difuntos<\/em><\/strong><\/h4>\n\n\n\n<p class=\"has-text-align-left\">1989: Albert Picard (F\u00e9lix-Albert)<br>2000: Oscar Gagn\u00e9 (Isidore-Jean) y Omer Poulin (Candidien-Marie)<\/p>\n\n\n\n<p class=\"has-vivid-purple-background-color has-background\"><\/p>\n\n\n\n<h5 class=\"wp-block-heading has-text-align-left has-small-font-size\">MIGUEL AGUST\u00cdN PRO (1891-1927) fue un sacerdote jesuita mexicano martirizado durante la Guerra Cristera. Siendo sacerdote en la ciudad de M\u00e9xico fue consejero de la Liga Nacional para la Defensa de la Libertad Religiosa y otros movimientos. Fue acusado de conspiraci\u00f3n junto con su hermano Humberto. Se decret\u00f3 su fusilamiento por orden directa del presidente Plutarco Calles. Su caso fue uno de los que se esgrimieron como ejemplo de los excesos del gobierno en ese per\u00edodo. Fue beatificado en 1988.<\/h5>\n","protected":false},"excerpt":{"rendered":"<p>1903 &#8211; En Vitr\u00e9, el comandante Henri de Sonis, rehusa participar en la expulsi\u00f3n de los Hermanos de La Guerche y presenta su dimisi\u00f3n. Oraci\u00f3n Padre bueno,te doy gracias por la vida,regalo de tu amor.Haz que la comparta con todos:con mis hermanos,con mi familia,con mis amigos,tejiendo lazos como lo hizo Jes\u00fas.Env\u00edame tu Esp\u00edritu Santopara descubrir &hellip; <a href=\"https:\/\/menesianosoy.org\/index.php\/2023\/11\/19\/beato-miguel-agustin-pro-san-clemente-i-2\/\" class=\"more-link\">Continue reading<span class=\"screen-reader-text\"> \u00abBeato Miguel Agust\u00edn Pro &#8211; San Clemente I\u00bb<\/span><\/a><\/p>\n","protected":false},"author":3,"featured_media":0,"comment_status":"closed","ping_status":"closed","sticky":false,"template":"","format":"standard","meta":{"_acf_changed":false,"footnotes":""},"categories":[3],"tags":[],"class_list":["post-6791","post","type-post","status-publish","format-standard","hentry","category-calendario"],"acf":[],"_links":{"self":[{"href":"https:\/\/menesianosoy.org\/index.php\/wp-json\/wp\/v2\/posts\/6791","targetHints":{"allow":["GET"]}}],"collection":[{"href":"https:\/\/menesianosoy.org\/index.php\/wp-json\/wp\/v2\/posts"}],"about":[{"href":"https:\/\/menesianosoy.org\/index.php\/wp-json\/wp\/v2\/types\/post"}],"author":[{"embeddable":true,"href":"https:\/\/menesianosoy.org\/index.php\/wp-json\/wp\/v2\/users\/3"}],"replies":[{"embeddable":true,"href":"https:\/\/menesianosoy.org\/index.php\/wp-json\/wp\/v2\/comments?post=6791"}],"version-history":[{"count":9,"href":"https:\/\/menesianosoy.org\/index.php\/wp-json\/wp\/v2\/posts\/6791\/revisions"}],"predecessor-version":[{"id":6875,"href":"https:\/\/menesianosoy.org\/index.php\/wp-json\/wp\/v2\/posts\/6791\/revisions\/6875"}],"wp:attachment":[{"href":"https:\/\/menesianosoy.org\/index.php\/wp-json\/wp\/v2\/media?parent=6791"}],"wp:term":[{"taxonomy":"category","embeddable":true,"href":"https:\/\/menesianosoy.org\/index.php\/wp-json\/wp\/v2\/categories?post=6791"},{"taxonomy":"post_tag","embeddable":true,"href":"https:\/\/menesianosoy.org\/index.php\/wp-json\/wp\/v2\/tags?post=6791"}],"curies":[{"name":"wp","href":"https:\/\/api.w.org\/{rel}","templated":true}]}}