{"id":6814,"date":"2023-11-19T12:03:45","date_gmt":"2023-11-19T15:03:45","guid":{"rendered":"https:\/\/menesianosoy.org\/?p=6814"},"modified":"2023-11-19T12:10:47","modified_gmt":"2023-11-19T15:10:47","slug":"san-andres-dung-lac-y-companeros-martires-2","status":"publish","type":"post","link":"https:\/\/menesianosoy.org\/index.php\/2023\/11\/19\/san-andres-dung-lac-y-companeros-martires-2\/","title":{"rendered":"San Andr\u00e9s Dung-Lac y compa\u00f1eros m\u00e1rtires"},"content":{"rendered":"\n<h4 class=\"wp-block-heading has-text-align-left has-vivid-cyan-blue-color has-text-color has-link-color wp-elements-b639f3f75c48ff3a64693f74e11e936e\"><br><strong><em>Oraci\u00f3n<\/em><\/strong><\/h4>\n\n\n\n<p class=\"has-text-align-left\"><strong><em>Se\u00f1or, que has dicho:<br>Dejen que los ni\u00f1os vengan a M\u00ed.<br>T\u00fa me has inspirado el deseo<br>de dedicar mi vida<br>a los ni\u00f1os y j\u00f3venes<br>para llevarlos a Ti.<br>D\u00edgnate bendecir mi vocaci\u00f3n,<br>as\u00edsteme en mis trabajos de hoy,<br>derrama sobre m\u00ed,<br>sobre todos mis hermanos<br>y sobre todos los que trabajamos<br>en esta obra educativa,<br>el esp\u00edritu de fortaleza,<br>de caridad y de humildad,<br>para que nada nos aparte<br>de tu servicio.<br>Haz que hoy cumpla con celo<br>el ministerio educativo<br>al que nos has consagrado.<br>Hazme perseverar hasta el fin<br>para alcanzar as\u00ed<br>la salvaci\u00f3n que nos<br>has prometido. Am\u00e9n<\/em><\/strong><\/p>\n\n\n\n<h4 class=\"wp-block-heading has-text-align-left has-vivid-cyan-blue-color has-text-color has-link-color wp-elements-564a444a1f0ca783c9e89e5254ecd0b3\"><br><strong><em>Intenciones<\/em><\/strong><\/h4>\n\n\n\n<ul class=\"wp-block-list\">\n<li>Por la familia menesiana del colegio Nuestra Se\u00f1ora del Rosario de Bialet Mass\u00e9.<\/li>\n\n\n\n<li>Por la comunidad de Duluti (Tanzania)<\/li>\n\n\n\n<li>Por las vocaciones y los formadores de Togo.<\/li>\n\n\n\n<li>Por la paz en el mundo.<\/li>\n\n\n\n<li>Por el Cap\u00edtulo General.<\/li>\n<\/ul>\n\n\n\n<h4 class=\"wp-block-heading has-text-align-left has-vivid-cyan-blue-color has-text-color has-link-color wp-elements-dd2fc4578edd8b148f50d49fb82b8228\"><br><strong><em>Directorio 110 c<\/em><\/strong><\/h4>\n\n\n\n<p class=\"has-text-align-left\">Procura que su testimonio sea visible a los hombres de buena voluntad, a los corazones sencillos y abiertos. Lo intenta de forma especial por la calidad de sus relaciones humanas y por la alegr\u00eda que irradia en el servicio de Dios y de los hombres.<\/p>\n\n\n\n<h4 class=\"wp-block-heading has-text-align-left has-vivid-cyan-blue-color has-text-color has-link-color wp-elements-244ef2b6e5fa47a7f0a6cae322d7719d\"><br><strong><em>A los sacerdotes de Saint-M\u00e9en Serm\u00f3n sobre la obligaci\u00f3n de tender a la perfecci\u00f3n<\/em><\/strong><\/h4>\n\n\n\n<p class=\"has-text-align-left\">\u00a1Qu\u00e9 bella en nuestra vocaci\u00f3n! \u00a1Qu\u00e9 dicha para nosotros el ser invitados sin cesar por nuestros ejercicios, por nuestra Regla y por los ejemplos de nuestros Hermanos a la pr\u00e1ctica de los deberes de nuestro santo estado!<\/p>\n\n\n\n<h4 class=\"wp-block-heading has-text-align-left has-vivid-cyan-blue-color has-text-color has-link-color wp-elements-388e9b22edf388f9d915f1259eebbf73\"><br><strong><em>Difuntos<\/em><\/strong><\/h4>\n\n\n\n<p class=\"has-text-align-left\">1982: Juan Goyenaga (Agust\u00edn). Naci\u00f3 en Me\u00f1aca en 1912. Muri\u00f3 en Nanclares.<br>1991: Dominique Iriart (Dominique-Bertrand)<br>2014: Marcel Cr\u00eate (Sylvestre-Marc).<\/p>\n","protected":false},"excerpt":{"rendered":"<p>Oraci\u00f3n Se\u00f1or, que has dicho:Dejen que los ni\u00f1os vengan a M\u00ed.T\u00fa me has inspirado el deseode dedicar mi vidaa los ni\u00f1os y j\u00f3venespara llevarlos a Ti.D\u00edgnate bendecir mi vocaci\u00f3n,as\u00edsteme en mis trabajos de hoy,derrama sobre m\u00ed,sobre todos mis hermanosy sobre todos los que trabajamosen esta obra educativa,el esp\u00edritu de fortaleza,de caridad y de humildad,para que &hellip; <a href=\"https:\/\/menesianosoy.org\/index.php\/2023\/11\/19\/san-andres-dung-lac-y-companeros-martires-2\/\" class=\"more-link\">Continue reading<span class=\"screen-reader-text\"> \u00abSan Andr\u00e9s Dung-Lac y compa\u00f1eros m\u00e1rtires\u00bb<\/span><\/a><\/p>\n","protected":false},"author":3,"featured_media":0,"comment_status":"closed","ping_status":"closed","sticky":false,"template":"","format":"standard","meta":{"_acf_changed":false,"footnotes":""},"categories":[3],"tags":[],"class_list":["post-6814","post","type-post","status-publish","format-standard","hentry","category-calendario"],"acf":[],"_links":{"self":[{"href":"https:\/\/menesianosoy.org\/index.php\/wp-json\/wp\/v2\/posts\/6814","targetHints":{"allow":["GET"]}}],"collection":[{"href":"https:\/\/menesianosoy.org\/index.php\/wp-json\/wp\/v2\/posts"}],"about":[{"href":"https:\/\/menesianosoy.org\/index.php\/wp-json\/wp\/v2\/types\/post"}],"author":[{"embeddable":true,"href":"https:\/\/menesianosoy.org\/index.php\/wp-json\/wp\/v2\/users\/3"}],"replies":[{"embeddable":true,"href":"https:\/\/menesianosoy.org\/index.php\/wp-json\/wp\/v2\/comments?post=6814"}],"version-history":[{"count":5,"href":"https:\/\/menesianosoy.org\/index.php\/wp-json\/wp\/v2\/posts\/6814\/revisions"}],"predecessor-version":[{"id":6823,"href":"https:\/\/menesianosoy.org\/index.php\/wp-json\/wp\/v2\/posts\/6814\/revisions\/6823"}],"wp:attachment":[{"href":"https:\/\/menesianosoy.org\/index.php\/wp-json\/wp\/v2\/media?parent=6814"}],"wp:term":[{"taxonomy":"category","embeddable":true,"href":"https:\/\/menesianosoy.org\/index.php\/wp-json\/wp\/v2\/categories?post=6814"},{"taxonomy":"post_tag","embeddable":true,"href":"https:\/\/menesianosoy.org\/index.php\/wp-json\/wp\/v2\/tags?post=6814"}],"curies":[{"name":"wp","href":"https:\/\/api.w.org\/{rel}","templated":true}]}}