{"id":7027,"date":"2023-11-25T20:19:28","date_gmt":"2023-11-25T23:19:28","guid":{"rendered":"https:\/\/menesianosoy.org\/?p=7027"},"modified":"2023-11-26T09:53:09","modified_gmt":"2023-11-26T12:53:09","slug":"miercoles-de-la-semana-34-durante-el-ano-2","status":"publish","type":"post","link":"https:\/\/menesianosoy.org\/index.php\/2023\/11\/25\/miercoles-de-la-semana-34-durante-el-ano-2\/","title":{"rendered":"Mi\u00e9rcoles de la semana 34 durante el a\u00f1o"},"content":{"rendered":"\n<p class=\"has-text-align-left\"><br><strong><em>Oraci\u00f3n<\/em><\/strong><\/p>\n\n\n\n<p class=\"has-text-align-left\"><strong><em>Se\u00f1or Jes\u00fas, te damos gracias<br>por la sublime vocaci\u00f3n<br>que nos has regalado.<br>Danos tu Esp\u00edritu para que pasemos<br>por el mundo<br>haciendo el bien que T\u00fa mismo hiciste.<br>Que nuestra educaci\u00f3n evangelice hoy a todos,<br>que instruya a los pobres, que d\u00e9 vista a los ciegos,<br>que haga caminar a los d\u00e9biles y cansados.<br>Conc\u00e9denos vivir hoy y siempre de tal forma<br>que eduquemos a los que nos son confiados,<br>abramos los ojos a los ni\u00f1os y a los j\u00f3venes,<br>sanemos a los d\u00e9biles,<br>resucitemos a los que viven sepultados lejos de ti.<br>Que tu presencia en nuestra vida fraterna<br>nos haga capaces de realizar prodigios<br>en el orden espiritual para gloria tuya. Am\u00e9n<\/em><\/strong><\/p>\n\n\n\n<h4 class=\"wp-block-heading has-text-align-left has-vivid-cyan-blue-color has-text-color has-link-color wp-elements-564a444a1f0ca783c9e89e5254ecd0b3\"><br><strong><em>Intenciones<\/em><\/strong><\/h4>\n\n\n\n<ul class=\"wp-block-list\">\n<li>Por la familia menesiana del Dionisio D\u00edaz de Maldonado.\u00a0\u00a0\u00a0\u00a0\u00a0\u00a0\u00a0<\/li>\n\n\n\n<li>Comunidad de Liverpool (Inglaterra)<\/li>\n\n\n\n<li>Por las vocaciones religiosas y sacerdotales.<\/li>\n\n\n\n<li>Por el Cap\u00edtulo General.<\/li>\n\n\n\n<li>Por la paz en el mundo.<\/li>\n<\/ul>\n\n\n\n<h4 class=\"wp-block-heading has-text-align-left has-vivid-cyan-blue-color has-text-color has-link-color wp-elements-9134bee32d4c6e96b7e81042ba25e6af\"><br><strong><em>Directorio 136 b<\/em><\/strong><\/h4>\n\n\n\n<p class=\"has-text-align-left\">[Los Hermanos misioneros] a quienes lo deseen, les ofrecen una ense\u00f1anza m\u00e1s profunda y acompa\u00f1an, mediante una catequesis bautismal, a los que la gracia ha abierto a la fe.<\/p>\n\n\n\n<h4 class=\"wp-block-heading has-text-align-left has-vivid-cyan-blue-color has-text-color has-link-color wp-elements-f3eb879a1c1f4389a9bae0a36d5c946d\"><br><strong><em>Al H. Alfred-Marie Laborie, , 9 de julio de 1844<\/em><\/strong><\/h4>\n\n\n\n<p class=\"has-text-align-left\">Te animo a que no tengas otras miras m\u00e1s que Dios en tus acciones m\u00e1s peque\u00f1as: no busques m\u00e1s que su gloria, y no la que viene de los hombres.<\/p>\n\n\n\n<h4 class=\"wp-block-heading has-vivid-cyan-blue-color has-text-color has-link-color wp-elements-47b27804441d5e5c9af440bd74d2c7ed\"><br><strong><em>Difuntos<\/em><\/strong><\/h4>\n\n\n\n<p class=\"has-text-align-left\">1996: Euximio Garc\u00eda (Ferm\u00edn). Naci\u00f3 en Villamo\u00f1ico en 1906. Trabaj\u00f3 en Argentina y Uruguay desde el a\u00f1o 1937 hasta su muerte en Montevideo.<br><br>1992: F\u00e9lix Gauthier (Th\u00e9odorit) y Fran\u00e7ois Cardinal<br>1994: Fran\u00e7ois Le Juge (Laurentin)<br>2002: Emile Levaque (Aur\u00e8le-Marie)<br>2005: Ren\u00e9 Colin (Th\u00e9ophane-Pierre).<\/p>\n\n\n\n<p class=\"has-text-align-left\"><strong><em>H. Ferm\u00edn<\/em><\/strong><\/p>\n\n\n\n<figure class=\"wp-block-image size-full\"><img loading=\"lazy\" decoding=\"async\" width=\"168\" height=\"218\" src=\"https:\/\/menesianosoy.org\/wp-content\/uploads\/2023\/11\/Fermin.png\" alt=\"\" class=\"wp-image-7034\"\/><\/figure>\n","protected":false},"excerpt":{"rendered":"<p>Oraci\u00f3n Se\u00f1or Jes\u00fas, te damos graciaspor la sublime vocaci\u00f3nque nos has regalado.Danos tu Esp\u00edritu para que pasemospor el mundohaciendo el bien que T\u00fa mismo hiciste.Que nuestra educaci\u00f3n evangelice hoy a todos,que instruya a los pobres, que d\u00e9 vista a los ciegos,que haga caminar a los d\u00e9biles y cansados.Conc\u00e9denos vivir hoy y siempre de tal formaque &hellip; <a href=\"https:\/\/menesianosoy.org\/index.php\/2023\/11\/25\/miercoles-de-la-semana-34-durante-el-ano-2\/\" class=\"more-link\">Continue reading<span class=\"screen-reader-text\"> \u00abMi\u00e9rcoles de la semana 34 durante el a\u00f1o\u00bb<\/span><\/a><\/p>\n","protected":false},"author":3,"featured_media":0,"comment_status":"closed","ping_status":"closed","sticky":false,"template":"","format":"standard","meta":{"_acf_changed":false,"footnotes":""},"categories":[3],"tags":[],"class_list":["post-7027","post","type-post","status-publish","format-standard","hentry","category-calendario"],"acf":[],"_links":{"self":[{"href":"https:\/\/menesianosoy.org\/index.php\/wp-json\/wp\/v2\/posts\/7027","targetHints":{"allow":["GET"]}}],"collection":[{"href":"https:\/\/menesianosoy.org\/index.php\/wp-json\/wp\/v2\/posts"}],"about":[{"href":"https:\/\/menesianosoy.org\/index.php\/wp-json\/wp\/v2\/types\/post"}],"author":[{"embeddable":true,"href":"https:\/\/menesianosoy.org\/index.php\/wp-json\/wp\/v2\/users\/3"}],"replies":[{"embeddable":true,"href":"https:\/\/menesianosoy.org\/index.php\/wp-json\/wp\/v2\/comments?post=7027"}],"version-history":[{"count":7,"href":"https:\/\/menesianosoy.org\/index.php\/wp-json\/wp\/v2\/posts\/7027\/revisions"}],"predecessor-version":[{"id":7039,"href":"https:\/\/menesianosoy.org\/index.php\/wp-json\/wp\/v2\/posts\/7027\/revisions\/7039"}],"wp:attachment":[{"href":"https:\/\/menesianosoy.org\/index.php\/wp-json\/wp\/v2\/media?parent=7027"}],"wp:term":[{"taxonomy":"category","embeddable":true,"href":"https:\/\/menesianosoy.org\/index.php\/wp-json\/wp\/v2\/categories?post=7027"},{"taxonomy":"post_tag","embeddable":true,"href":"https:\/\/menesianosoy.org\/index.php\/wp-json\/wp\/v2\/tags?post=7027"}],"curies":[{"name":"wp","href":"https:\/\/api.w.org\/{rel}","templated":true}]}}