{"id":7226,"date":"2023-11-28T15:59:24","date_gmt":"2023-11-28T18:59:24","guid":{"rendered":"https:\/\/menesianosoy.org\/?p=7226"},"modified":"2023-12-03T17:38:30","modified_gmt":"2023-12-03T20:38:30","slug":"beata-melchora-saravia-san-juan-damasceno","status":"publish","type":"post","link":"https:\/\/menesianosoy.org\/index.php\/2023\/11\/28\/beata-melchora-saravia-san-juan-damasceno\/","title":{"rendered":"San Juan Damasceno"},"content":{"rendered":"\n<p class=\"has-text-align-left\"><em><strong>Isa\u00edas 2, 1-5<br>Salmo 121, 1-2. 4-9<\/strong><\/em><\/p>\n\n\n\n<h4 class=\"wp-block-heading has-text-align-left has-vivid-cyan-blue-color has-text-color has-link-color wp-elements-abe5c55a93bb2075f8ef3a811c6c9c53\"><strong>Evangelio: Mateo 8, 5-11<\/strong><\/h4>\n\n\n\n<p class=\"has-text-align-left\"><strong><em>Al entrar en Cafarna\u00fam, se le acerc\u00f3 un centuri\u00f3n, rog\u00e1ndole: Se\u00f1or, mi sirviente est\u00e1 en casa enfermo de par\u00e1lisis y sufre terriblemente.<br>Jes\u00fas le dijo: Yo mismo ir\u00e9 a curarlo.<br>Pero el centuri\u00f3n respondi\u00f3: Se\u00f1or, no soy digno de que entres en mi casa; basta que digas una palabra y mi sirviente se sanar\u00e1.<br>Porque cuando yo, que no soy m\u00e1s que un oficial subalterno, digo a uno de los soldados que est\u00e1n a mis \u00f3rdenes: \u00abVe\u00bb, \u00e9l va, y a otro: \u00abVen\u00bb, \u00e9l viene; y cuando digo a mi sirviente: \u00abTienes que hacer esto\u00bb, \u00e9l lo hace\u00bb.<br>Al o\u00edrlo, Jes\u00fas qued\u00f3 admirado y dijo a los que lo segu\u00edan: Les aseguro que no he encontrado a nadie en Israel que tenga tanta fe.<br>Por eso les digo que muchos vendr\u00e1n de Oriente y de Occidente, y se sentar\u00e1n a la mesa con Abraham, Isaac y Jacob, en el Reino de los Cielos<\/em><\/strong>.<\/p>\n\n\n\n<figure class=\"wp-block-image size-full\"><img loading=\"lazy\" decoding=\"async\" width=\"361\" height=\"139\" src=\"https:\/\/menesianosoy.org\/wp-content\/uploads\/2023\/11\/images.jpg\" alt=\"\" class=\"wp-image-7230\" srcset=\"https:\/\/menesianosoy.org\/wp-content\/uploads\/2023\/11\/images.jpg 361w, https:\/\/menesianosoy.org\/wp-content\/uploads\/2023\/11\/images-300x116.jpg 300w\" sizes=\"auto, (max-width: 361px) 85vw, 361px\" \/><\/figure>\n\n\n\n<p class=\"has-text-align-left\">Sin duda el evangelista quiere mostrar c\u00f3mo la fe en la Palabra de Jes\u00fas conduce al reino de los cielos m\u00e1s eficazmente que la pertenencia al \u201cpueblo elegido\u201d. De este modo, hace de los creyentes en Jes\u00fas miembros de la gran familia de los patriarcas, es decir, los introduce en \u201cel pueblo de las promesas\u201d, anteponi\u00e9ndose incluso a los propios jud\u00edos.<br><br>Habitualmente se ha entendido la fe, como una adhesi\u00f3n mental a una doctrina o una persona. As\u00ed entendida, cre\u00eda en Jes\u00fas quien admit\u00eda que era Hijo de Dios encarnado por quien se nos alcanzaba la vida eterna. Esto supone entender la divinidad como un Ente separado del que depende el destino de los seres humanos. Quien se mueve as\u00ed, no siente ning\u00fan cuestionamiento.<br><br>\u201cCreer en Jes\u00fas\u201d no es algo que pase, en primer lugar, por la mente. Tal como \u00c9l mismo dijo, pasa antes por el \u201ccoraz\u00f3n\u201d: \u201cNo todo el que me diga \u201cSe\u00f1or; Se\u00f1or\u201d entrar\u00e1 en el Reino de Dios, sino el que cumpla la voluntad de mi Padre que est\u00e1 en el cielo\u201d (Mt 7,21). La Fe en Jes\u00fas es m\u00e1s una cuesti\u00f3n de actitud y de pr\u00e1ctica que de creencias mentales, tal como lo pone de riele la par\u00e1bola del \u201cjuicio de las naciones\u201d, donde el Maestro reconoce a quien alimenta al hambriento, viste al desnudo, \u2026 (Mt 25, 31-46). Pero es todav\u00eda m\u00e1s que eso: no solo se trata de seguir sus actitudes y su comportamiento. Creer en Jes\u00fas significa reconocernos en aquella \u201cidentidad compartida\u201d, donde todos somos uno, donde nuestro anhelo se plenifica. \u00bfQu\u00e9 significa, para m\u00ed, creer en Jes\u00fas?<\/p>\n\n\n\n<h4 class=\"wp-block-heading has-text-align-left has-vivid-cyan-blue-color has-text-color has-link-color wp-elements-0733ba0059bb00d08439ecbe2abafdb0\"><br><strong>M\u00e1xima<\/strong><\/h4>\n\n\n\n<p><strong><em>Se\u00f1or, aumenta mi fe<\/em><\/strong><\/p>\n\n\n\n<h4 class=\"wp-block-heading has-text-align-left has-vivid-cyan-blue-color has-text-color has-link-color wp-elements-fc106bf8187ed34fa9151c6c240c10b4\"><br><strong>Palabras de Juan Mar\u00eda<\/strong><\/h4>\n\n\n\n<p class=\"has-text-align-left\"><img decoding=\"async\" class=\"wp-image-618\" style=\"width: 150px;\" src=\"https:\/\/menesianosoy.org\/wp-content\/uploads\/2023\/08\/j.png\" alt=\"\"><br><em>Hagan callar en el fondo de su esp\u00edritu todas esas vanas murmuraciones, todas esas vacilaciones secretas que les hacen tanto mal\u2026 Sean, sean hombres de fe y vencer\u00e1n al mundo\u201d. (S. VIII, 83. Motivos de desaliento)<\/em><\/p>\n\n\n\n<h4 class=\"wp-block-heading has-text-align-left has-vivid-cyan-blue-color has-text-color has-link-color wp-elements-50b774778bc661ca9d7ab505d1a1e993\"><strong><br><em>Creer en Ti &#8211; Misioneros servidores de la Palabra<\/em><\/strong><\/h4>\n\n\n\n<figure class=\"wp-block-embed is-type-video is-provider-youtube wp-block-embed-youtube wp-embed-aspect-4-3 wp-has-aspect-ratio\"><div class=\"wp-block-embed__wrapper\">\n<iframe loading=\"lazy\" title=\"CREER EN TI  MSP\" width=\"1140\" height=\"855\" src=\"https:\/\/www.youtube.com\/embed\/I7JI7DsliYk?feature=oembed\" frameborder=\"0\" allow=\"accelerometer; autoplay; clipboard-write; encrypted-media; gyroscope; picture-in-picture; web-share\" allowfullscreen><\/iframe>\n<\/div><\/figure>\n\n\n\n<p class=\"has-text-align-left\">Creer en ti se\u00f1or<br>no es s\u00f3lo la palabra vocaci\u00f3n,<br>es desgastarse entre los hombres por amor.<br>Creer en ti es mucho m\u00e1s<br>que llevar tu nombre en mi voz,<br>es permitir que sea tu gracia<br>quien viva en mi coraz\u00f3n.<br>Creer en ti no es s\u00f3lo pedir<br>por el pecador,<br>es el abrir mis brazos pronto al perd\u00f3n.<br>Creer en ti no bastar\u00e1<br>para cambiar la situaci\u00f3n,<br>es transformarse en hombre nuevo<br>y anunciar la salvaci\u00f3n.<br><br>Por eso, yo quiero creer en ti,<br>quiero que me sanes,<br>que me transformes,<br>me hagas feliz.<br>Yo te doy mi vida,<br>t\u00fa me das la mano,<br>y as\u00ed es como siempre<br>yo te quiero amar.<br>Por eso yo quiero creer en ti,<br>seas t\u00fa mi esperanza,<br>mi fortaleza, mi plenitud.<br>Yo te doy mi vida,<br>t\u00fa me das la mano y as\u00ed juntos<br>siempre hasta la eternidad.<\/p>\n\n\n\n<p class=\"has-text-align-left\"><br>Creer en ti se\u00f1or<br>no es signo de debilidad,<br>es la confianza de que un d\u00eda volver\u00e1s.<br>Creer en ti no es el refugio<br>de quien vive en soledad,<br>es plenitud de vida nueva<br>de vida en comunidad.<br>Creer en ti se\u00f1or<br>no es s\u00f3lo para el mundo pedir paz,<br>es trabajar para que sea realidad.<br>Creer en ti no me asegura<br>que no pueda yo fallar,<br>m\u00e1s en ti he puesto mi esperanza<br>y me puedo levantar.<br>Y por eso yo quiero creer en ti,<br>quiero que me sanes,<br>que me transformes me hagas feliz.<br>Yo te doy mi vida,<br>t\u00fa me das la mano,<br>y as\u00ed es como siempre<br>yo te quiero amar.<\/p>\n\n\n\n<p class=\"has-vivid-purple-background-color has-background\"><\/p>\n\n\n\n<figure class=\"wp-block-image size-large\"><img decoding=\"async\" src=\"https:\/\/menesianosoy.org\/wp-content\/uploads\/2023\/11\/oracion-y-logo-4-1024x576.jpg\" alt=\"\" class=\"wp-image-7235\"\/><\/figure>\n","protected":false},"excerpt":{"rendered":"<p>Isa\u00edas 2, 1-5Salmo 121, 1-2. 4-9 Evangelio: Mateo 8, 5-11 Al entrar en Cafarna\u00fam, se le acerc\u00f3 un centuri\u00f3n, rog\u00e1ndole: Se\u00f1or, mi sirviente est\u00e1 en casa enfermo de par\u00e1lisis y sufre terriblemente.Jes\u00fas le dijo: Yo mismo ir\u00e9 a curarlo.Pero el centuri\u00f3n respondi\u00f3: Se\u00f1or, no soy digno de que entres en mi casa; basta que digas &hellip; <a href=\"https:\/\/menesianosoy.org\/index.php\/2023\/11\/28\/beata-melchora-saravia-san-juan-damasceno\/\" class=\"more-link\">Continue reading<span class=\"screen-reader-text\"> \u00abSan Juan Damasceno\u00bb<\/span><\/a><\/p>\n","protected":false},"author":3,"featured_media":0,"comment_status":"closed","ping_status":"closed","sticky":false,"template":"","format":"standard","meta":{"_acf_changed":false,"footnotes":""},"categories":[9],"tags":[],"class_list":["post-7226","post","type-post","status-publish","format-standard","hentry","category-evangelio"],"acf":[],"_links":{"self":[{"href":"https:\/\/menesianosoy.org\/index.php\/wp-json\/wp\/v2\/posts\/7226","targetHints":{"allow":["GET"]}}],"collection":[{"href":"https:\/\/menesianosoy.org\/index.php\/wp-json\/wp\/v2\/posts"}],"about":[{"href":"https:\/\/menesianosoy.org\/index.php\/wp-json\/wp\/v2\/types\/post"}],"author":[{"embeddable":true,"href":"https:\/\/menesianosoy.org\/index.php\/wp-json\/wp\/v2\/users\/3"}],"replies":[{"embeddable":true,"href":"https:\/\/menesianosoy.org\/index.php\/wp-json\/wp\/v2\/comments?post=7226"}],"version-history":[{"count":9,"href":"https:\/\/menesianosoy.org\/index.php\/wp-json\/wp\/v2\/posts\/7226\/revisions"}],"predecessor-version":[{"id":7307,"href":"https:\/\/menesianosoy.org\/index.php\/wp-json\/wp\/v2\/posts\/7226\/revisions\/7307"}],"wp:attachment":[{"href":"https:\/\/menesianosoy.org\/index.php\/wp-json\/wp\/v2\/media?parent=7226"}],"wp:term":[{"taxonomy":"category","embeddable":true,"href":"https:\/\/menesianosoy.org\/index.php\/wp-json\/wp\/v2\/categories?post=7226"},{"taxonomy":"post_tag","embeddable":true,"href":"https:\/\/menesianosoy.org\/index.php\/wp-json\/wp\/v2\/tags?post=7226"}],"curies":[{"name":"wp","href":"https:\/\/api.w.org\/{rel}","templated":true}]}}