{"id":7266,"date":"2023-11-30T08:27:25","date_gmt":"2023-11-30T11:27:25","guid":{"rendered":"https:\/\/menesianosoy.org\/?p=7266"},"modified":"2023-12-03T17:37:54","modified_gmt":"2023-12-03T20:37:54","slug":"san-sabas","status":"publish","type":"post","link":"https:\/\/menesianosoy.org\/index.php\/2023\/11\/30\/san-sabas\/","title":{"rendered":"San Sabas"},"content":{"rendered":"\n<p class=\"has-text-align-left\"><em><strong>Isa\u00edas 11,1-10<br>Salmo 71, 1-2. 7-8. 12-13. 17<\/strong><\/em><\/p>\n\n\n\n<h4 class=\"wp-block-heading has-text-align-left has-vivid-cyan-blue-color has-text-color has-link-color wp-elements-8ad1a4bf9f4749708639800a6126d1cb\"><br><strong>Evangelio: Lucas 10, 21-24<\/strong><\/h4>\n\n\n\n<p class=\"has-text-align-left\"><strong><em>Jes\u00fas se estremeci\u00f3 de gozo, movido por el Esp\u00edritu Santo, y dijo:<br>Te alabo, Padre, Se\u00f1or del cielo y de la tierra, por haber ocultado estas cosas a los sabios y a los prudentes y haberlas revelado a los peque\u00f1os. S\u00ed, Padre, porque as\u00ed lo has querido.<\/em><\/strong><br><strong><em>Todo me ha sido dado por mi Padre, y nadie sabe qui\u00e9n es el Hijo, sino el Padre, como nadie sabe qui\u00e9n es el Padre, sino el Hijo y aquel a quien el Hijo se lo quiera revelar.<\/em><\/strong><br><strong><em>Despu\u00e9s, volvi\u00e9ndose hacia sus disc\u00edpulos, Jes\u00fas les dijo a ellos solos:<br>\u00a1Felices los ojos que ven lo que ustedes ven!<\/em><\/strong><br><strong><em>\u00a1Les aseguro que muchos profetas y reyes quisieron ver lo que ustedes ven y no lo vieron, o\u00edr lo que ustedes oyen y no lo oyeron!<\/em><\/strong><\/p>\n\n\n\n<figure class=\"wp-block-image size-full\"><img loading=\"lazy\" decoding=\"async\" width=\"244\" height=\"207\" src=\"https:\/\/menesianosoy.org\/wp-content\/uploads\/2023\/11\/descarga-5.jpg\" alt=\"\" class=\"wp-image-7273\"\/><\/figure>\n\n\n\n<p class=\"has-text-align-left\">Este hecho est\u00e1 despu\u00e9s que los disc\u00edpulos regresan contentos de una misi\u00f3n y le cuentan a Jes\u00fas que los demonios se les somet\u00edan. Ya se sent\u00edan superh\u00e9roes. Sin embargo, Jes\u00fas les da otro motivo para alegrarse y es que sus nombres est\u00e9n escritos en el Cielo.<br><br>Jes\u00fas siente gozo por la llegada de los disc\u00edpulos y lleno del Esp\u00edritu Santo bendice al Padre porque ha querido ocultar el mensaje de la Buena Noticia del amor que Dios nos tiene a los sabios e inteligentes y revelarlo a los peque\u00f1os. En los peque\u00f1os, que escuchan y viven la Palabra de Dios, \u00c9l tiene lugar y puede actuar libremente. El yo no lo ocupa todo; hay lugar para el asombro, para la novedad de Dios.<br><br>El papa Francisco dice que \u201c<em>los peque\u00f1os son aquellos que, como los ni\u00f1os, se sienten necesitados y no autosuficientes, est\u00e1n abiertos a Dios y dejan que sus obras los asombren. \u00a1Ellos saben leer sus signos y maravillarse por los milagros de su amor!\u201d<\/em><\/p>\n\n\n\n<h4 class=\"wp-block-heading has-text-align-left has-vivid-cyan-blue-color has-text-color has-link-color wp-elements-0733ba0059bb00d08439ecbe2abafdb0\"><br><strong>M\u00e1xima<\/strong><\/h4>\n\n\n\n<p class=\"has-text-align-left\"><strong><em>Dios se revela a los sencillos<\/em><\/strong><\/p>\n\n\n\n<h4 class=\"wp-block-heading has-text-align-left has-vivid-cyan-blue-color has-text-color has-link-color wp-elements-fc106bf8187ed34fa9151c6c240c10b4\"><br><strong>Palabras de Juan Mar\u00eda<\/strong><\/h4>\n\n\n\n<p class=\"has-text-align-left\"><img decoding=\"async\" class=\"wp-image-618\" style=\"width: 150px;\" src=\"https:\/\/menesianosoy.org\/wp-content\/uploads\/2023\/08\/j.png\" alt=\"\"><br><em>Apoy\u00e9monos en Dios s\u00f3lo, no nos apeguemos m\u00e1s que a Dios s\u00f3lo, no deseemos m\u00e1s que el cumplimiento de su santa voluntad, siempre santa, siempre justa, siempre misericordiosa. No miremos ya hacia la tierra, y como la sierva fiel de la que habla el santo rey David, mantengamos nuestra mirada fija en las manos de nuestro Maestro, para obedecer al m\u00e1s ligero signo que nos haga, para dejarnos dirigir, llevar de su mano, como esos ni\u00f1os peque\u00f1os que no saben m\u00e1s que someterse, humillarse, dejarse conducir\u201d. (A las Hnas de la Providencia)<\/em><\/p>\n\n\n\n<h4 class=\"wp-block-heading has-text-align-left has-vivid-cyan-blue-color has-text-color has-link-color wp-elements-2f2ae38e25c92ddedb9e68e69e9d985f\"><br><em><strong>Como pan peque\u00f1o \u2013 Ain Karem<\/strong><\/em><\/h4>\n\n\n\n<figure class=\"wp-block-embed is-type-video is-provider-youtube wp-block-embed-youtube wp-embed-aspect-16-9 wp-has-aspect-ratio\"><div class=\"wp-block-embed__wrapper\">\n<iframe loading=\"lazy\" title=\"COMO PAN PEQUE\u00d1O - AIN KAREM\" width=\"1140\" height=\"641\" src=\"https:\/\/www.youtube.com\/embed\/A3KiVG030AI?feature=oembed\" frameborder=\"0\" allow=\"accelerometer; autoplay; clipboard-write; encrypted-media; gyroscope; picture-in-picture; web-share\" allowfullscreen><\/iframe>\n<\/div><\/figure>\n\n\n\n<p class=\"has-text-align-left\">Como pan peque\u00f1o,<br>como pez chiquito,<br>en tus manos todo<br>cobra sentido.<br><br>T\u00fa, Jes\u00fas, me tomas<br>con inmensa ternura,<br>me ofreces al Padre,<br>me haces bendita.<br>La tarea toda, el trabajo, el env\u00edo,<br>dar\u00e1 fruto en tu Nombre,<br>si en tu Nombre lo vivo.<br><br>Por tu idioma o tu origen,<br>\u00bfqui\u00e9n te dijo: \u00abno cabes\u00bb?<br>Aqu\u00ed, todos distintos,<br>aqu\u00ed, todos iguales.<br>\u00bfQui\u00e9n no trae de la vida,<br>alegr\u00edas, dolores?<br>Compartida la mesa,<br>los haremos manjares.<br><br>Termin\u00f3 la tarea,<br>recogemos las sobras;<br>nada hay despreciable,<br>todo t\u00fa lo transformas.<br>Que aprenda a tu lado<br>a repartirme contigo,<br>a ser fuego y abrazo,<br>\u00a1y a seguir el camino!<\/p>\n\n\n\n<p class=\"has-vivid-purple-background-color has-background\"><\/p>\n\n\n\n<figure class=\"wp-block-image size-full\"><img decoding=\"async\" src=\"https:\/\/menesianosoy.org\/wp-content\/uploads\/2023\/11\/Oracion-y-logo-2-1.jpg\" alt=\"\" class=\"wp-image-7293\"\/><\/figure>\n","protected":false},"excerpt":{"rendered":"<p>Isa\u00edas 11,1-10Salmo 71, 1-2. 7-8. 12-13. 17 Evangelio: Lucas 10, 21-24 Jes\u00fas se estremeci\u00f3 de gozo, movido por el Esp\u00edritu Santo, y dijo:Te alabo, Padre, Se\u00f1or del cielo y de la tierra, por haber ocultado estas cosas a los sabios y a los prudentes y haberlas revelado a los peque\u00f1os. S\u00ed, Padre, porque as\u00ed lo &hellip; <a href=\"https:\/\/menesianosoy.org\/index.php\/2023\/11\/30\/san-sabas\/\" class=\"more-link\">Continue reading<span class=\"screen-reader-text\"> \u00abSan Sabas\u00bb<\/span><\/a><\/p>\n","protected":false},"author":3,"featured_media":0,"comment_status":"closed","ping_status":"closed","sticky":false,"template":"","format":"standard","meta":{"_acf_changed":false,"footnotes":""},"categories":[9],"tags":[],"class_list":["post-7266","post","type-post","status-publish","format-standard","hentry","category-evangelio"],"acf":[],"_links":{"self":[{"href":"https:\/\/menesianosoy.org\/index.php\/wp-json\/wp\/v2\/posts\/7266","targetHints":{"allow":["GET"]}}],"collection":[{"href":"https:\/\/menesianosoy.org\/index.php\/wp-json\/wp\/v2\/posts"}],"about":[{"href":"https:\/\/menesianosoy.org\/index.php\/wp-json\/wp\/v2\/types\/post"}],"author":[{"embeddable":true,"href":"https:\/\/menesianosoy.org\/index.php\/wp-json\/wp\/v2\/users\/3"}],"replies":[{"embeddable":true,"href":"https:\/\/menesianosoy.org\/index.php\/wp-json\/wp\/v2\/comments?post=7266"}],"version-history":[{"count":8,"href":"https:\/\/menesianosoy.org\/index.php\/wp-json\/wp\/v2\/posts\/7266\/revisions"}],"predecessor-version":[{"id":7306,"href":"https:\/\/menesianosoy.org\/index.php\/wp-json\/wp\/v2\/posts\/7266\/revisions\/7306"}],"wp:attachment":[{"href":"https:\/\/menesianosoy.org\/index.php\/wp-json\/wp\/v2\/media?parent=7266"}],"wp:term":[{"taxonomy":"category","embeddable":true,"href":"https:\/\/menesianosoy.org\/index.php\/wp-json\/wp\/v2\/categories?post=7266"},{"taxonomy":"post_tag","embeddable":true,"href":"https:\/\/menesianosoy.org\/index.php\/wp-json\/wp\/v2\/tags?post=7266"}],"curies":[{"name":"wp","href":"https:\/\/api.w.org\/{rel}","templated":true}]}}