{"id":7310,"date":"2023-12-05T13:55:29","date_gmt":"2023-12-05T16:55:29","guid":{"rendered":"https:\/\/menesianosoy.org\/?p=7310"},"modified":"2023-12-06T06:54:46","modified_gmt":"2023-12-06T09:54:46","slug":"san-nicolas-de-bari","status":"publish","type":"post","link":"https:\/\/menesianosoy.org\/index.php\/2023\/12\/05\/san-nicolas-de-bari\/","title":{"rendered":"San Nicol\u00e1s de Bari"},"content":{"rendered":"\n<p class=\"has-text-align-left\"><strong><em>Isa\u00edas 25, 6-10<br>Salmo 22, 1-6<\/em><\/strong><\/p>\n\n\n\n<h4 class=\"wp-block-heading has-text-align-left has-vivid-cyan-blue-color has-text-color has-link-color wp-elements-ae55917b4ee1682d0478524bbd13c7b4\"><strong>Evangelio: Mateo 15, 29-37<\/strong><\/h4>\n\n\n\n<p class=\"has-text-align-left\"><strong>E<\/strong><em><strong>n aquel tiempo Jes\u00fas lleg\u00f3 a orillas del mar de Galilea y, subiendo a la monta\u00f1a, se sent\u00f3.<br>Una gran multitud acudi\u00f3 a \u00e9l, llevando paral\u00edticos, lisiados, ciegos, mudos y muchos otros enfermos.<br>Los pusieron a sus pies y \u00e9l los cur\u00f3.<br>La multitud se admiraba al ver que los mudos hablaban, los inv\u00e1lidos quedaban curados, los paral\u00edticos caminaban y los ciegos recobraban la vista. Y todos glorificaban al Dios de Israel.<br>Entonces Jes\u00fas llam\u00f3 a sus disc\u00edpulos y les dijo: Me da pena esta multitud, porque hace tres d\u00edas que est\u00e1n conmigo y no tienen qu\u00e9 comer.<br>No quiero despedirlos en ayunas, porque podr\u00edan desfallecer en el camino.<br>Los disc\u00edpulos le dijeron: \u00bfY d\u00f3nde podr\u00edamos conseguir en este lugar despoblado bastante cantidad de pan para saciar a tanta gente?<br>Jes\u00fas les dijo: \u00bfCu\u00e1ntos panes tienen?<br>Ellos respondieron: Siete y unos pocos pescados.<br>\u00c9l orden\u00f3 a la multitud que se sentara en el suelo; despu\u00e9s, tom\u00f3 los panes y los pescados, dio gracias, los parti\u00f3 y los dio a los disc\u00edpulos.<br>Y ellos los distribuyeron entre la multitud.<br>Todos comieron hasta saciarse, y con los pedazos que sobraron se llenaron siete canastas.<\/strong><\/em><\/p>\n\n\n\n<figure class=\"wp-block-image size-full\"><img loading=\"lazy\" decoding=\"async\" width=\"479\" height=\"318\" src=\"https:\/\/menesianosoy.org\/wp-content\/uploads\/2023\/12\/hqdefault.jpg\" alt=\"\" class=\"wp-image-7320\" srcset=\"https:\/\/menesianosoy.org\/wp-content\/uploads\/2023\/12\/hqdefault.jpg 479w, https:\/\/menesianosoy.org\/wp-content\/uploads\/2023\/12\/hqdefault-300x199.jpg 300w\" sizes=\"auto, (max-width: 479px) 85vw, 479px\" \/><\/figure>\n\n\n\n<p class=\"has-text-align-left\">Se puede andar por el mundo pensando que s\u00f3lo cuando pienso en Dios \u00c9l piensa en m\u00ed; que s\u00f3lo cuando le hablo \u00c9l me escucha; que s\u00f3lo cuando me acerco, \u00c9l abre sus brazos, en fin\u2026, se puede andar por el mundo pensado que el de la iniciativa soy yo.<br><br>Jes\u00fas observa, se preocupa; se adelanta y se compadece, como nos narra el Evangelio de hoy. No le es indiferente el malestar de las personas que lo rodean; no le es indiferente el cansancio que padecen, el hambre que sienten y, por lo tanto, act\u00faa. \u00c9l piensa en m\u00ed, me escucha, se acerca, pues para \u00c9l no soy indiferente.<br><br>Mis necesidades, enfermedades, preocupaciones las hace suyas y es ah\u00ed donde da una respuesta\u2026 que puede salir de un lugar que nadie esperaba; respuesta que se puede evidenciar mediante la curaci\u00f3n de una enfermedad; respuesta que simplemente puede ser dada en la fe de saber que \u00c9l est\u00e1 conmigo\u2026, que Dios se compadece; que en realidad mi vida, mis alegr\u00edas, mis sufrimientos, mis necesidades, no le son indiferentes.<br><br>En esto consiste el amor: no en que nosotros hayamos amado a Dios, sino en que \u00e9l nos am\u00f3. Dios nos am\u00f3 primero; \u00e9l nos ha dado la vida por amor, ha dado la vida y a su Hijo por amor. Por eso cuando encontramos a Dios, siempre hay una sorpresa: es \u00e9l quien nos espera primero: es \u00e9l quien nos encuentra. Esa gente lo segu\u00eda para escucharlo, porque hablaba como uno que tiene autoridad, no como los escribas. Pero \u00e9l miraba a esa gente e iba m\u00e1s all\u00e1. Precisamente porque amaba, dice el Evangelio, se compadeci\u00f3 de ellos, que no es lo mismo que tener pena\u00bb. (Papa Francisco, 8 de enero de 2016)<\/p>\n\n\n\n<h4 class=\"wp-block-heading has-text-align-left has-vivid-cyan-blue-color has-text-color has-link-color wp-elements-0733ba0059bb00d08439ecbe2abafdb0\"><br><strong>M\u00e1xima<\/strong><\/h4>\n\n\n\n<p class=\"has-text-align-left\"><strong><em>Compartiendo, alcanza para todos.<\/em><\/strong><\/p>\n\n\n\n<h4 class=\"wp-block-heading has-text-align-left has-vivid-cyan-blue-color has-text-color has-link-color wp-elements-eda3c876e7a9676023858aa16007a202\"><br><strong><em>Palabras de Juan Mar\u00eda<\/em><\/strong><\/h4>\n\n\n\n<p class=\"has-text-align-left\"><img decoding=\"async\" class=\"wp-image-618\" style=\"width: 150px;\" src=\"https:\/\/menesianosoy.org\/wp-content\/uploads\/2023\/08\/j.png\" alt=\"\"><br><em>Vayan, ense\u00f1en a esos pobres peque\u00f1os, que en esas regiones lejanas esperan con ansiedad que se les rompa y se les distribuya el pan de la divina palabra\u201d (S. VII)<\/em><\/p>\n\n\n\n<p><br><strong><em>Dime c\u00f3mo ser pan \u2013 Salom\u00e9 Arricibita<\/em><\/strong><\/p>\n\n\n\n<figure class=\"wp-block-embed is-type-video is-provider-youtube wp-block-embed-youtube wp-embed-aspect-16-9 wp-has-aspect-ratio\"><div class=\"wp-block-embed__wrapper\">\n<iframe loading=\"lazy\" title=\"DIME CO\u0301MO SER PAN DE SALOME\u0301 ARRICIBITA\" width=\"1140\" height=\"641\" src=\"https:\/\/www.youtube.com\/embed\/rQQRt4G9Zb8?feature=oembed\" frameborder=\"0\" allow=\"accelerometer; autoplay; clipboard-write; encrypted-media; gyroscope; picture-in-picture; web-share\" allowfullscreen><\/iframe>\n<\/div><\/figure>\n\n\n\n<p class=\"has-text-align-left\">Dime c\u00f3mo ser pan.<br>Dime c\u00f3mo ser pan,<br>c\u00f3mo ser alimento<br>que sacia por dentro.<br>que trae la paz<br><br>Dime c\u00f3mo ser pan.<br>Dime c\u00f3mo ser pan.<br>Dime c\u00f3mo acercarme<br>a quien no tiene aliento,<br>a quien cree que es cuento<br>el re\u00edr, el amar.<br><br>Dime c\u00f3mo ser pan.<br>Dime c\u00f3mo dejarme<br>comer poco a poco,<br>entreg\u00e1ndolo todo<br>y llen\u00e1ndome m\u00e1s.<br><br>Dime c\u00f3mo ser pan.<br>Dime c\u00f3mo ser pan,<br>c\u00f3mo ser para otros<br>en todo momento<br>alimento y man\u00e1.<br><br>T\u00fa que eres el pan de la vida,<br>T\u00fa que eres la luz y la paz,<br>T\u00fa que empapas la tierra<br>cuando llueves el cielo,<br>dime c\u00f3mo ser pan.<br>T\u00fa que haces de m\u00ed tu reflejo,<br>T\u00fa que abrazas mi debilidad,<br>T\u00fa que sacias mi hambre<br>cuando vuelvo de lejos<br>dime c\u00f3mo ser pan.<br><br>Dime c\u00f3mo ser pan<br>que cura la injusticia.<br>Dime c\u00f3mo ser pan<br>que crea libertad.<\/p>\n\n\n\n<p class=\"has-vivid-purple-background-color has-background\"><\/p>\n\n\n\n<figure class=\"wp-block-image size-full\"><img decoding=\"async\" src=\"https:\/\/menesianosoy.org\/wp-content\/uploads\/2023\/12\/Oracion-p-el-capitulo.jpg\" alt=\"\" class=\"wp-image-7316\"\/><\/figure>\n","protected":false},"excerpt":{"rendered":"<p>Isa\u00edas 25, 6-10Salmo 22, 1-6 Evangelio: Mateo 15, 29-37 En aquel tiempo Jes\u00fas lleg\u00f3 a orillas del mar de Galilea y, subiendo a la monta\u00f1a, se sent\u00f3.Una gran multitud acudi\u00f3 a \u00e9l, llevando paral\u00edticos, lisiados, ciegos, mudos y muchos otros enfermos.Los pusieron a sus pies y \u00e9l los cur\u00f3.La multitud se admiraba al ver que &hellip; <a href=\"https:\/\/menesianosoy.org\/index.php\/2023\/12\/05\/san-nicolas-de-bari\/\" class=\"more-link\">Continue reading<span class=\"screen-reader-text\"> \u00abSan Nicol\u00e1s de Bari\u00bb<\/span><\/a><\/p>\n","protected":false},"author":3,"featured_media":0,"comment_status":"closed","ping_status":"closed","sticky":false,"template":"","format":"standard","meta":{"_acf_changed":false,"footnotes":""},"categories":[9],"tags":[],"class_list":["post-7310","post","type-post","status-publish","format-standard","hentry","category-evangelio"],"acf":[],"_links":{"self":[{"href":"https:\/\/menesianosoy.org\/index.php\/wp-json\/wp\/v2\/posts\/7310","targetHints":{"allow":["GET"]}}],"collection":[{"href":"https:\/\/menesianosoy.org\/index.php\/wp-json\/wp\/v2\/posts"}],"about":[{"href":"https:\/\/menesianosoy.org\/index.php\/wp-json\/wp\/v2\/types\/post"}],"author":[{"embeddable":true,"href":"https:\/\/menesianosoy.org\/index.php\/wp-json\/wp\/v2\/users\/3"}],"replies":[{"embeddable":true,"href":"https:\/\/menesianosoy.org\/index.php\/wp-json\/wp\/v2\/comments?post=7310"}],"version-history":[{"count":10,"href":"https:\/\/menesianosoy.org\/index.php\/wp-json\/wp\/v2\/posts\/7310\/revisions"}],"predecessor-version":[{"id":7385,"href":"https:\/\/menesianosoy.org\/index.php\/wp-json\/wp\/v2\/posts\/7310\/revisions\/7385"}],"wp:attachment":[{"href":"https:\/\/menesianosoy.org\/index.php\/wp-json\/wp\/v2\/media?parent=7310"}],"wp:term":[{"taxonomy":"category","embeddable":true,"href":"https:\/\/menesianosoy.org\/index.php\/wp-json\/wp\/v2\/categories?post=7310"},{"taxonomy":"post_tag","embeddable":true,"href":"https:\/\/menesianosoy.org\/index.php\/wp-json\/wp\/v2\/tags?post=7310"}],"curies":[{"name":"wp","href":"https:\/\/api.w.org\/{rel}","templated":true}]}}