{"id":7407,"date":"2023-12-06T10:14:07","date_gmt":"2023-12-06T13:14:07","guid":{"rendered":"https:\/\/menesianosoy.org\/?p=7407"},"modified":"2023-12-07T08:52:59","modified_gmt":"2023-12-07T11:52:59","slug":"san-juan-diego-santa-narcisa-de-jesus","status":"publish","type":"post","link":"https:\/\/menesianosoy.org\/index.php\/2023\/12\/06\/san-juan-diego-santa-narcisa-de-jesus\/","title":{"rendered":"San Juan Diego \u2013 Santa Narcisa de Jes\u00fas"},"content":{"rendered":"\n<h4 class=\"wp-block-heading has-text-align-left has-vivid-purple-color has-text-color has-link-color wp-elements-b6d768d73e10551623d0970f48711576\"><strong><em>Liturgia de las horas: Rezamos con el tema Mar\u00eda VII<\/em><\/strong><\/h4>\n\n\n\n<p class=\"has-text-align-left\"><br><strong><em>Isa\u00edas 30, 19-21. 23-26<br>Salmo 146, 1-6<\/em><\/strong><\/p>\n\n\n\n<h4 class=\"wp-block-heading has-text-align-left has-vivid-cyan-blue-color has-text-color has-link-color wp-elements-53ad31db66ea02ca3af77da2bc20330c\"><strong>Evangelio: Mateo 9, 35-10, 1. 5-8<\/strong><\/h4>\n\n\n\n<p class=\"has-text-align-left\"><strong><em>Jes\u00fas recorr\u00eda todas las ciudades y los pueblos, ense\u00f1ando en las sinagogas, proclamando la Buena Noticia del Reino y curando todas las enfermedades y dolencias.<br>Al ver a la multitud, tuvo compasi\u00f3n, porque estaban fatigados y abatidos, como ovejas que no tienen pastor.<\/em><\/strong><br><strong><em>Entonces dijo a sus disc\u00edpulos: La cosecha es abundante, pero los trabajadores son pocos.<br>Rueguen al due\u00f1o de los sembrados que env\u00ede trabajadores para la cosecha.<br>Jes\u00fas convoc\u00f3 a sus doce disc\u00edpulos y les dio el poder de expulsar a los esp\u00edritus impuros y de curar cualquier enfermedad o dolencia.<br>A estos Doce, Jes\u00fas los envi\u00f3 con las siguientes instrucciones: Vayan a las ovejas perdidas del pueblo de Israel.<br>Por el camino, proclamen que el Reino de los Cielos est\u00e1 cerca.<br>Curen a los enfermos, resuciten a los muertos, purifiquen a los leprosos, expulsen a los demonios. Ustedes han recibido gratuitamente, den tambi\u00e9n gratuitamente.<\/em><\/strong><\/p>\n\n\n\n<figure class=\"wp-block-image size-full\"><img loading=\"lazy\" decoding=\"async\" width=\"500\" height=\"355\" src=\"https:\/\/menesianosoy.org\/wp-content\/uploads\/2023\/12\/pocos-10.jpg\" alt=\"\" class=\"wp-image-7420\" srcset=\"https:\/\/menesianosoy.org\/wp-content\/uploads\/2023\/12\/pocos-10.jpg 500w, https:\/\/menesianosoy.org\/wp-content\/uploads\/2023\/12\/pocos-10-300x213.jpg 300w\" sizes=\"auto, (max-width: 500px) 85vw, 500px\" \/><\/figure>\n\n\n\n<p class=\"has-text-align-left\">Lo mismo que Jes\u00fas hace pide que hagan sus disc\u00edpulos. El campo de acci\u00f3n es enorme, la cosecha es abundante. All\u00ed tiene a ese pu\u00f1ado de hombres elegidos, no por su preparaci\u00f3n, ni valent\u00eda, ni con un carisma especial. Son de pueblo, pero ellos ser\u00e1n los encargados de llevar la Buena Nueva y de extenderla por doquier. \u00bfQu\u00e9 raro que es Dios?: Para nacer elige una familia humilde de un perdido pueblo, de un peque\u00f1o pa\u00eds dominado. Para extender su mensaje manda a un grupo de hombres sacados de diferentes lugares y profesiones, nada preparados por cierto y hasta con un traidor en el medio. \u00a1Qu\u00e9 bueno que es Dios, que me eligi\u00f3 a m\u00ed, a pesar de todo! Si Dios no fuera as\u00ed, no tendr\u00eda chance.<br><br>La cosecha era abundante y los trabajadores pocos en el tiempo de Jes\u00fas. En el nuestro la desproporci\u00f3n sigue vigente y no parece que vaya a cambiar tan pronto la situaci\u00f3n. Dios no parece asustarse de lo limitado de los recursos puestos en la misi\u00f3n. Seguramente hay otros caminos, desconocidos para nosotros, por los que tambi\u00e9n se accede a su vida eterna. De todos modos aceptamos la extra\u00f1a sabidur\u00eda de Dios, que vivi\u00f3 entre nosotros pobremente, que acept\u00f3 ser clavado en una cruz, que elige gente que muchas veces traiciona sus expectativas, que nos manda a nosotros que somos d\u00e9biles y nos agarra la tentaci\u00f3n de mirar hacia atr\u00e1s y dejar de sembrar.<br><br>Importante saber que se nos dio mucho y que eso mismo debemos darlo a manos llenas. Somos los privilegiados de un Dios que nos eligi\u00f3 y quiere hacernos su familia y sus mensajeros. No hicimos nada para serlo, no hubo ex\u00e1menes previos, ni que presentar curriculum, ni nos eligi\u00f3 por ser mejores que otros. Regalo tan grande hay que compartirlo, anunciarlo, hacer a otros part\u00edcipe de ese gozo de caminar con Dios, de ser de Dios.<\/p>\n\n\n\n<h4 class=\"wp-block-heading has-text-align-left has-vivid-cyan-blue-color has-text-color has-link-color wp-elements-987b6946031b876bff7cad2625d33797\"><strong><br>Palabras de Juan Mar\u00eda<\/strong><\/h4>\n\n\n\n<p class=\"has-text-align-left\"><img decoding=\"async\" class=\"wp-image-618\" style=\"width: 150px;\" src=\"https:\/\/menesianosoy.org\/wp-content\/uploads\/2023\/08\/j.png\" alt=\"\"><br><em>Ya ves que tu misi\u00f3n tiene el \u00e9xito m\u00e1s admirable: no te lo atribuyas a ti mismo, antes bien, piensa a menudo que Dios quiere servirse de los instrumentos m\u00e1s d\u00e9biles a fin de hacer evidente ante todos que s\u00f3lo \u00c9l es el autor del bien realizado por sus pobres criaturas\u201d. (AI H. Herv\u00e9, 24 de julio de 1847)<\/em><\/p>\n\n\n\n<h4 class=\"wp-block-heading has-text-align-left has-vivid-cyan-blue-color has-text-color has-link-color wp-elements-c4436a9fc32fe87545b016911b68c19b\"><br><strong><em>Yo los env\u00edo, son parte de esta historia &#8211; Mart\u00edn Roig<\/em><\/strong><\/h4>\n\n\n\n<figure class=\"wp-block-embed is-type-video is-provider-youtube wp-block-embed-youtube wp-embed-aspect-16-9 wp-has-aspect-ratio\"><div class=\"wp-block-embed__wrapper\">\n<iframe loading=\"lazy\" title=\"Yo los envi\u0301o, son parte de esta historia.\" width=\"1140\" height=\"641\" src=\"https:\/\/www.youtube.com\/embed\/1Ey1X7I4oIw?feature=oembed\" frameborder=\"0\" allow=\"accelerometer; autoplay; clipboard-write; encrypted-media; gyroscope; picture-in-picture; web-share\" allowfullscreen><\/iframe>\n<\/div><\/figure>\n\n\n\n<p class=\"has-text-align-left\">Tengo una invitaci\u00f3n<br>para continuar la historia<br>de mi vida y de los dem\u00e1s,<br>transformando este mundo<br>en mi hogar, para amar.<br><br>Yo lo escuch\u00e9 y digo que s\u00ed<br>a sus palabras que llegaron a mi alma.<br><br><em>Yo los env\u00edo,<\/em><br><em>son parte de esta historia (bis)<\/em><br><br>Vamos creando lazos<br>con Jes\u00fas a nuestro lado,<br>sinti\u00e9ndonos hermanos,<br>caminando a la frontera sin dudar<br>para amar.<br><br>Menesiano, ven\u00ed, digamos que s\u00ed,<br>a escribir otra p\u00e1gina en la historia<\/p>\n\n\n\n<h4 class=\"wp-block-heading has-text-align-center has-white-color has-vivid-purple-background-color has-text-color has-background has-link-color wp-elements-de385e7bb612ed0c6993c3433272d41f\"><strong>Oraci\u00f3n por el Cap\u00edtulo General<\/strong><\/h4>\n\n\n\n<figure class=\"wp-block-image size-full\"><img decoding=\"async\" src=\"https:\/\/menesianosoy.org\/wp-content\/uploads\/2023\/12\/Logo-3-copia.jpg\" alt=\"\" class=\"wp-image-7446\"\/><\/figure>\n","protected":false},"excerpt":{"rendered":"<p>Liturgia de las horas: Rezamos con el tema Mar\u00eda VII Isa\u00edas 30, 19-21. 23-26Salmo 146, 1-6 Evangelio: Mateo 9, 35-10, 1. 5-8 Jes\u00fas recorr\u00eda todas las ciudades y los pueblos, ense\u00f1ando en las sinagogas, proclamando la Buena Noticia del Reino y curando todas las enfermedades y dolencias.Al ver a la multitud, tuvo compasi\u00f3n, porque estaban &hellip; <a href=\"https:\/\/menesianosoy.org\/index.php\/2023\/12\/06\/san-juan-diego-santa-narcisa-de-jesus\/\" class=\"more-link\">Continue reading<span class=\"screen-reader-text\"> \u00abSan Juan Diego \u2013 Santa Narcisa de Jes\u00fas\u00bb<\/span><\/a><\/p>\n","protected":false},"author":3,"featured_media":0,"comment_status":"closed","ping_status":"closed","sticky":false,"template":"","format":"standard","meta":{"_acf_changed":false,"footnotes":""},"categories":[9],"tags":[],"class_list":["post-7407","post","type-post","status-publish","format-standard","hentry","category-evangelio"],"acf":[],"_links":{"self":[{"href":"https:\/\/menesianosoy.org\/index.php\/wp-json\/wp\/v2\/posts\/7407","targetHints":{"allow":["GET"]}}],"collection":[{"href":"https:\/\/menesianosoy.org\/index.php\/wp-json\/wp\/v2\/posts"}],"about":[{"href":"https:\/\/menesianosoy.org\/index.php\/wp-json\/wp\/v2\/types\/post"}],"author":[{"embeddable":true,"href":"https:\/\/menesianosoy.org\/index.php\/wp-json\/wp\/v2\/users\/3"}],"replies":[{"embeddable":true,"href":"https:\/\/menesianosoy.org\/index.php\/wp-json\/wp\/v2\/comments?post=7407"}],"version-history":[{"count":15,"href":"https:\/\/menesianosoy.org\/index.php\/wp-json\/wp\/v2\/posts\/7407\/revisions"}],"predecessor-version":[{"id":7465,"href":"https:\/\/menesianosoy.org\/index.php\/wp-json\/wp\/v2\/posts\/7407\/revisions\/7465"}],"wp:attachment":[{"href":"https:\/\/menesianosoy.org\/index.php\/wp-json\/wp\/v2\/media?parent=7407"}],"wp:term":[{"taxonomy":"category","embeddable":true,"href":"https:\/\/menesianosoy.org\/index.php\/wp-json\/wp\/v2\/categories?post=7407"},{"taxonomy":"post_tag","embeddable":true,"href":"https:\/\/menesianosoy.org\/index.php\/wp-json\/wp\/v2\/tags?post=7407"}],"curies":[{"name":"wp","href":"https:\/\/api.w.org\/{rel}","templated":true}]}}