{"id":7598,"date":"2023-12-09T16:51:35","date_gmt":"2023-12-09T19:51:35","guid":{"rendered":"https:\/\/menesianosoy.org\/?p=7598"},"modified":"2023-12-12T22:18:02","modified_gmt":"2023-12-13T01:18:02","slug":"santa-lucia","status":"publish","type":"post","link":"https:\/\/menesianosoy.org\/index.php\/2023\/12\/09\/santa-lucia\/","title":{"rendered":"Santa Luc\u00eda"},"content":{"rendered":"\n<p class=\"has-text-align-left\"><strong><em>Isa\u00edas 40, 25-31<br>Salmo 102, 1-4. 8. 10<\/em><\/strong><\/p>\n\n\n\n<h4 class=\"wp-block-heading has-vivid-cyan-blue-color has-text-color has-link-color wp-elements-a2ca6b72ad0cc7b617eab22e712ed7fb\"><strong>Evangelio: Mateo 11, 28-30<\/strong><\/h4>\n\n\n\n<p class=\"has-text-align-left\"><strong><em>Jes\u00fas tom\u00f3 la palabra y dijo: Vengan a m\u00ed todos los que est\u00e1n afligidos y agobiados, y yo los aliviar\u00e9. Carguen sobre ustedes mi yugo y aprendan de m\u00ed, porque soy paciente y humilde de coraz\u00f3n, y as\u00ed encontrar\u00e1n alivio. Porque mi yugo es suave y mi carga liviana.<\/em><\/strong><\/p>\n\n\n\n<figure class=\"wp-block-image size-full\"><img loading=\"lazy\" decoding=\"async\" width=\"400\" height=\"249\" src=\"https:\/\/menesianosoy.org\/wp-content\/uploads\/2023\/12\/Mi-yugo-es-suave-y-mi-carga-ligera.png\" alt=\"\" class=\"wp-image-7607\" srcset=\"https:\/\/menesianosoy.org\/wp-content\/uploads\/2023\/12\/Mi-yugo-es-suave-y-mi-carga-ligera.png 400w, https:\/\/menesianosoy.org\/wp-content\/uploads\/2023\/12\/Mi-yugo-es-suave-y-mi-carga-ligera-300x187.png 300w\" sizes=\"auto, (max-width: 400px) 85vw, 400px\" \/><\/figure>\n\n\n\n<p class=\"has-text-align-left\">El yugo de Jes\u00fas es yugo de amor y, por tanto, garant\u00eda de descanso. A veces nos pesa la soledad de nuestras fatigas, y estamos tan cargados del yugo que ya no nos acordamos de haberlo recibido del Se\u00f1or. Nos parece solamente nuestro y, por tanto, nos arrastramos como bueyes cansados en el campo \u00e1rido, abrumados por la sensaci\u00f3n de haber trabajado en vano, olvidando la plenitud del descanso vinculado indisolublemente a Aquel que hizo la promesa.<br><br>Aprender de Jes\u00fas; mejor a\u00fan, aprender a ser como Jes\u00fas, manso y humilde; entrar en su mansedumbre y su humildad mediante la contemplaci\u00f3n de su obrar. Poner nuestras iglesias y nuestros pueblos, a menudo aplastados por la dura pretensi\u00f3n del rendimiento bajo el suave yugo del Se\u00f1or. Recordar que la identidad de la Iglesia de Jes\u00fas no est\u00e1 garantizada por el \u201cfuego del cielo que consume\u201d, sino por el secreto calor del Esp\u00edritu que \u201csana lo que sangra, dobla lo que es r\u00edgido, endereza lo que est\u00e1 torcido\u201d&nbsp;(Homil\u00eda de S.S. Francisco, 23 de septiembre de 2015).<br><br>El seguir a Cristo amerita por ley divina cargar nuestra cruz, el yugo del cual habla el Se\u00f1or en el Evangelio; ese yugo que es suave y ligero. El yugo de la caridad, que es en s\u00ed misma mansedumbre para tratar a los dem\u00e1s, y humildad, que es la perla preciosa del trato con Dios. Sin estas dos cualidades, nuestro trato con los dem\u00e1s se nos hace insufrible. Nosotros fuimos creados por Dios para amar y ser amados, y nuestro verdadero descanso est\u00e1 precisamente en esto. El camino m\u00e1s f\u00e1cil para llegar a \u00c9l, es ser \u2013como Jes\u00fas nos pide\u2013 mansos y humildes de coraz\u00f3n.<\/p>\n\n\n\n<h4 class=\"wp-block-heading has-text-align-left has-vivid-cyan-blue-color has-text-color has-link-color wp-elements-f100dfd3860a4604441e8378a214dd1c\"><br><strong>Palabras de Gabriel Deshayes<\/strong><\/h4>\n\n\n\n<p class=\"has-text-align-left\"><img decoding=\"async\" class=\"wp-image-618\" style=\"width: 150px;\" src=\"https:\/\/menesianosoy.org\/wp-content\/uploads\/2023\/08\/j.png\" alt=\"\"><br><em>La gracia no le falta nunca al hombre. Dios es pr\u00f3digo con \u00e9l. En todo tiempo, en todo lugar, proporciona a los justos los medios para la perseverancia y a los pecadores los medios para la conversi\u00f3n. \u00c9l es siempre el Dios de las misericordias\u201d (Serm\u00f3n sobre la Misi\u00f3n)<\/em><\/p>\n\n\n\n<h4 class=\"wp-block-heading has-text-align-left has-vivid-cyan-blue-color has-text-color has-link-color wp-elements-83d7132a30ec131b8f3f5f80de5944fc\"><br><em><strong>El barro que amo \u2013 Meana<\/strong><\/em><\/h4>\n\n\n\n<figure class=\"wp-block-embed is-type-video is-provider-youtube wp-block-embed-youtube wp-embed-aspect-16-9 wp-has-aspect-ratio\"><div class=\"wp-block-embed__wrapper\">\n<iframe loading=\"lazy\" title=\"El barro que amo\" width=\"1140\" height=\"641\" src=\"https:\/\/www.youtube.com\/embed\/xlXPlCkXHSc?feature=oembed\" frameborder=\"0\" allow=\"accelerometer; autoplay; clipboard-write; encrypted-media; gyroscope; picture-in-picture; web-share\" allowfullscreen><\/iframe>\n<\/div><\/figure>\n\n\n\n<p class=\"has-text-align-left\"><strong><em>Yo s\u00ed que te conozco:<br>Tu vida est\u00e1 en mis manos.<br>Sos el barro que formo.<br>Vos sos el barro que amo.<br><br>D\u00e9jame que te sople mi Aliento\u2026<br>D\u00e9jame modelarte a mi imagen\u2026<br>D\u00e9jame darte una forma nueva\u2026<br>Deja a tu Alfarero que trabaje\u2026<br><br>Un barro d\u00f3cil que conf\u00eda en su Artesano,<br>barro que se funde y nace un nuevo vaso,<br>donde lleves el tesoro de mi vida y de mi abrazo\u2026<br><br>Volver al barro para sentir mi presencia.<br>Embarrarse para ganar transparencia.<br>Barro abierto al Soplo nuevo,<br>que hace nueva la existencia.<br><br>D\u00e9jame que te sople mi Aliento\u2026<br>D\u00e9jame modelarte a mi imagen\u2026<br>D\u00e9jame darte una forma nueva\u2026<br>Deja a tu Alfarero que trabaje\u2026<br><br>Yo s\u00ed que te conozco:<br>Tu vida est\u00e1 en mis manos.<br>Sos el barro que formo.<br>Vos sos el barro que amo.<br><br>Y tenele paciencia a tu barro\u2026<br>Y tenele confianza a mis tiempos\u2026<br>Y mir\u00e1 c\u00f3mo ejerzo este oficio\u2026<br>Y volvete tambi\u00e9n alfarero\u2026<br><br>El \u2018d\u00eda a d\u00eda\u2019, es taller simple y fraterno,<br>donde imaginar lo valioso y lo bueno,<br>donde modelar, pacientes,<br>el dise\u00f1o de lo nuevo.<br><br>Volver al barro es consagrar lo cotidiano,<br>es involucrarse, quedando embarrados,<br>es cuidar y amar el rostro bello<br>y fr\u00e1gil de lo humano.<br><br>Y tenele paciencia a tu barro\u2026<br>Y tenele confianza a mis tiempos\u2026<br>Y mir\u00e1 c\u00f3mo ejerzo este oficio\u2026<br>Y volvete tambi\u00e9n alfarero\u2026<br><br>Yo s\u00ed que te conozco:<br>Tu vida est\u00e1 en mis manos.<br>Sos el barro que formo.<br>Vos sos el barro que amo.<br><br>Vos sos el barro que amo<br>Yo s\u00ed que te conozco &#8230;<\/em><\/strong><\/p>\n\n\n\n<h4 class=\"wp-block-heading has-text-align-center has-white-color has-vivid-purple-background-color has-text-color has-background has-link-color wp-elements-de385e7bb612ed0c6993c3433272d41f\"><strong>Oraci\u00f3n por el Cap\u00edtulo General<\/strong><\/h4>\n\n\n\n<figure class=\"wp-block-image size-full\"><img decoding=\"async\" src=\"https:\/\/menesianosoy.org\/wp-content\/uploads\/2023\/12\/Logo-3-copia-1.jpg\" alt=\"\" class=\"wp-image-7685\"\/><\/figure>\n","protected":false},"excerpt":{"rendered":"<p>Isa\u00edas 40, 25-31Salmo 102, 1-4. 8. 10 Evangelio: Mateo 11, 28-30 Jes\u00fas tom\u00f3 la palabra y dijo: Vengan a m\u00ed todos los que est\u00e1n afligidos y agobiados, y yo los aliviar\u00e9. Carguen sobre ustedes mi yugo y aprendan de m\u00ed, porque soy paciente y humilde de coraz\u00f3n, y as\u00ed encontrar\u00e1n alivio. Porque mi yugo es &hellip; <a href=\"https:\/\/menesianosoy.org\/index.php\/2023\/12\/09\/santa-lucia\/\" class=\"more-link\">Continue reading<span class=\"screen-reader-text\"> \u00abSanta Luc\u00eda\u00bb<\/span><\/a><\/p>\n","protected":false},"author":3,"featured_media":0,"comment_status":"closed","ping_status":"closed","sticky":false,"template":"","format":"standard","meta":{"_acf_changed":false,"footnotes":""},"categories":[9],"tags":[],"class_list":["post-7598","post","type-post","status-publish","format-standard","hentry","category-evangelio"],"acf":[],"_links":{"self":[{"href":"https:\/\/menesianosoy.org\/index.php\/wp-json\/wp\/v2\/posts\/7598","targetHints":{"allow":["GET"]}}],"collection":[{"href":"https:\/\/menesianosoy.org\/index.php\/wp-json\/wp\/v2\/posts"}],"about":[{"href":"https:\/\/menesianosoy.org\/index.php\/wp-json\/wp\/v2\/types\/post"}],"author":[{"embeddable":true,"href":"https:\/\/menesianosoy.org\/index.php\/wp-json\/wp\/v2\/users\/3"}],"replies":[{"embeddable":true,"href":"https:\/\/menesianosoy.org\/index.php\/wp-json\/wp\/v2\/comments?post=7598"}],"version-history":[{"count":11,"href":"https:\/\/menesianosoy.org\/index.php\/wp-json\/wp\/v2\/posts\/7598\/revisions"}],"predecessor-version":[{"id":7686,"href":"https:\/\/menesianosoy.org\/index.php\/wp-json\/wp\/v2\/posts\/7598\/revisions\/7686"}],"wp:attachment":[{"href":"https:\/\/menesianosoy.org\/index.php\/wp-json\/wp\/v2\/media?parent=7598"}],"wp:term":[{"taxonomy":"category","embeddable":true,"href":"https:\/\/menesianosoy.org\/index.php\/wp-json\/wp\/v2\/categories?post=7598"},{"taxonomy":"post_tag","embeddable":true,"href":"https:\/\/menesianosoy.org\/index.php\/wp-json\/wp\/v2\/tags?post=7598"}],"curies":[{"name":"wp","href":"https:\/\/api.w.org\/{rel}","templated":true}]}}