{"id":7794,"date":"2023-12-15T17:48:31","date_gmt":"2023-12-15T20:48:31","guid":{"rendered":"https:\/\/menesianosoy.org\/?p=7794"},"modified":"2023-12-17T10:41:26","modified_gmt":"2023-12-17T13:41:26","slug":"3o-martes-del-adviento","status":"publish","type":"post","link":"https:\/\/menesianosoy.org\/index.php\/2023\/12\/15\/3o-martes-del-adviento\/","title":{"rendered":"3\u00ba martes del Adviento"},"content":{"rendered":"\n<p class=\"has-text-align-left\"><em>Jueces 13, 2-7. 24-25<br>Salmo 70, 3-6. 16-17<\/em><\/p>\n\n\n\n<h4 class=\"wp-block-heading has-text-align-left has-vivid-cyan-blue-color has-text-color has-link-color wp-elements-e5b9ca310d6cba891620fb016a1557d7\"><br><strong>Evangelio: Lucas 1, 5-25<\/strong><\/h4>\n\n\n\n<p class=\"has-text-align-left\"><strong><em>En tiempos de Herodes, rey de Judea, hab\u00eda un sacerdote llamado Zacar\u00edas, de la clase sacerdotal de Ab\u00edas. Su mujer, llamada Isabel, era descendiente de Aar\u00f3n. Ambos eran justos a los ojos de Dios y segu\u00edan en forma irreprochable todos los mandamientos y preceptos del Se\u00f1or. Pero no ten\u00edan hijos, porque Isabel era est\u00e9ril; y los dos eran de edad avanzada. <\/em><\/strong><br><strong><em>Un d\u00eda en que su clase estaba de turno y Zacar\u00edas ejerc\u00eda la funci\u00f3n sacerdotal delante de Dios, le toc\u00f3 en suerte, seg\u00fan la costumbre lit\u00fargica, entrar en el Santuario del Se\u00f1or para quemar el incienso. <\/em><\/strong><br><strong><em>Toda la asamblea del pueblo permanec\u00eda afuera, en oraci\u00f3n, mientras se ofrec\u00eda el incienso. <\/em><\/strong><br><strong><em>Entonces se le apareci\u00f3 el \u00c1ngel del Se\u00f1or, de pie, a la derecha del altar del incienso. Al verlo, Zacar\u00edas qued\u00f3 desconcertado y tuvo miedo. <\/em><\/strong><br><strong><em>Pero el \u00c1ngel le dijo: No temas, Zacar\u00edas; tu s\u00faplica ha sido escuchada. Isabel, tu esposa, te dar\u00e1 un hijo al que llamar\u00e1s Juan. El ser\u00e1 para ti un motivo de gozo y de alegr\u00eda, y muchos se alegrar\u00e1n de su nacimiento, porque ser\u00e1 grande a los ojos del Se\u00f1or. No beber\u00e1 vino ni bebida alcoh\u00f3lica; estar\u00e1 lleno del Esp\u00edritu Santo desde el seno de su madre, y har\u00e1 que muchos israelitas vuelvan al Se\u00f1or, su Dios. Preceder\u00e1 al Se\u00f1or con el esp\u00edritu y el poder de El\u00edas, para reconciliar a los padres con sus hijos y atraer a los rebeldes a la sabidur\u00eda de los justos, preparando as\u00ed al Se\u00f1or un Pueblo bien dispuesto. <\/em><\/strong><br><strong><em>Pero Zacar\u00edas dijo al \u00c1ngel: \u00bfC\u00f3mo puedo estar seguro de esto? Porque yo soy anciano y mi esposa es de edad avanzada. <\/em><\/strong><br><strong><em>El \u00c1ngel le respondi\u00f3: Yo soy Gabriel, el que est\u00e1 delante de Dios, y he sido enviado para hablarte y anunciarte esta buena noticia. Te quedar\u00e1s mudo, sin poder hablar hasta el d\u00eda en que sucedan estas cosas, por no haber cre\u00eddo en mis palabras, que se cumplir\u00e1n a su debido tiempo. <\/em><\/strong><br><strong><em>Mientras tanto, el pueblo estaba esperando a Zacar\u00edas, extra\u00f1ado de que permaneciera tanto tiempo en el Santuario. Cuando sali\u00f3, no pod\u00eda hablarles, y todos comprendieron que hab\u00eda tenido alguna visi\u00f3n en el Santuario. \u00c9l se expresaba por se\u00f1as, porque hab\u00eda quedado mudo. <\/em><\/strong><br><strong><em>Al cumplirse el tiempo de su servicio en el Templo, regres\u00f3 a su casa. <\/em><\/strong><br><strong><em>Poco despu\u00e9s, su esposa Isabel concibi\u00f3 un hijo y permaneci\u00f3 oculta durante cinco meses. Ella pensaba: Esto es lo que el Se\u00f1or ha hecho por m\u00ed, cuando decidi\u00f3 librarme de lo que me avergonzaba ante los hombres.<\/em><\/strong><\/p>\n\n\n\n<figure class=\"wp-block-image size-full\"><img loading=\"lazy\" decoding=\"async\" width=\"500\" height=\"281\" src=\"https:\/\/menesianosoy.org\/wp-content\/uploads\/2023\/12\/Historia-de-Zacarias-3-1024x576-1.jpg\" alt=\"\" class=\"wp-image-7809\" srcset=\"https:\/\/menesianosoy.org\/wp-content\/uploads\/2023\/12\/Historia-de-Zacarias-3-1024x576-1.jpg 500w, https:\/\/menesianosoy.org\/wp-content\/uploads\/2023\/12\/Historia-de-Zacarias-3-1024x576-1-300x169.jpg 300w\" sizes=\"auto, (max-width: 500px) 85vw, 500px\" \/><\/figure>\n\n\n\n<p class=\"has-text-align-left\"><br>Dios Todopoderoso est\u00e1 interviniendo en nuestra historia de un modo \u00fanico, comparado probablemente tan s\u00f3lo con el momento aquel de la Creaci\u00f3n y posiblemente con el de su vuelta definitiva, para reinar por toda la eternidad. Es pues un momento central planeado por Dios con el \u00fanico prop\u00f3sito de salvarnos, porque su amor y su misericordia son infinitos. \u00c9l quiere que vivamos eternamente y que ni uno solo se pierda.<br><br>Los vers\u00edculos que hoy reflexionamos tienen que ver con el nacimiento de Juan el Bautista, primo de Jes\u00fas, que habr\u00eda de precederlo, anunciando su llegada, para la cual deb\u00edamos prepararnos. Para que se cumpla este prop\u00f3sito, Isabel, su madre, que era est\u00e9ril y ya mayor, habiendo sobrepasado la edad de concebir, queda encinta de Zacar\u00edas, su esposo, que tambi\u00e9n era mayor.<br>\u00bfCu\u00e1l es el mensaje de este suceso? Que no hay nada que se pueda oponer a los designios de Dios; que para Dios no hay nada imposible; que Dios tiene un Plan y que este se cumplir\u00e1, por encima de cualquier oposici\u00f3n u obst\u00e1culo infranqueable para nosotros.<br><br>Nosotros siempre estamos pensando que las cosas dependen de nosotros; queremos ser nosotros los que dirigimos la resoluci\u00f3n de cada situaci\u00f3n, en lugar de abandonarnos a su voluntad, confiando plenamente en que, si \u00c9l as\u00ed lo ha dispuesto, as\u00ed suceder\u00e1. Si tuvi\u00e9ramos un poco m\u00e1s de fe, afrontar\u00edamos m\u00e1s confiados cada situaci\u00f3n, sabiendo que, si es voluntad de Dios, entonces no depende de cuanto nos esforcemos o empe\u00f1emos en lograrlo. Nos cuesta abandonarnos a lo que \u00c9l ha dispuesto, con argumentos posiblemente tan s\u00f3lidos, razonables y l\u00f3gicos como los de Zacar\u00edas, olvidando que la l\u00f3gica y la raz\u00f3n de Dios no se ajustan necesariamente a nuestros par\u00e1metros, porque \u00e9l ve m\u00e1s all\u00e1, porque est\u00e1 por encima de nosotros, porque es Dios.&nbsp;<br><br>Ha llegado el momento que decidamos si creemos o no creemos en Dios, si aceptamos o no su voluntad. No se trata de palabras, de descripciones, declamaciones o juramentos, sino de actuar en consecuencia. Para hacerlo, hay que saber apagar el ego, desconectarse de la seudo responsabilidad que nos mueve con el pretexto que, si no lo pensamos y meditamos nosotros, no ser\u00e1 posible, como ocurre aqu\u00ed con Zacar\u00edas, quien en lugar de aceptar lo que Dios ha dispuesto, pretende justificarse en la falta de l\u00f3gica que encuentra a lo que ha sido dispuesto por Dios. No antepongamos nuestra l\u00f3gica a la l\u00f3gica de su voluntad.<\/p>\n\n\n\n<h4 class=\"wp-block-heading has-text-align-left has-vivid-cyan-blue-color has-text-color has-link-color wp-elements-fc106bf8187ed34fa9151c6c240c10b4\"><br><strong>Palabras de Juan Mar\u00eda<\/strong><\/h4>\n\n\n\n<p class=\"has-text-align-left\"><img decoding=\"async\" class=\"wp-image-618\" style=\"width: 150px;\" src=\"https:\/\/menesianosoy.org\/wp-content\/uploads\/2023\/08\/j.png\" alt=\"\"><br>C<em>omo buenos hermanos, como hijos fieles completamente unidos entre s\u00ed, ayud\u00e9monos los unos a los otros a caminar con paso firme por el camino por el que nuestro Padre nos ha llamado y que debe conducirnos a \u00c9l. (Serm\u00f3n sobre la perfecci\u00f3n)\u00a0\u00a0\u00a0\u00a0\u00a0\u00a0\u00a0\u00a0\u00a0\u00a0<\/em><\/p>\n\n\n\n<h4 class=\"wp-block-heading has-text-align-left has-vivid-cyan-blue-color has-text-color has-link-color wp-elements-4e8a04cad926c138a21e08e43f38c7bb\"><br>La audacia del coraz\u00f3n &#8211; Ruah m\u00fasica<\/h4>\n\n\n\n<figure class=\"wp-block-embed is-type-video is-provider-youtube wp-block-embed-youtube wp-embed-aspect-16-9 wp-has-aspect-ratio\"><div class=\"wp-block-embed__wrapper\">\n<iframe loading=\"lazy\" title=\"La audacia del coraz\u00f3n\" width=\"1140\" height=\"641\" src=\"https:\/\/www.youtube.com\/embed\/h4Syxtfkigg?feature=oembed\" frameborder=\"0\" allow=\"accelerometer; autoplay; clipboard-write; encrypted-media; gyroscope; picture-in-picture; web-share\" allowfullscreen><\/iframe>\n<\/div><\/figure>\n\n\n\n<p>En lo peque\u00f1o goza tu mirada.<br>En mi fragilidad brilla tu luz.<br>En mis anhelos crecen tus alas<br>Y en lo escondido me hablas T\u00fa.<br><br>En la audacia del coraz\u00f3n est\u00e1<br>esa intuici\u00f3n de que hay camino<br>y debo continuar.<br>No se desvanecer\u00e1 mi confianza en Ti:<br>Aunque todo tiemble,<br>tu Palabras seguir\u00e1 ah\u00ed.<br><br>En la dificultad tu gracia.<br>En la precariedad tu don.<br>Yo sola nada, pero contigo,<br>todo lo puedo mi Dios<br>Yo sola nada, pero contigo,<br>todo lo puedo mi Dios.<br><br>En la audacia del coraz\u00f3n est\u00e1<br>esa intuici\u00f3n de que hay camino<br>y debo continuar.<br>No se desvanecer\u00e1 mi confianza en Ti:<br>Aunque todo tiemble,<br>tu Palabra seguir\u00e1 ah\u00ed.<\/p>\n\n\n\n<p class=\"has-vivid-purple-background-color has-background\"><\/p>\n\n\n\n<figure class=\"wp-block-image size-full\"><img loading=\"lazy\" decoding=\"async\" width=\"500\" height=\"281\" src=\"https:\/\/menesianosoy.org\/wp-content\/uploads\/2023\/12\/Oracion-y-logo-2-1.jpg\" alt=\"\" class=\"wp-image-7803\" srcset=\"https:\/\/menesianosoy.org\/wp-content\/uploads\/2023\/12\/Oracion-y-logo-2-1.jpg 500w, https:\/\/menesianosoy.org\/wp-content\/uploads\/2023\/12\/Oracion-y-logo-2-1-300x169.jpg 300w\" sizes=\"auto, (max-width: 500px) 85vw, 500px\" \/><\/figure>\n","protected":false},"excerpt":{"rendered":"<p>Jueces 13, 2-7. 24-25Salmo 70, 3-6. 16-17 Evangelio: Lucas 1, 5-25 En tiempos de Herodes, rey de Judea, hab\u00eda un sacerdote llamado Zacar\u00edas, de la clase sacerdotal de Ab\u00edas. Su mujer, llamada Isabel, era descendiente de Aar\u00f3n. Ambos eran justos a los ojos de Dios y segu\u00edan en forma irreprochable todos los mandamientos y preceptos &hellip; <a href=\"https:\/\/menesianosoy.org\/index.php\/2023\/12\/15\/3o-martes-del-adviento\/\" class=\"more-link\">Continue reading<span class=\"screen-reader-text\"> \u00ab3\u00ba martes del Adviento\u00bb<\/span><\/a><\/p>\n","protected":false},"author":3,"featured_media":0,"comment_status":"closed","ping_status":"closed","sticky":false,"template":"","format":"standard","meta":{"_acf_changed":false,"footnotes":""},"categories":[9],"tags":[],"class_list":["post-7794","post","type-post","status-publish","format-standard","hentry","category-evangelio"],"acf":[],"_links":{"self":[{"href":"https:\/\/menesianosoy.org\/index.php\/wp-json\/wp\/v2\/posts\/7794","targetHints":{"allow":["GET"]}}],"collection":[{"href":"https:\/\/menesianosoy.org\/index.php\/wp-json\/wp\/v2\/posts"}],"about":[{"href":"https:\/\/menesianosoy.org\/index.php\/wp-json\/wp\/v2\/types\/post"}],"author":[{"embeddable":true,"href":"https:\/\/menesianosoy.org\/index.php\/wp-json\/wp\/v2\/users\/3"}],"replies":[{"embeddable":true,"href":"https:\/\/menesianosoy.org\/index.php\/wp-json\/wp\/v2\/comments?post=7794"}],"version-history":[{"count":19,"href":"https:\/\/menesianosoy.org\/index.php\/wp-json\/wp\/v2\/posts\/7794\/revisions"}],"predecessor-version":[{"id":7877,"href":"https:\/\/menesianosoy.org\/index.php\/wp-json\/wp\/v2\/posts\/7794\/revisions\/7877"}],"wp:attachment":[{"href":"https:\/\/menesianosoy.org\/index.php\/wp-json\/wp\/v2\/media?parent=7794"}],"wp:term":[{"taxonomy":"category","embeddable":true,"href":"https:\/\/menesianosoy.org\/index.php\/wp-json\/wp\/v2\/categories?post=7794"},{"taxonomy":"post_tag","embeddable":true,"href":"https:\/\/menesianosoy.org\/index.php\/wp-json\/wp\/v2\/tags?post=7794"}],"curies":[{"name":"wp","href":"https:\/\/api.w.org\/{rel}","templated":true}]}}