{"id":7818,"date":"2023-12-15T18:20:12","date_gmt":"2023-12-15T21:20:12","guid":{"rendered":"https:\/\/menesianosoy.org\/?p=7818"},"modified":"2023-12-19T07:39:47","modified_gmt":"2023-12-19T10:39:47","slug":"3o-martes-del-adviento-2","status":"publish","type":"post","link":"https:\/\/menesianosoy.org\/index.php\/2023\/12\/15\/3o-martes-del-adviento-2\/","title":{"rendered":"3\u00ba martes del Adviento"},"content":{"rendered":"\n<h4 class=\"wp-block-heading has-text-align-left has-vivid-cyan-blue-color has-text-color has-link-color wp-elements-b639f3f75c48ff3a64693f74e11e936e\"><br><strong><em>Oraci\u00f3n<\/em><\/strong><\/h4>\n\n\n\n<p class=\"has-text-align-left\"><strong><em>Se\u00f1or,<br>que puedas encontrar en nosotros<br>todas las perfecciones de tu Hijo,<br>que seamos,<br>en la medida que lo permita<br>la debilidad humana,<br>revestidos de Jesucristo,<br>que sigamos a Cristo<br>en todos sus caminos,<br>que juzguemos todas las cosas<br>como \u00e9l las juzga,<br>que amemos lo que \u00e9l ama,<br>que despreciemos lo que \u00e9l desprecia.<br>En una palabra,<br>que todos nuestros pensamientos<br>sean conformes a sus pensamientos<br>y que seamos su imagen viva. Am\u00e9n<br>(Juan Mar\u00eda)<\/em><\/strong><\/p>\n\n\n\n<h4 class=\"wp-block-heading has-text-align-left has-vivid-cyan-blue-color has-text-color has-link-color wp-elements-564a444a1f0ca783c9e89e5254ecd0b3\"><br><strong><em>Intenciones<\/em><\/strong><\/h4>\n\n\n\n<ul class=\"wp-block-list\">\n<li>Por el eterno descanso de Ariel Turnaturi, pap\u00e1 de Nico.<\/li>\n\n\n\n<li>Por la familia menesiana de Huatusco (M\u00e9xico)<\/li>\n\n\n\n<li>Por nuestros capellanes y los sacerdotes de nuestras parroquias.<\/li>\n\n\n\n<li>Por la comunidad de Nanclares (Espa\u00f1a) y  la comunidad Gabriel Deshayes de Abidjan (Costa de Marfil).<\/li>\n\n\n\n<li>Por el Cap\u00edtulo General.<\/li>\n\n\n\n<li>Por la paz en el mundo.<\/li>\n<\/ul>\n\n\n\n<h4 class=\"wp-block-heading has-text-align-left has-vivid-cyan-blue-color has-text-color has-link-color wp-elements-22fe853495f95445c12cb3acd378cdf7\"><br><strong><em>Directorio 19 a<\/em><\/strong><\/h4>\n\n\n\n<p class=\"has-text-align-left\">El Hermano oye la voz del Se\u00f1or que le apremia y le llama por su nombre. Para responder a esta invitaci\u00f3n, entra en una familia religiosa por la que siente atractivo.<\/p>\n\n\n\n<h4 class=\"wp-block-heading has-text-align-left has-vivid-cyan-blue-color has-text-color has-link-color wp-elements-5d4c237748c96e3c254c231e15daabb7\"><br><strong><em>A una Hija de Mar\u00eda, Agosto 1816<\/em><\/strong><\/h4>\n\n\n\n<p class=\"has-text-align-left\">Ensanchen su coraz\u00f3n y no se dejen llevar por sentimientos de un temor excesivo, que lo encoger\u00eda y le impedir\u00eda saborear a Dios como debe hacerlo.<\/p>\n\n\n\n<h4 class=\"wp-block-heading has-text-align-left has-vivid-cyan-blue-color has-text-color has-link-color wp-elements-388e9b22edf388f9d915f1259eebbf73\"><br><strong><em>Difuntos<\/em><\/strong><\/h4>\n\n\n\n<p class=\"has-text-align-left\">1981: Pierre Le Poder (Lucien-Joseph)<br>1988: Claude Mainguy (Paul-Alfred)<br>2004: Louis Cherruau (L\u00e9andre)<\/p>\n","protected":false},"excerpt":{"rendered":"<p>Oraci\u00f3n Se\u00f1or,que puedas encontrar en nosotrostodas las perfecciones de tu Hijo,que seamos,en la medida que lo permitala debilidad humana,revestidos de Jesucristo,que sigamos a Cristoen todos sus caminos,que juzguemos todas las cosascomo \u00e9l las juzga,que amemos lo que \u00e9l ama,que despreciemos lo que \u00e9l desprecia.En una palabra,que todos nuestros pensamientossean conformes a sus pensamientosy que seamos &hellip; <a href=\"https:\/\/menesianosoy.org\/index.php\/2023\/12\/15\/3o-martes-del-adviento-2\/\" class=\"more-link\">Continue reading<span class=\"screen-reader-text\"> \u00ab3\u00ba martes del Adviento\u00bb<\/span><\/a><\/p>\n","protected":false},"author":3,"featured_media":0,"comment_status":"closed","ping_status":"closed","sticky":false,"template":"","format":"standard","meta":{"_acf_changed":false,"footnotes":""},"categories":[3],"tags":[],"class_list":["post-7818","post","type-post","status-publish","format-standard","hentry","category-calendario"],"acf":[],"_links":{"self":[{"href":"https:\/\/menesianosoy.org\/index.php\/wp-json\/wp\/v2\/posts\/7818","targetHints":{"allow":["GET"]}}],"collection":[{"href":"https:\/\/menesianosoy.org\/index.php\/wp-json\/wp\/v2\/posts"}],"about":[{"href":"https:\/\/menesianosoy.org\/index.php\/wp-json\/wp\/v2\/types\/post"}],"author":[{"embeddable":true,"href":"https:\/\/menesianosoy.org\/index.php\/wp-json\/wp\/v2\/users\/3"}],"replies":[{"embeddable":true,"href":"https:\/\/menesianosoy.org\/index.php\/wp-json\/wp\/v2\/comments?post=7818"}],"version-history":[{"count":10,"href":"https:\/\/menesianosoy.org\/index.php\/wp-json\/wp\/v2\/posts\/7818\/revisions"}],"predecessor-version":[{"id":8002,"href":"https:\/\/menesianosoy.org\/index.php\/wp-json\/wp\/v2\/posts\/7818\/revisions\/8002"}],"wp:attachment":[{"href":"https:\/\/menesianosoy.org\/index.php\/wp-json\/wp\/v2\/media?parent=7818"}],"wp:term":[{"taxonomy":"category","embeddable":true,"href":"https:\/\/menesianosoy.org\/index.php\/wp-json\/wp\/v2\/categories?post=7818"},{"taxonomy":"post_tag","embeddable":true,"href":"https:\/\/menesianosoy.org\/index.php\/wp-json\/wp\/v2\/tags?post=7818"}],"curies":[{"name":"wp","href":"https:\/\/api.w.org\/{rel}","templated":true}]}}