{"id":8205,"date":"2023-12-22T12:10:46","date_gmt":"2023-12-22T15:10:46","guid":{"rendered":"https:\/\/menesianosoy.org\/?p=8205"},"modified":"2023-12-29T10:12:11","modified_gmt":"2023-12-29T13:12:11","slug":"sabado-de-la-octava-de-navidad","status":"publish","type":"post","link":"https:\/\/menesianosoy.org\/index.php\/2023\/12\/22\/sabado-de-la-octava-de-navidad\/","title":{"rendered":"S\u00e1bado de la octava de Navidad"},"content":{"rendered":"\n<p class=\"has-text-align-left\"><em>1\u00ba Juan 1, 12-17<br>Salmo 95, 7-10<\/em><\/p>\n\n\n\n<h4 class=\"wp-block-heading has-text-align-left has-vivid-cyan-blue-color has-text-color has-link-color wp-elements-8691886a9f932465b04a3760aefbaa1f\"><strong>Evangelio: Lucas 2, 22. 36-40<\/strong><\/h4>\n\n\n\n<p class=\"has-text-align-left\"><strong><em>En aquel tiempo, hab\u00eda una profetisa, Ana, hija de Fanuel, de la tribu de Aser. Era una mujer muy anciana; de jovencita hab\u00eda vivido siete a\u00f1os casada, y luego viuda hasta los ochenta y cuatro; no se apartaba del templo d\u00eda y noche, sirviendo a Dios con ayunos y oraciones.<br>Acerc\u00e1ndose en aquel momento, daba gracias a Dios y hablaba del ni\u00f1o a todos los que aguardaban la liberaci\u00f3n de Jerusal\u00e9n.<br>Y cuando cumplieron todo lo que prescrib\u00eda la ley del Se\u00f1or, se volvieron a Galilea, a su ciudad de Nazaret. El ni\u00f1o iba creciendo y robusteci\u00e9ndose, y se llenaba de sabidur\u00eda; y la gracia de Dios lo acompa\u00f1aba.<\/em><\/strong><\/p>\n\n\n\n<figure class=\"wp-block-image size-full\"><img loading=\"lazy\" decoding=\"async\" width=\"500\" height=\"500\" src=\"https:\/\/menesianosoy.org\/wp-content\/uploads\/2023\/12\/293.jpg\" alt=\"\" class=\"wp-image-8211\" srcset=\"https:\/\/menesianosoy.org\/wp-content\/uploads\/2023\/12\/293.jpg 500w, https:\/\/menesianosoy.org\/wp-content\/uploads\/2023\/12\/293-300x300.jpg 300w, https:\/\/menesianosoy.org\/wp-content\/uploads\/2023\/12\/293-150x150.jpg 150w\" sizes=\"auto, (max-width: 500px) 85vw, 500px\" \/><\/figure>\n\n\n\n<p class=\"has-text-align-left\">Ana era una mujer entrada en a\u00f1os. Los n\u00fameros que aparecen hay que leerlos m\u00e1s desde su significado, que como cantidad: 7 a\u00f1os casada, 77 viuda. Esos n\u00fameros nos hablan de Dios y de perfecci\u00f3n en el amor. Ana era una mujer que, a pesar de sus ojos gastados por la edad, sab\u00eda ver. Muchos ni\u00f1os habr\u00e1 conocido en su vida, pero en aqu\u00e9l supo ver al Salvador. Sus ojos corporales seguramente estaban viejos, pero los de su coraz\u00f3n ve\u00edan con claridad.<br><br>Ana nos habla de experiencia, de esa experiencia que tienen los abuelos, que saben distinguir lo esencial de lo superfluo, despu\u00e9s de tanto camino hecho. No s\u00f3lo el diablo, tambi\u00e9n nosotros sabemos cosas por \u2018viejos\u2019, m\u00e1s que por estudio. Ana era una mujer de fe, de esperanza, lo que la llev\u00f3 a esperar toda su vida el salvador. Siempre estuvo atenta, en paciente espera, confiada en la promesa de Dios. Es un modelo para nosotros tan impacientes por ver resultados. Esperar los tiempos de Dios nos cuesta mucho y nos lleva a desanimarnos, a perder la fe y a creer que todo la lo mismo, etc.<br><br>Ana es la presencia orante frente a Dios, suplicando el cumplimiento de las promesas. Es ejemplo para nosotros tan atareados y esquivos a la hora de ponernos frente al Se\u00f1or.<br><br>Danos, Se\u00f1or, la capacidad de ver lo importante y de esperar sin desanimarnos en Ti.<\/p>\n\n\n\n<h4 class=\"wp-block-heading has-text-align-left has-vivid-cyan-blue-color has-text-color has-link-color wp-elements-fc106bf8187ed34fa9151c6c240c10b4\"><br><strong>Palabras de Juan Mar\u00eda<\/strong><\/h4>\n\n\n\n<p class=\"has-text-align-left\"><img decoding=\"async\" class=\"wp-image-618\" style=\"width: 150px;\" src=\"https:\/\/menesianosoy.org\/wp-content\/uploads\/2023\/08\/j.png\" alt=\"\"><br><em>Por la fe, creemos todo lo que Dios cree, sin tener, es cierto, como \u00e9l, un conocimiento distinto; pero en fin, abrazamos, en un solo acto todas las verdades que est\u00e1n en Dios; y, cuando se digna revelarnos particularmente alguna, las recibimos con tanta sumisi\u00f3n como reconocimiento, porque no formamos m\u00e1s que un solo esp\u00edritu con \u00e9l. Por la esperanza, nos liberamos de la tiran\u00eda de los sentidos y gozamos ya de los bienes invisibles que Dios nos promete; Esta virtud celestial, nos eleva por encima de la tierra, eleva nuestros deseos hasta el cielo. Y si nuestro cuerpo se arrastra aun penosamente en medio de las sombras de este lugar de destierro, por lo menos nuestra alma no la habita; no busca, no gusta de otras delicias que las de la casa del Se\u00f1or. Por la caridad Dios se convierte en el principio y fin de nuestros pensamientos, de nuestras acciones; no tenemos otra voluntad que la suya, otro objetivo que complacerlo y recogemos toda su gloria. (A los miembros de la congregaci\u00f3n por la consagraci\u00f3n a la Sant\u00edsima Virgen)<\/em><\/p>\n\n\n\n<h4 class=\"wp-block-heading has-vivid-cyan-blue-color has-text-color has-link-color wp-elements-8dc2aced0c0ea8c39a06d154a36567a7\"><br><strong><em>Dame tus ojos \u2013 Pascua joven<\/em><\/strong><\/h4>\n\n\n\n<figure class=\"wp-block-embed is-type-video is-provider-youtube wp-block-embed-youtube wp-embed-aspect-4-3 wp-has-aspect-ratio\"><div class=\"wp-block-embed__wrapper\">\n<iframe loading=\"lazy\" title=\"Dame tus Ojos - Pascua Joven\" width=\"1140\" height=\"855\" src=\"https:\/\/www.youtube.com\/embed\/ewR1yBcwMj8?feature=oembed\" frameborder=\"0\" allow=\"accelerometer; autoplay; clipboard-write; encrypted-media; gyroscope; picture-in-picture; web-share\" allowfullscreen><\/iframe>\n<\/div><\/figure>\n\n\n\n<p class=\"has-text-align-left\">Dame tus ojos, quiero ver.<br>Dame tus palabras, quiero hablar.<br>Dame tu parecer.<br>Dame tus pies, yo quiero ir.<br>Dame tus deseos para sentir.<br>Dame tu parecer.<br>Dame lo que necesito<br>para ser como T\u00fa.<br><br>Dame tu voz, dame tu aliento,<br>toma mi tiempo es para ti<br>Dame el camino que debo seguir.<br>Dame tus sue\u00f1os, tus anhelos,<br>tus pensamientos, tu sentir.<br>Dame tu vida para vivir.<br><br>D\u00e9jame ver lo que T\u00fa ves.<br>Dame de tu gracia, tu poder.<br>Dame tu coraz\u00f3n.<br>D\u00e9jame ver en tu interior<br>para ser cambiado por tu amor.<br>Dame tu coraz\u00f3n.<br><br>Dame lo que necesito<br>para ser como T\u00fa.<br><br>Dame tus ojos, quiero ver.<br>Dame tu parecer.<\/p>\n\n\n\n<h3 class=\"wp-block-heading has-text-align-center has-luminous-vivid-amber-color has-vivid-purple-background-color has-text-color has-background has-link-color wp-elements-47af060536098dabdd7d25faf79abc19\">Oraci\u00f3n por el Cap\u00edtulo General<\/h3>\n\n\n\n<figure class=\"wp-block-image size-full\"><img decoding=\"async\" src=\"https:\/\/menesianosoy.org\/wp-content\/uploads\/2023\/12\/Logo-Jime-800-p.jpg\" alt=\"\" class=\"wp-image-8234\"\/><\/figure>\n","protected":false},"excerpt":{"rendered":"<p>1\u00ba Juan 1, 12-17Salmo 95, 7-10 Evangelio: Lucas 2, 22. 36-40 En aquel tiempo, hab\u00eda una profetisa, Ana, hija de Fanuel, de la tribu de Aser. Era una mujer muy anciana; de jovencita hab\u00eda vivido siete a\u00f1os casada, y luego viuda hasta los ochenta y cuatro; no se apartaba del templo d\u00eda y noche, sirviendo &hellip; <a href=\"https:\/\/menesianosoy.org\/index.php\/2023\/12\/22\/sabado-de-la-octava-de-navidad\/\" class=\"more-link\">Continue reading<span class=\"screen-reader-text\"> \u00abS\u00e1bado de la octava de Navidad\u00bb<\/span><\/a><\/p>\n","protected":false},"author":3,"featured_media":0,"comment_status":"closed","ping_status":"closed","sticky":false,"template":"","format":"standard","meta":{"_acf_changed":false,"footnotes":""},"categories":[9],"tags":[],"class_list":["post-8205","post","type-post","status-publish","format-standard","hentry","category-evangelio"],"acf":[],"_links":{"self":[{"href":"https:\/\/menesianosoy.org\/index.php\/wp-json\/wp\/v2\/posts\/8205","targetHints":{"allow":["GET"]}}],"collection":[{"href":"https:\/\/menesianosoy.org\/index.php\/wp-json\/wp\/v2\/posts"}],"about":[{"href":"https:\/\/menesianosoy.org\/index.php\/wp-json\/wp\/v2\/types\/post"}],"author":[{"embeddable":true,"href":"https:\/\/menesianosoy.org\/index.php\/wp-json\/wp\/v2\/users\/3"}],"replies":[{"embeddable":true,"href":"https:\/\/menesianosoy.org\/index.php\/wp-json\/wp\/v2\/comments?post=8205"}],"version-history":[{"count":10,"href":"https:\/\/menesianosoy.org\/index.php\/wp-json\/wp\/v2\/posts\/8205\/revisions"}],"predecessor-version":[{"id":8237,"href":"https:\/\/menesianosoy.org\/index.php\/wp-json\/wp\/v2\/posts\/8205\/revisions\/8237"}],"wp:attachment":[{"href":"https:\/\/menesianosoy.org\/index.php\/wp-json\/wp\/v2\/media?parent=8205"}],"wp:term":[{"taxonomy":"category","embeddable":true,"href":"https:\/\/menesianosoy.org\/index.php\/wp-json\/wp\/v2\/categories?post=8205"},{"taxonomy":"post_tag","embeddable":true,"href":"https:\/\/menesianosoy.org\/index.php\/wp-json\/wp\/v2\/tags?post=8205"}],"curies":[{"name":"wp","href":"https:\/\/api.w.org\/{rel}","templated":true}]}}